{"id":32986,"date":"2025-06-23T21:34:39","date_gmt":"2025-06-24T01:34:39","guid":{"rendered":"https:\/\/noticiasveraces.com\/?p=32986"},"modified":"2025-06-23T21:34:39","modified_gmt":"2025-06-24T01:34:39","slug":"las-reacciones-en-alemania-al-ataque-de-ee-uu-contra-iran-dw-23-06-2025","status":"publish","type":"post","link":"https:\/\/noticiasveraces.com\/?p=32986","title":{"rendered":"Las reacciones en Alemania al ataque de EE.UU. contra Ir\u00e1n \u2013 DW \u2013 23\/06\/2025"},"content":{"rendered":"<p> \n<\/p>\n<div>\n<p>M\u00e1s de 35 horas despu\u00e9s de que Estados Unidos bombardease las instalaciones nucleares iran\u00edes, el canciller de Alemania, Friedrich Merz, del partido democristiano CDU, se pronunci\u00f3 por primera vez sobre el tema ante las c\u00e1maras.<\/p>\n<p>El canciller estuvo el lunes (23.6.2025) en un acto de la Federaci\u00f3n de la Industria Alemana en Berl\u00edn, cuyo lema era \u00abNuevos tiempos, nuevas respuestas\u00bb.<\/p>\n<p>All\u00ed, Merz formul\u00f3 una frase que, hasta hace poco, ning\u00fan canciller federal habr\u00eda dicho: \u00abNo hay ninguna raz\u00f3n para que nosotros, ni yo personalmente, critiquemos lo que Israel comenz\u00f3 hace una semana. Tampoco hay ninguna raz\u00f3n para criticar lo que Estados Unidos hizo el fin de semana pasado. No est\u00e1 exento de riesgo, pero dejar las cosas como estaban tampoco era una opci\u00f3n\u00bb.<\/p>\n<h2>Friedrich Merz y el \u00abtrabajo sucio\u00bb<\/h2>\n<p>En otras palabras: no solo Israel, sino ahora tambi\u00e9n Estados Unidos, hacen el \u00abtrabajo sucio\u00bb en la lucha contra Ir\u00e1n. Fue precisamente esta expresi\u00f3n la que Merz utiliz\u00f3\u00a0la semana pasada en la cumbre del G7 en Canad\u00e1 para elogiar los ataques de Israel contra Ir\u00e1n.<\/p>\n<p>El domingo (22.6.2025), el Gobierno alem\u00e1n dedic\u00f3 la mayor parte del tiempo a hacerse una idea de la nueva situaci\u00f3n. Merz habl\u00f3 por tel\u00e9fono con el presidente franc\u00e9s, Emmanuel Macron, y con el primer ministro brit\u00e1nico, Keir Starmer.<\/p>\n<p>A continuaci\u00f3n, los tres publicaron una declaraci\u00f3n: \u00abNuestro objetivo sigue siendo impedir que Ir\u00e1n obtenga un arma nuclear\u00bb. El texto no inclu\u00eda cr\u00edticas al ataque estadounidense. \u00abInstamos a Ir\u00e1n a que no tome m\u00e1s medidas que puedan desestabilizar la regi\u00f3n\u00bb, continuaba el comunicado.<\/p>\n<h2>De nuevo, Alemania no fue informada con antelaci\u00f3n<\/h2>\n<p>Tras conocer el ataque de EE.UU. contra Ir\u00e1n, Merz convoc\u00f3 al gabinete de seguridad, en el que est\u00e1n representados los ministros m\u00e1s importantes del Gobierno. R\u00e1pidamente, qued\u00f3 claro que Estados Unidos no inform\u00f3 previamente a Alemania de los ataques que ten\u00eda previstos.<\/p>\n<p>Se repite as\u00ed la situaci\u00f3n de hace m\u00e1s de una semana, cuando los israel\u00edes atacaron las instalaciones nucleares iran\u00edes. Al ministro alem\u00e1n de Exteriores, Johann Wadephul , lo despert\u00f3 en plena noche su hom\u00f3logo israel\u00ed, Gideon Saar, despu\u00e9s de que los ataques hubieran comenzado. Wadephul inform\u00f3 entonces a Friedrich Merz, quien, a su vez, habl\u00f3 con el primer ministro israel\u00ed, Benjamin Netanyahu.<\/p>\n<p>El pasado viernes (20.6.2025), Wadephul se reuni\u00f3 sin \u00e9xito en Ginebra con sus hom\u00f3logos de Francia y Gran Breta\u00f1a, as\u00ed como con el ministro de Exteriores iran\u00ed, Abbas Araghchi, con el objetivo de intentar alcanzar una soluci\u00f3n negociada. En la noche del s\u00e1bado al domingo, EE. UU. entr\u00f3 en la guerra.<\/p>\n<p><span data-slot-id=\"Article_InContent-1\" class=\"rich-text-ad\"\/><\/p>\n<h2>Explicaciones de Pistorius y Wadephul<\/h2>\n<p>Tras el ataque estadounidense, los ministros alemanes se esforzaron por explicar a los ciudadanos en varias entrevistas televisivas cu\u00e1l es la postura del pa\u00eds sobre este tema y qu\u00e9 puede hacer el Gobierno.<\/p>\n<p>El ministro de Defensa, Boris Pistorius, del partido socialdem\u00f3crata SPD, comenz\u00f3 diciendo en la cadena ARD: \u00abNunca es bueno que una confrontaci\u00f3n se intensifique y contin\u00fae por la v\u00eda militar. En principio, eso no puede ser una buena noticia, porque demuestra y prueba que el orden de paz mundial est\u00e1 bajo presi\u00f3n\u00bb.<\/p>\n<p>Pero, seg\u00fan Pistorius, si de verdad Ir\u00e1n ha avanzado tanto en su programa nuclear como para representar una amenaza grave, \u00abla destrucci\u00f3n de las instalaciones para la fabricaci\u00f3n de armas nucleares no es una mala noticia para la estabilidad y la seguridad de la regi\u00f3n y de Israel\u00bb.<\/p>\n<p>Wadephul se expres\u00f3 en t\u00e9rminos similares en varias entrevistas. Ir\u00e1n ha cruzado una \u00abl\u00ednea roja\u00bb y ahora debe estar dispuesto a volver a las negociaciones, pero, evidentemente, m\u00e1s con Estados Unidos que con los europeos.<\/p>\n<h2>Reuni\u00f3n de grupos parlamentarios en la canciller\u00eda<\/h2>\n<p>El lunes (23.6.2025) por la ma\u00f1ana, el jefe de la canciller\u00eda alemana, Thorsten Frei, invit\u00f3 a todos los presidentes de los grupos parlamentarios del Bundestag para informarles sobre la nueva situaci\u00f3n. <\/p>\n<p>Previamente, Frei respondi\u00f3 a la pregunta de si el ataque estadounidense estaba amparado por el derecho internacional: \u00abEn mi opini\u00f3n, a\u00fan no disponemos de toda la informaci\u00f3n necesaria como para poder realizar una valoraci\u00f3n definitiva desde el punto de vista del derecho internacional\u00bb.<\/p>\n<h2>La cuesti\u00f3n del derecho internacional<\/h2>\n<p>Precisamente, la cuesti\u00f3n del derecho internacional ha estado ocupando a otros pol\u00edticos alemanes. La experta en defensa de Los Verdes, Agnieszka Brugger, escribi\u00f3 en la plataforma X: \u00abConsidero ingenua y peligrosa la ciega lealtad a Donald Trump que ahora expresan los principales diputados de la Uni\u00f3n. Tambi\u00e9n supone un alejamiento total del derecho internacional. Esto podr\u00eda toparse r\u00e1pidamente con\u00a0la\u00a0cruda realidad\u00bb.<\/p>\n<p>Tambi\u00e9n representantes del partido socialdem\u00f3crata SPD, que forma parte de la coalici\u00f3n de Gobierno, expresaron sus preocupaciones. La diputada del SPD en el Bundestag Isabel Cademartori escribi\u00f3 en X: \u00abUn mundo en el que los pa\u00edses que no poseen armas nucleares pueden ser atacados en cualquier momento por aquellos que s\u00ed las poseen, sin estar en absoluto legitimados por el derecho internacional, simplemente porque pueden hacerlo, no es un mundo seguro. Para nadie\u00bb.<\/p>\n<p>(MS\/EL)<\/p>\n<\/p>\n<\/p>\n<\/div>\n\n","protected":false},"excerpt":{"rendered":"<p>M\u00e1s de 35 horas despu\u00e9s de que Estados Unidos bombardease las instalaciones nucleares iran\u00edes, el canciller de Alemania, Friedrich Merz, del partido democristiano CDU, se pronunci\u00f3 por primera vez sobre el tema ante las c\u00e1maras. El canciller estuvo el lunes (23.6.2025) en un acto de la Federaci\u00f3n de la Industria Alemana en Berl\u00edn, cuyo lema &hellip;<\/p>\n","protected":false},"author":1,"featured_media":32987,"comment_status":"open","ping_status":"open","sticky":false,"template":"","format":"standard","meta":{"fifu_image_url":"https:\/\/static.dw.com\/image\/72964971_6.jpg","fifu_image_alt":"","footnotes":""},"categories":[13],"tags":[],"class_list":["post-32986","post","type-post","status-publish","format-standard","has-post-thumbnail","","category-mundo"],"_links":{"self":[{"href":"https:\/\/noticiasveraces.com\/index.php?rest_route=\/wp\/v2\/posts\/32986","targetHints":{"allow":["GET"]}}],"collection":[{"href":"https:\/\/noticiasveraces.com\/index.php?rest_route=\/wp\/v2\/posts"}],"about":[{"href":"https:\/\/noticiasveraces.com\/index.php?rest_route=\/wp\/v2\/types\/post"}],"author":[{"embeddable":true,"href":"https:\/\/noticiasveraces.com\/index.php?rest_route=\/wp\/v2\/users\/1"}],"replies":[{"embeddable":true,"href":"https:\/\/noticiasveraces.com\/index.php?rest_route=%2Fwp%2Fv2%2Fcomments&post=32986"}],"version-history":[{"count":0,"href":"https:\/\/noticiasveraces.com\/index.php?rest_route=\/wp\/v2\/posts\/32986\/revisions"}],"wp:featuredmedia":[{"embeddable":true,"href":"https:\/\/noticiasveraces.com\/index.php?rest_route=\/wp\/v2\/media\/32987"}],"wp:attachment":[{"href":"https:\/\/noticiasveraces.com\/index.php?rest_route=%2Fwp%2Fv2%2Fmedia&parent=32986"}],"wp:term":[{"taxonomy":"category","embeddable":true,"href":"https:\/\/noticiasveraces.com\/index.php?rest_route=%2Fwp%2Fv2%2Fcategories&post=32986"},{"taxonomy":"post_tag","embeddable":true,"href":"https:\/\/noticiasveraces.com\/index.php?rest_route=%2Fwp%2Fv2%2Ftags&post=32986"}],"curies":[{"name":"wp","href":"https:\/\/api.w.org\/{rel}","templated":true}]}}