{"id":32955,"date":"2025-06-23T18:58:13","date_gmt":"2025-06-23T22:58:13","guid":{"rendered":"https:\/\/noticiasveraces.com\/?p=32955"},"modified":"2025-06-23T18:58:13","modified_gmt":"2025-06-23T22:58:13","slug":"la-portavoz-del-grupo-socialista-andaluz-presenta-una-denuncia-a-la-fiscalia-por-delito-de-odio-en-las-redes-sociedad","status":"publish","type":"post","link":"https:\/\/noticiasveraces.com\/?p=32955","title":{"rendered":"La portavoz del grupo socialista andaluz presenta una denuncia a la Fiscal\u00eda por delito de odio en las redes | Sociedad"},"content":{"rendered":"<p> \n<br \/><img decoding=\"async\" src=\"https:\/\/imagenes.elpais.com\/resizer\/v2\/IJDRD37W7NEYPGFEG33Y7MFG6Q.jpg?auth=f98efb1f540b21c04afccabddc04bf560f6735b73e58cbafb935fee3023bd007\" \/><\/p>\n<div data-dtm-region=\"articulo_cuerpo\">\n<p class=\"\">\u201cQu\u00e9 bien mueve la mano\u201d, \u201cfijaos en el gesto de la mano cuando habla y sabr\u00e9is c\u00f3mo lleg\u00f3 ah\u00ed\u201d, \u201cya la boca y la mand\u00edbula hasta d\u00f3nde la abres???? Y la lengua\u201d, \u201c&#8230; Otra con las rodillas peladas\u201d, \u201cpues le han callado bien con una buena p@lla en la boca\u201d, \u201cas\u00ed haces las pajas???\u201d, \u201c\u00bfest\u00e1 haciendo una pajilla?\u201d, \u201cparece que sabe tocar la zambomba\u201d, \u201cy esta frutita tan fresca de donde sali\u00f3 ahora\u201d, \u201cpod\u00e9is mostrar esas im\u00e1genes???? Es que las PUTAS de S\u00e1nchez no ten\u00e9is credibilidad\u201d, \u201c\u00a1Oj\u00fa! Es conocida como \u2018Paja-Expres\u2019\u201d. Estos mensajes publicados tanto en su perfil personal como en las cuentas oficiales del PSOE de Andaluc\u00eda han llevado a la portavoz del grupo socialista del Parlamento regional, Mar\u00eda M\u00e1rquez, a presentar este lunes una denuncia ante la Fiscal\u00eda Provincial de Sevilla \u201cpor delitos motivados por el odio y la discriminaci\u00f3n por raz\u00f3n de g\u00e9nero\u201d.<\/p>\n<p class=\"\">M\u00e1rquez asegura que en los \u00faltimos meses, pero especialmente desde el debate sobre pol\u00edtica general celebrado en el Parlamento el pasado 12 de junio, ha sido objeto de una \u201ccampa\u00f1a masiva, p\u00fablica y coordinada de acoso sexista en redes sociales\u201d, desarrollas en Facebook, Instagram y X (antiguo Twitter). <\/p>\n<p class=\"\">La portavoz parlamentaria y tambi\u00e9n vicesecretaria general del PSOE andaluz acompa\u00f1a la denuncia con un recopilatorio de los mensajes as\u00ed como los nombres de las cuentas, la mayor\u00eda de ellos no identificables. \u201cSu contenido y finalidad constituyen una forma clara y directa de violencia simb\u00f3lica y digital de g\u00e9nero, que se manifiesta a trav\u00e9s de ataques personales cuya motivaci\u00f3n es exclusivamente el hecho de ser mujer y ejercer una posici\u00f3n de liderazgo p\u00fablico\u201d, sostiene en su denuncia.<\/p>\n<p class=\"\">M\u00e1rquez advierte del \u201cefecto multiplicador\u201d de estos insultos que afectan, afirma, no solo a ella, sino que \u201cenv\u00eda un mensaje de advertencia a todas las mujeres que se atreven a ocupar espacios de visibilidad pol\u00edtica: el coste ser\u00e1 la violencia\u201d. Y a\u00f1ade: \u201cNo soy la \u00fanica mujer que lo sufre. Pero me niego a callar\u201d.<\/p>\n<p class=\"\">En la denuncia, la dirigente socialista cita varios art\u00edculos del C\u00f3digo Penal para solicitar la actuaci\u00f3n de la Fiscal\u00eda: incitaci\u00f3n al odio y la discriminaci\u00f3n por raz\u00f3n de sexo; atentando contra la integridad moral; e injurias graves proferidas con publicidad. Tambi\u00e9n cree que debe aplicarse el agravante de g\u00e9nero dado que el ataque responde, en su opini\u00f3n, a su condici\u00f3n de mujer con liderazgo pol\u00edtico.<\/p>\n<p class=\"\">Adem\u00e1s de reclamar a la Fiscal\u00eda la apertura de una investigaci\u00f3n penal solicita que \u201cse requiera a la plataforma X, Instagram y Facebook, a trav\u00e9s de los mecanismos de cooperaci\u00f3n judicial y policial para la identificaci\u00f3n de los titulares de los perfiles desde los que se emitieron los mensajes\u201d que recoge en la denuncia y que aparecen al inicio de este texto. <\/p>\n<p class=\"\">M\u00e1rquez a\u00f1ade una tercera petici\u00f3n a la Fiscal\u00eda para que inste a las citadas plataformas a \u201cretirar de forma inmediata los contenidos vejatorios y de car\u00e1cter sexista\u201d por \u201cconstituir contenidos manifiestamente il\u00edcitos que vulneran derechos fundamentales, por tratarse de contenidos manifiestamente il\u00edcitos que constituyen discurso de odio, acoso por raz\u00f3n de g\u00e9nero y ataques contra la dignidad de una mujer con responsabilidad institucional\u201d.<\/p>\n<\/div>\n\n","protected":false},"excerpt":{"rendered":"<p>\u201cQu\u00e9 bien mueve la mano\u201d, \u201cfijaos en el gesto de la mano cuando habla y sabr\u00e9is c\u00f3mo lleg\u00f3 ah\u00ed\u201d, \u201cya la boca y la mand\u00edbula hasta d\u00f3nde la abres???? Y la lengua\u201d, \u201c&#8230; Otra con las rodillas peladas\u201d, \u201cpues le han callado bien con una buena p@lla en la boca\u201d, \u201cas\u00ed haces las pajas???\u201d, \u201c\u00bfest\u00e1 &hellip;<\/p>\n","protected":false},"author":1,"featured_media":32957,"comment_status":"open","ping_status":"open","sticky":false,"template":"","format":"standard","meta":{"fifu_image_url":"https:\/\/imagenes.elpais.com\/resizer\/v2\/IJDRD37W7NEYPGFEG33Y7MFG6Q.jpg?auth=f98efb1f540b21c04afccabddc04bf560f6735b73e58cbafb935fee3023bd007&width=1200","fifu_image_alt":"","footnotes":""},"categories":[11],"tags":[],"class_list":["post-32955","post","type-post","status-publish","format-standard","has-post-thumbnail","","category-viaje"],"_links":{"self":[{"href":"https:\/\/noticiasveraces.com\/index.php?rest_route=\/wp\/v2\/posts\/32955","targetHints":{"allow":["GET"]}}],"collection":[{"href":"https:\/\/noticiasveraces.com\/index.php?rest_route=\/wp\/v2\/posts"}],"about":[{"href":"https:\/\/noticiasveraces.com\/index.php?rest_route=\/wp\/v2\/types\/post"}],"author":[{"embeddable":true,"href":"https:\/\/noticiasveraces.com\/index.php?rest_route=\/wp\/v2\/users\/1"}],"replies":[{"embeddable":true,"href":"https:\/\/noticiasveraces.com\/index.php?rest_route=%2Fwp%2Fv2%2Fcomments&post=32955"}],"version-history":[{"count":0,"href":"https:\/\/noticiasveraces.com\/index.php?rest_route=\/wp\/v2\/posts\/32955\/revisions"}],"wp:featuredmedia":[{"embeddable":true,"href":"https:\/\/noticiasveraces.com\/index.php?rest_route=\/wp\/v2\/media\/32957"}],"wp:attachment":[{"href":"https:\/\/noticiasveraces.com\/index.php?rest_route=%2Fwp%2Fv2%2Fmedia&parent=32955"}],"wp:term":[{"taxonomy":"category","embeddable":true,"href":"https:\/\/noticiasveraces.com\/index.php?rest_route=%2Fwp%2Fv2%2Fcategories&post=32955"},{"taxonomy":"post_tag","embeddable":true,"href":"https:\/\/noticiasveraces.com\/index.php?rest_route=%2Fwp%2Fv2%2Ftags&post=32955"}],"curies":[{"name":"wp","href":"https:\/\/api.w.org\/{rel}","templated":true}]}}