{"id":32899,"date":"2025-06-23T09:41:26","date_gmt":"2025-06-23T13:41:26","guid":{"rendered":"https:\/\/noticiasveraces.com\/?p=32899"},"modified":"2025-06-23T09:41:26","modified_gmt":"2025-06-23T13:41:26","slug":"el-barca-le-considera-una-ganga-con-un-gran-futuro","status":"publish","type":"post","link":"https:\/\/noticiasveraces.com\/?p=32899","title":{"rendered":"el Bar\u00e7a le considera una &#8216;ganga&#8217; con un gran futuro"},"content":{"rendered":"<p> \n<\/p>\n<div>\n<p data-mrf-recirculation=\"Links P\u00e1rrafos\" class=\"ue-c-article__ ue-c-article--first-letter-highlighted\">Oficializada la incorporaci\u00f3n de <strong>Joan Garc\u00eda<\/strong> y dejado visto para sentencia el fichaje de <strong>Nico Williams<\/strong> a falta de que la Directiva del <strong>Barcelona<\/strong> re\u00fana los 62 millones (58 m\u00e1s el IPC) de la cl\u00e1usula de rescisi\u00f3n del jugador del <strong>Atl\u00e9tico,<\/strong> los ejecutivos deportivos ultiman la concreci\u00f3n de otra alta para la temporada 25-26. Mucho m\u00e1s asequible. Se trata de <strong>Rooney Bardghji,<\/strong> extremo derecho sueco, nacido en <strong>Kuwait, del FC Copenhagen.<\/strong><\/p>\n<p data-mrf-recirculation=\"Links P\u00e1rrafos\" class=\"ue-c-article__\">El futbolista, de 19 a\u00f1os, acaba su v\u00ednculo con el equipo dan\u00e9s el pr\u00f3ximo mes de diciembre, por lo que su precio es muy accesible, ya que\u00a0 dej\u00f3 hace tiempo claro, adem\u00e1s, que quer\u00eda cambiar de aires y que no renovar\u00eda su contrato. El <strong>FC Copenhague <\/strong>es consciente de que o lo traspasa ahora, este mercado estival, o no ingresar\u00e1 nada por un futbolista que se incorpor\u00f3 a su f\u00fatbol base en verano de 2020, procedente del <strong>Malm\u00f6,<\/strong> y que dio el salto al primer equipo, con el que suma 84 partidos, en los que ha marcado 15 goles y dado una asistencia, un a\u00f1o y medio despu\u00e9s. <\/p>\n<figure class=\"ue-c-article__media ue-c-article__media--video  video-player\"><figcaption class=\"ue-c-article__media-caption\" itemprop=\"description\">\n<p><span class=\"ue-c-article__media-description\">El director deportivo del Barcelona analiza la actualidad del club y la posibilidad de que el extremo del Athletic fiche por el conjunto azulgrana<\/span><\/p>\n<\/figcaption><\/figure>\n<h2 class=\"ue-c-article__subheadline\">Mallorca, Oporto&#8230;<\/h2>\n<p data-mrf-recirculation=\"Links P\u00e1rrafos\" class=\"ue-c-article__\">La incorporaci\u00f3n de <strong>Brodghji <\/strong>es considerada en los despachos del <strong>Barcelona, \u200b\u200bdeco <\/strong>est\u00e1 negociando su llegada y la de <strong>Nico,<\/strong> como una gran operaci\u00f3n del mercado, por su precio (la operaci\u00f3n est\u00e1 a punto de cerrarse en alrededor de tres millones de euros y tiene una tasaci\u00f3n aproximada de 7,5), y <strong>por la gran proyecci\u00f3n del extremo derecho<\/strong>que hace dos cursos que est\u00e1 en la agenda azulgrana. Tiene s\u00f3lo 19 a\u00f1os y hace varias temporadas que le siguen grandes equipos de <strong>Europa. El Mallorca y el Oporto tambi\u00e9n le han tanteado en las \u00faltimas semanas,<\/strong> pero el jugador ambiciona, desde peque\u00f1o, jugar en el <strong>Bar\u00e7a,<\/strong> club del que es seguidor, y de ah\u00ed que las conversaciones con \u00e9l tambi\u00e9n hayan sido tan \u00e1giles. <\/p>\n<h2 class=\"ue-c-article__subheadline\">Grave lesi\u00f3n<\/h2>\n<p data-mrf-recirculation=\"Links P\u00e1rrafos\" class=\"ue-c-article__\">El internacional sueco sub 21, no obstante, apenas ha participado esta temporada 24-25 ya que arranc\u00f3 el curso con una rotura del ligamento cruzado que se produjo a finales de la campa\u00f1a anterior durante un entrenamiento. Volvi\u00f3 a los terrenos de juego en marzo, intervino en seis encuentros, y en el tramo final del curso tampoco jug\u00f3 a causa de otra dolencia. <\/p>\n<p data-mrf-recirculation=\"Links P\u00e1rrafos\" class=\"ue-c-article__\">El <strong>Barcelona<\/strong> tiene muy avanzada su incorporaci\u00f3n y estar\u00e1 bajo las \u00f3rdenes de <strong>Hansi Flick<\/strong> durante la pretemporada. Est\u00e1 por decidir, de todas formas, si se queda en la plantilla o si es cedido a otra entidad. Depender\u00e1 de la composici\u00f3n final del vestuario azulgrana. <\/p>\n<\/div>\n\n","protected":false},"excerpt":{"rendered":"<p>Oficializada la incorporaci\u00f3n de Joan Garc\u00eda y dejado visto para sentencia el fichaje de Nico Williams a falta de que la Directiva del Barcelona re\u00fana los 62 millones (58 m\u00e1s el IPC) de la cl\u00e1usula de rescisi\u00f3n del jugador del Atl\u00e9tico, los ejecutivos deportivos ultiman la concreci\u00f3n de otra alta para la temporada 25-26. Mucho &hellip;<\/p>\n","protected":false},"author":1,"featured_media":32900,"comment_status":"open","ping_status":"open","sticky":false,"template":"","format":"standard","meta":{"fifu_image_url":"https:\/\/e00-xlk-ue-marca.uecdn.es\/files\/phantom_desktop_1200w\/uploads\/2025\/06\/23\/68592fb77b27f.jpeg","fifu_image_alt":"","footnotes":""},"categories":[6],"tags":[],"class_list":["post-32899","post","type-post","status-publish","format-standard","has-post-thumbnail","","category-deportes"],"_links":{"self":[{"href":"https:\/\/noticiasveraces.com\/index.php?rest_route=\/wp\/v2\/posts\/32899","targetHints":{"allow":["GET"]}}],"collection":[{"href":"https:\/\/noticiasveraces.com\/index.php?rest_route=\/wp\/v2\/posts"}],"about":[{"href":"https:\/\/noticiasveraces.com\/index.php?rest_route=\/wp\/v2\/types\/post"}],"author":[{"embeddable":true,"href":"https:\/\/noticiasveraces.com\/index.php?rest_route=\/wp\/v2\/users\/1"}],"replies":[{"embeddable":true,"href":"https:\/\/noticiasveraces.com\/index.php?rest_route=%2Fwp%2Fv2%2Fcomments&post=32899"}],"version-history":[{"count":0,"href":"https:\/\/noticiasveraces.com\/index.php?rest_route=\/wp\/v2\/posts\/32899\/revisions"}],"wp:featuredmedia":[{"embeddable":true,"href":"https:\/\/noticiasveraces.com\/index.php?rest_route=\/wp\/v2\/media\/32900"}],"wp:attachment":[{"href":"https:\/\/noticiasveraces.com\/index.php?rest_route=%2Fwp%2Fv2%2Fmedia&parent=32899"}],"wp:term":[{"taxonomy":"category","embeddable":true,"href":"https:\/\/noticiasveraces.com\/index.php?rest_route=%2Fwp%2Fv2%2Fcategories&post=32899"},{"taxonomy":"post_tag","embeddable":true,"href":"https:\/\/noticiasveraces.com\/index.php?rest_route=%2Fwp%2Fv2%2Ftags&post=32899"}],"curies":[{"name":"wp","href":"https:\/\/api.w.org\/{rel}","templated":true}]}}