{"id":32891,"date":"2025-06-23T08:05:27","date_gmt":"2025-06-23T12:05:27","guid":{"rendered":"https:\/\/noticiasveraces.com\/?p=32891"},"modified":"2025-06-23T08:05:27","modified_gmt":"2025-06-23T12:05:27","slug":"alemania-reacciona-y-evacua-a-ciudadanos-desde-medio-oriente-dw-22-06-2025","status":"publish","type":"post","link":"https:\/\/noticiasveraces.com\/?p=32891","title":{"rendered":"Alemania reacciona y evacua a ciudadanos desde Medio Oriente \u2013 DW \u2013 22\/06\/2025"},"content":{"rendered":"<p> \n<\/p>\n<div>\n<p>Tras el ataque estadounidense contra las instalaciones nucleares iran\u00edes la madrugada de este domingo (22.06.2025), el gabinete de seguridad del gobierno de Alemania se reuni\u00f3 para debatir el nuevo escenario. Stefan Kornelius, portavoz del canciller Friedrich Merz (CDU), declar\u00f3 a los medios que el gobierno \u00abasume que gran parte del programa iran\u00ed se vio afectado por los ataques a\u00e9reos\u00bb, aunque un an\u00e1lisis m\u00e1s detallado tendr\u00e1 lugar m\u00e1s adelante. Merz continuar\u00e1 coordin\u00e1ndose con sus ministros y socios extranjeros m\u00e1s relevantes durante la jornada, a\u00f1adi\u00f3 el vocero. Merz llam\u00f3 a Ir\u00e1n a negociar una soluci\u00f3n pac\u00edfica.<\/p>\n<h2>Reacciones diversas en los partidos<\/h2>\n<p>Las primeras reacciones de los pol\u00edticos de los partidos gobernantes, la Uni\u00f3n Cristianodem\u00f3crata (CDU), la Uni\u00f3n Cristianosocial (CSU) y el Partido Socialdem\u00f3crata (SPD)fueron diversas. J\u00fcrgen Hardt, vicel\u00edder del grupo parlamentario de la conservadora CDU, dijo al diario <em>Espejo diario<\/em> que \u00abtras la negativa iran\u00ed de aceptar la oferta de negociaci\u00f3n de los europeos, era previsible la consecuencia de un ataque estadounidense\u00bb. Con ese bombardeo el programa nuclear iran\u00ed se ver\u00e1 retrasado varios a\u00f1os, para beneficio de Israel y de todo el mundo libre, incluida Alemania, asegur\u00f3 Hardt. Los ministros de Exteriores de Alemania, Francia y Reino Unido hab\u00edan intentado un acercamiento con Ir\u00e1n, pero no tuvieron \u00e9xito.<\/p>\n<p>Rolf M\u00fctzenich, experto en pol\u00edtica exterior del SPD, declar\u00f3 tambi\u00e9n a <em>Espejo diario <\/em>que con lo ocurrido \u00abel intento de fortalecer el orden internacional por medio de la cooperaci\u00f3n y los tratados sufrir\u00e1 un retroceso de d\u00e9cadas\u00bb.<\/p>\n<h2>M\u00e1s alemanes abandonan la regi\u00f3n desde Jordania<\/h2>\n<p>Mientras, el gobierno alem\u00e1n evacu\u00f3 a ciudadanos alemanes el s\u00e1bado 21 de junio a trav\u00e9s de vuelos ch\u00e1rter que despegaron desde Jordania. Esto se debe a que el espacio a\u00e9reo de Israel est\u00e1 cerrado desde el inicio de los enfrentamientos con Ir\u00e1n\u00a0hace una semana. Seg\u00fan el Ministerio de Exteriores, 123 alemanes pudieron salir en los \u00faltimos vuelos. Estas personas debieron organizar por s\u00ed mismas el arduo y peligroso viaje a Jordania por tierra. En los d\u00edas precedentes, un\u00a0total de 345 personas ya hab\u00edan salido de la regi\u00f3n y aterrizado en Frankfurt.<\/p>\n<p>Tambi\u00e9n ha habido vuelos de la Fuerza A\u00e9rea alemana desde Israel. Seg\u00fan fuentes del gobierno alem\u00e1n, obtener el permiso de parte de Israel para el aterrizaje y posterior despegue de dos aviones requiri\u00f3 dif\u00edciles negociaciones. El comunicado oficial de las fuerzas armadas alemanas sostiene que \u00ablos vuelos se realizaron con poca antelaci\u00f3n, en estrecha coordinaci\u00f3n con las autoridades israel\u00edes y estuvieron dirigidos principalmente a familias con ni\u00f1os y otras personas vulnerables\u00bb. Los dos aviones, con un total de 64 personas a bordo, aterrizaron en el aeropuerto de Colonia\/Bonn la noche del s\u00e1bado 21 de junio. El ministro de Defensa alem\u00e1n, Boris Pistorius (SPD), agradeci\u00f3 posteriormente a los soldados que participaron en la operaci\u00f3n.<\/p>\n<p><span data-slot-id=\"Article_InContent-1\" class=\"rich-text-ad\"\/><\/p>\n<h2>5.300 alemanes en Ir\u00e1n e Israel<\/h2>\n<p>Las personas evacuadas se hab\u00edan registrado previamente en la lista Elefand. El nombre es la abreviatura en alem\u00e1n de \u00abRegistro Electr\u00f3nico de Alemanes en el Extranjero\u00bb\u00a0y permite a los funcionarios de la embajada en Israel saber exactamente d\u00f3nde se encuentran los alemanes que viven en ese pa\u00eds. Sin embargo, seg\u00fan fuentes gubernamentales, no todos decidieron o desean abandonar Israel. Para muchos, la lista sirve como medida de seguridad y medio de contacto. Alrededor de 4.300 personas en Israel se inscribieron en esa lista\u00a0y otras 1.000 en Ir\u00e1n.<\/p>\n<figure class=\"placeholder-image master_landscape big\"><img data-format=\"MASTER_LANDSCAPE\" data-id=\"72990957\" data-url=\"https:\/\/static.dw.com\/image\/72990957_${formatId}.jpg\" data-aspect-ratio=\"16\/9\" alt=\"El avi\u00f3n que transport\u00f3 a un grupo de alemanes desde Israel aterriza en el aeropuerto de Colonia\/Bonn.\" style=\"padding-bottom: 56.25%; height: 0; max-height: 0;\"\/><figcaption class=\"img-caption\">El avi\u00f3n que transport\u00f3 a un grupo de alemanes desde Israel aterriza en el aeropuerto de Colonia\/Bonn.<small class=\"copyright\">Imagen: Thomas Banneyer\/DPA\/Picture Alliance<\/small><\/figcaption><\/figure>\n<p>Incluso antes de que comenzaran los ataques estadounidenses contra las instalaciones nucleares iran\u00edes, Berl\u00edn hab\u00eda retirado a su personal de la embajada en Teher\u00e1n. Los funcionarios fueron reubicados en el extranjero, tal como hicieron otros socios internacionales. El viernes 20 de junio, por ejemplo, Reino Unido y Suiza hab\u00edan decidido cerrar sus misiones diplom\u00e1ticas en Ir\u00e1n.<\/p>\n<p>A diferencia de Israel, Alemania no ofreci\u00f3 vuelos de regreso a casa a sus compatriotas residentes en Ir\u00e1n. La raz\u00f3n esgrimida fue que los cruces fronterizos con Turqu\u00eda y Armenia estaban abiertos, aun cuando viajar por el pa\u00eds es dif\u00edcil y peligroso. Esto es todav\u00eda m\u00e1s cierto ahora, tras las intervenci\u00f3n estadounidense. El gobierno alem\u00e1n hab\u00eda rechazado previamente la organizaci\u00f3n de caravanas, por ejemplo de autobuses, para sacar a alemanes tanto de Israel como de Ir\u00e1n. \u00abEsto supondr\u00eda viajes m\u00e1s largos y\u00a0a veces\u00a0tiempos de espera, por lo que\u00a0teniendo en cuenta los ataques en curso, crear\u00eda un riesgo significativo para los viajes\u00bb, declar\u00f3 el ejecutivo.<\/p>\n<p>(bebidas)<\/p>\n<\/p>\n<\/div>\n\n","protected":false},"excerpt":{"rendered":"<p>Tras el ataque estadounidense contra las instalaciones nucleares iran\u00edes la madrugada de este domingo (22.06.2025), el gabinete de seguridad del gobierno de Alemania se reuni\u00f3 para debatir el nuevo escenario. Stefan Kornelius, portavoz del canciller Friedrich Merz (CDU), declar\u00f3 a los medios que el gobierno \u00abasume que gran parte del programa iran\u00ed se vio afectado &hellip;<\/p>\n","protected":false},"author":1,"featured_media":32892,"comment_status":"open","ping_status":"open","sticky":false,"template":"","format":"standard","meta":{"fifu_image_url":"https:\/\/static.dw.com\/image\/72917720_6.jpg","fifu_image_alt":"","footnotes":""},"categories":[13],"tags":[],"class_list":["post-32891","post","type-post","status-publish","format-standard","has-post-thumbnail","","category-mundo"],"_links":{"self":[{"href":"https:\/\/noticiasveraces.com\/index.php?rest_route=\/wp\/v2\/posts\/32891","targetHints":{"allow":["GET"]}}],"collection":[{"href":"https:\/\/noticiasveraces.com\/index.php?rest_route=\/wp\/v2\/posts"}],"about":[{"href":"https:\/\/noticiasveraces.com\/index.php?rest_route=\/wp\/v2\/types\/post"}],"author":[{"embeddable":true,"href":"https:\/\/noticiasveraces.com\/index.php?rest_route=\/wp\/v2\/users\/1"}],"replies":[{"embeddable":true,"href":"https:\/\/noticiasveraces.com\/index.php?rest_route=%2Fwp%2Fv2%2Fcomments&post=32891"}],"version-history":[{"count":0,"href":"https:\/\/noticiasveraces.com\/index.php?rest_route=\/wp\/v2\/posts\/32891\/revisions"}],"wp:featuredmedia":[{"embeddable":true,"href":"https:\/\/noticiasveraces.com\/index.php?rest_route=\/wp\/v2\/media\/32892"}],"wp:attachment":[{"href":"https:\/\/noticiasveraces.com\/index.php?rest_route=%2Fwp%2Fv2%2Fmedia&parent=32891"}],"wp:term":[{"taxonomy":"category","embeddable":true,"href":"https:\/\/noticiasveraces.com\/index.php?rest_route=%2Fwp%2Fv2%2Fcategories&post=32891"},{"taxonomy":"post_tag","embeddable":true,"href":"https:\/\/noticiasveraces.com\/index.php?rest_route=%2Fwp%2Fv2%2Ftags&post=32891"}],"curies":[{"name":"wp","href":"https:\/\/api.w.org\/{rel}","templated":true}]}}