{"id":32885,"date":"2025-06-23T07:04:28","date_gmt":"2025-06-23T11:04:28","guid":{"rendered":"https:\/\/noticiasveraces.com\/?p=32885"},"modified":"2025-06-23T07:04:28","modified_gmt":"2025-06-23T11:04:28","slug":"trump-regresa-a-la-cumbre-de-la-otan-mientras-la-alianza-enfrenta-la-amenaza-de-rusia-las-decisiones-de-gastos","status":"publish","type":"post","link":"https:\/\/noticiasveraces.com\/?p=32885","title":{"rendered":"Trump regresa a la cumbre de la OTAN mientras la alianza enfrenta la amenaza de Rusia, las decisiones de gastos"},"content":{"rendered":"<p> \n<\/p>\n<div>\n<div id=\"beyondwords-wrapper\" class=\"beyondwords-wrapper\">\n<p><span class=\"label-bg\">NUEVO<\/span>\u00a1Ahora puedes escuchar art\u00edculos de Fox News!\n  <\/p>\n<\/div>\n<p class=\"speakable\">La cumbre de la OTAN se llevar\u00e1 a cabo en La Haya en los Pa\u00edses Bajos del 24 al 25 de junio y se espera que se aborden una variedad de asuntos defensivos, incluida la expansi\u00f3n de los compromisos de gastos nacionales, la ayuda a Ucrania, las amenazas emergentes de Ir\u00e1n y las relaciones con los Estados Unidos bajo el presidente Donald Trump.<\/p>\n<p class=\"speakable\">Esta ser\u00e1 la primera cumbre transatl\u00e1ntica del presidente desde que regres\u00f3 a la Casa Blanca en enero, y todos los ojos est\u00e1n puestos en Trump, que no ha rehuido los momentos explosivos con los aliados estadounidenses, incluso en las cumbres anteriores de la OTAN. <\/p>\n<p>Despu\u00e9s del ataque del s\u00e1bado por parte de los Estados Unidos contra las instalaciones nucleares de Ir\u00e1n, se espera que la Rep\u00fablica Isl\u00e1mica de Ir\u00e1n se convierta en uno de los principales problemas.<\/p>\n<p>Esto es lo que est\u00e1 en la agenda:<\/p>\n<p>GASTO<\/p>\n<p>UCRANIA<\/p>\n<p>Ir\u00e1n, Rusia, China<\/p>\n<p><strong>Putin eleva las apuestas sobre la seguridad de la &#8216;flota fantasma&#8217;, mientras la OTAN lanza juegos de guerra en el mar B\u00e1ltico<\/strong><\/p>\n<div class=\"image-ct inline\">\n<div class=\"m\"><picture><source media=\"(max-width: 767px)\" srcset=\"https:\/\/a57.foxnews.com\/static.foxnews.com\/foxnews.com\/content\/uploads\/2025\/03\/343\/192\/trump-wh.jpg?ve=1&amp;tl=1, https:\/\/a57.foxnews.com\/static.foxnews.com\/foxnews.com\/content\/uploads\/2025\/03\/686\/384\/trump-wh.jpg?ve=1&amp;tl=1 2x\" height=\"192\" width=\"343\"><source media=\"(min-width: 768px) and (max-width: 1023px)\" srcset=\"https:\/\/a57.foxnews.com\/static.foxnews.com\/foxnews.com\/content\/uploads\/2025\/03\/672\/378\/trump-wh.jpg?ve=1&amp;tl=1, https:\/\/a57.foxnews.com\/static.foxnews.com\/foxnews.com\/content\/uploads\/2025\/03\/1344\/756\/trump-wh.jpg?ve=1&amp;tl=1 2x\" height=\"378\" width=\"672\"><source media=\"(min-width: 1024px) and (max-width: 1279px)\" srcset=\"https:\/\/a57.foxnews.com\/static.foxnews.com\/foxnews.com\/content\/uploads\/2025\/03\/931\/523\/trump-wh.jpg?ve=1&amp;tl=1, https:\/\/a57.foxnews.com\/static.foxnews.com\/foxnews.com\/content\/uploads\/2025\/03\/1862\/1046\/trump-wh.jpg?ve=1&amp;tl=1 2x\" height=\"523\" width=\"931\"><source media=\"(min-width: 1280px)\" srcset=\"https:\/\/a57.foxnews.com\/static.foxnews.com\/foxnews.com\/content\/uploads\/2025\/03\/720\/405\/trump-wh.jpg?ve=1&amp;tl=1, https:\/\/a57.foxnews.com\/static.foxnews.com\/foxnews.com\/content\/uploads\/2025\/03\/1440\/810\/trump-wh.jpg?ve=1&amp;tl=1 2x\" height=\"405\" width=\"720\"><img loading=\"lazy\" decoding=\"async\" src=\"https:\/\/a57.foxnews.com\/static.foxnews.com\/foxnews.com\/content\/uploads\/2025\/03\/1200\/675\/trump-wh.jpg?ve=1&amp;tl=1\" alt=\"Presidente Donald Trump en la Casa Blanca\" width=\"1200\" height=\"675\"\/><\/source><\/source><\/source><\/source><\/picture><\/div>\n<div class=\"info\">\n<div class=\"caption\">\n<p><span>El presidente Donald Trump habla con la prensa despu\u00e9s de una reuni\u00f3n de la Casa Blanca con el Secretario General de la OTAN Mark Rutte en Washington, DC, el jueves 13 de marzo de 2025.<\/span> <span>(Piscina a trav\u00e9s de AP)<\/span><\/p>\n<\/div>\n<\/div>\n<\/div>\n<p>En una declaraci\u00f3n publicada una semana antes de la cumbre, la OTAN dijo que los \u00abjefes de estado y gobierno est\u00e1n de acuerdo [to] Un nuevo plan de inversi\u00f3n de defensa \u00abDespu\u00e9s de meses de especulaci\u00f3n, la alianza podr\u00eda aumentar sus compromisos de gasto del 2% del PIB de una naci\u00f3n al 5%.<\/p>\n<p>Trump impuls\u00f3 por primera vez la noci\u00f3n despu\u00e9s de que gan\u00f3 las elecciones, y a pesar del shock de la etiqueta de lo que eso podr\u00eda significar no solo para las ocho naciones que a\u00fan no alcanzan el compromiso del 2%, sino tambi\u00e9n de los Estados Unidos que actualmente gasta 3.38%, muchos l\u00edderes europeos se subieron a bordo. <\/p>\n<p>Fox News Digital no ha podido confirmar si la OTAN aumentar\u00e1 su compromiso con el 5%, y algunas fuentes con conocimiento de las discusiones han sugerido que la cifra podr\u00eda estar m\u00e1s cerca del 3.5% durante un per\u00edodo de hasta 10 a\u00f1os. El viernes, se anunci\u00f3 que Espa\u00f1a recibi\u00f3 una opci\u00f3n para pagar el 5%, en cambio, pagar\u00e1 un 2,1%, seg\u00fan un informe en Associated Press.<\/p>\n<p>\u00abEl verdadero enfoque ser\u00e1 el nuevo objetivo de gasto de defensa\u00bb, dijo a FOX Digital, Peter Rough, miembro y director de Euroasia del Centro de Europa y Eurasia. \u00abEl 5% del producto interno bruto como un n\u00famero de l\u00ednea superior; sin embargo, solo el 3.5% debe dedicarse a una defensa dura.<\/p>\n<p><strong><u>Hegseth, lat\u00f3n militar describe &#8216;un \u00e9xito incre\u00edble y abrumador&#8217; de nosotros.<\/u><\/strong><\/p>\n<div class=\"image-ct inline\">\n<div class=\"m\"><picture><source media=\"(max-width: 767px)\" srcset=\"https:\/\/a57.foxnews.com\/static.foxnews.com\/foxnews.com\/content\/uploads\/2023\/02\/343\/192\/GettyImages-455528558-e1676578184882.jpg?ve=1&amp;tl=1, https:\/\/a57.foxnews.com\/static.foxnews.com\/foxnews.com\/content\/uploads\/2023\/02\/686\/384\/GettyImages-455528558-e1676578184882.jpg?ve=1&amp;tl=1 2x\" height=\"192\" width=\"343\"><source media=\"(min-width: 768px) and (max-width: 1023px)\" srcset=\"https:\/\/a57.foxnews.com\/static.foxnews.com\/foxnews.com\/content\/uploads\/2023\/02\/672\/378\/GettyImages-455528558-e1676578184882.jpg?ve=1&amp;tl=1, https:\/\/a57.foxnews.com\/static.foxnews.com\/foxnews.com\/content\/uploads\/2023\/02\/1344\/756\/GettyImages-455528558-e1676578184882.jpg?ve=1&amp;tl=1 2x\" height=\"378\" width=\"672\"><source media=\"(min-width: 1024px) and (max-width: 1279px)\" srcset=\"https:\/\/a57.foxnews.com\/static.foxnews.com\/foxnews.com\/content\/uploads\/2023\/02\/931\/523\/GettyImages-455528558-e1676578184882.jpg?ve=1&amp;tl=1, https:\/\/a57.foxnews.com\/static.foxnews.com\/foxnews.com\/content\/uploads\/2023\/02\/1862\/1046\/GettyImages-455528558-e1676578184882.jpg?ve=1&amp;tl=1 2x\" height=\"523\" width=\"931\"><source media=\"(min-width: 1280px)\" srcset=\"https:\/\/a57.foxnews.com\/static.foxnews.com\/foxnews.com\/content\/uploads\/2023\/02\/720\/405\/GettyImages-455528558-e1676578184882.jpg?ve=1&amp;tl=1, https:\/\/a57.foxnews.com\/static.foxnews.com\/foxnews.com\/content\/uploads\/2023\/02\/1440\/810\/GettyImages-455528558-e1676578184882.jpg?ve=1&amp;tl=1 2x\" height=\"405\" width=\"720\"><img loading=\"lazy\" decoding=\"async\" src=\"https:\/\/a57.foxnews.com\/static.foxnews.com\/foxnews.com\/content\/uploads\/2023\/02\/1200\/675\/GettyImages-455528558-e1676578184882.jpg?ve=1&amp;tl=1\" alt=\"Los soldados ucranianos entrenan con militares estadounidenses\" width=\"1200\" height=\"675\"\/><\/source><\/source><\/source><\/source><\/picture><\/div>\n<div class=\"info\">\n<div class=\"caption\">\n<p><span>Los marines ucranianos entrenan en t\u00e9cnicas de guerra urbana en ejercicios militares bilaterales entre Estados Unidos y Ucrania, e incluyen tropas de una variedad de pa\u00edses de la OTAN y no en la OTAN el 16 de septiembre de 2014, cerca de Yabov, Ucrania. El presidente ruso, Vladimir Putin, ha afirmado que el inter\u00e9s de Kiev en unirse a la OTAN ha sido una raz\u00f3n principal para su invasi\u00f3n.<\/span> <span>(Foto de Sean Gallup\/Getty Images)<\/span><\/p>\n<\/div>\n<\/div>\n<\/div>\n<p>\u00abY el 1.5% puede contar para categor\u00edas adyacentes, como ciberseguridad o infraestructura para la movilidad militar\u00bb, explic\u00f3 antes de su testimonio del Comit\u00e9 de Relaciones Exteriores del Senado con respecto a la Cumbre de la OTAN.<\/p>\n<p>El secretario general de la OTAN, Mark Rutte, ha sido un ardiente defensor del aumento del gasto de defensa, particularmente porque Europa contin\u00faa enfrentando su mayor amenaza desde la Segunda Guerra Mundial.<\/p>\n<p>A principios de este mes, antes de una reuni\u00f3n ministerial de la OTAN que sirvi\u00f3 como un recorrido en la cumbre de la OTAN, Rutte dijo que los l\u00edderes \u00abfortalecer\u00e1n nuestra disuasi\u00f3n y defensa al acordar nuevos objetivos de capacidad ambiciosos\u00bb.<\/p>\n<p>Tiene una defensa antimisiles detallada, capacidades de ataque de largo alcance y disuasi\u00f3n como prioridades principales, que se produce no solo a medida que Rusia contin\u00faa su guerra agresiva en Ucrania, sino que las amenazas recaudadas por un Ir\u00e1n nuclearmente ambicioso tambi\u00e9n aumentan.<\/p>\n<p><strong>Las conversaciones de paz de Ucrania-Rusia no producen alto el fuego, Zelenskyy advierte que Putin no debe ser \u00abrecompensado\u00bb<\/strong><\/p>\n<div class=\"image-ct inline\">\n<div class=\"m\"><picture><source media=\"(max-width: 767px)\" srcset=\"https:\/\/a57.foxnews.com\/static.foxnews.com\/foxnews.com\/content\/uploads\/2025\/05\/343\/192\/zelenskyy.png?ve=1&amp;tl=1, https:\/\/a57.foxnews.com\/static.foxnews.com\/foxnews.com\/content\/uploads\/2025\/05\/686\/384\/zelenskyy.png?ve=1&amp;tl=1 2x\" height=\"192\" width=\"343\"><source media=\"(min-width: 768px) and (max-width: 1023px)\" srcset=\"https:\/\/a57.foxnews.com\/static.foxnews.com\/foxnews.com\/content\/uploads\/2025\/05\/672\/378\/zelenskyy.png?ve=1&amp;tl=1, https:\/\/a57.foxnews.com\/static.foxnews.com\/foxnews.com\/content\/uploads\/2025\/05\/1344\/756\/zelenskyy.png?ve=1&amp;tl=1 2x\" height=\"378\" width=\"672\"><source media=\"(min-width: 1024px) and (max-width: 1279px)\" srcset=\"https:\/\/a57.foxnews.com\/static.foxnews.com\/foxnews.com\/content\/uploads\/2025\/05\/931\/523\/zelenskyy.png?ve=1&amp;tl=1, https:\/\/a57.foxnews.com\/static.foxnews.com\/foxnews.com\/content\/uploads\/2025\/05\/1862\/1046\/zelenskyy.png?ve=1&amp;tl=1 2x\" height=\"523\" width=\"931\"><source media=\"(min-width: 1280px)\" srcset=\"https:\/\/a57.foxnews.com\/static.foxnews.com\/foxnews.com\/content\/uploads\/2025\/05\/720\/405\/zelenskyy.png?ve=1&amp;tl=1, https:\/\/a57.foxnews.com\/static.foxnews.com\/foxnews.com\/content\/uploads\/2025\/05\/1440\/810\/zelenskyy.png?ve=1&amp;tl=1 2x\" height=\"405\" width=\"720\"><img loading=\"lazy\" decoding=\"async\" src=\"https:\/\/a57.foxnews.com\/static.foxnews.com\/foxnews.com\/content\/uploads\/2025\/05\/1200\/675\/zelenskyy.png?ve=1&amp;tl=1\" alt=\"Volodymyr Zelenskyy\" width=\"1200\" height=\"675\"\/><\/source><\/source><\/source><\/source><\/picture><\/div>\n<div class=\"info\">\n<div class=\"caption\">\n<p><span>El presidente de Ucrania Volodymyr Zelenskyy celebra una conferencia de prensa en Kiev, Ucrania, el 13 de mayo de 2025. <\/span> <span>(Ucrinform\/Nurphoto a trav\u00e9s de Getty Images)<\/span><\/p>\n<\/div>\n<\/div>\n<\/div>\n<p>Una vez m\u00e1s, se espera que la cuesti\u00f3n de defender a Ucrania sea un elemento de la agenda superior y ha sido una fuerza impulsora para motivar a la alianza de la OTAN a aumentar dr\u00e1sticamente el gasto, lo que las naciones bajo la alianza hicieron por primera vez despu\u00e9s de la invasi\u00f3n de Ucrania de Ucrania de Rusia en Rusia. <\/p>\n<p>Sin embargo, dado el impulso constante de Trump por un mayor gasto defensivo de la OTAN, sus amenazas de retirar tropas de Europa y su insistencia en que a Kiev no se le permita unirse a la alianza de 32 miembros, la defensa de Ucrania puede no desempe\u00f1ar un papel tan importante este a\u00f1o este a\u00f1o. <\/p>\n<p>\u00abNo habr\u00e1 tanto enfoque en Ucrania como durante las \u00faltimas cumbres\u00bb, argument\u00f3 Rough. \u00abLa Casa Blanca se centra en la promesa de inversi\u00f3n de defensa, y ninguno de los otros aliados quiere sacudir el bote\u00bb.<\/p>\n<p>Mientras que naciones como Francia, el Reino Unido y Alemania han tomado posiciones de liderazgo m\u00e1s directas y se han comprometido ardientemente su continuo apoyo a Ucrania, tambi\u00e9n han tocado la l\u00ednea cuando se trata de manejar las relaciones transatl\u00e1nticas con Washington bajo Trump.<\/p>\n<p>\u00abEsperar\u00eda una breve y concisa declaraci\u00f3n de la cumbre con cierta menci\u00f3n de Ucrania, pero nada del lenguaje adornado que caracteriz\u00f3 a los comunicados pasados\u00bb, agreg\u00f3 Rough. <\/p>\n<p>Se espera que el presidente ucraniano, Volodymyr Zelenskyy, asista a partes de las actividades de la cumbre, como la cena de apertura, aunque a\u00fan no se confirma que asista a ninguna reuni\u00f3n oficial de la OTAN. <\/p>\n<div class=\"image-ct inline\">\n<div class=\"m\"><picture><source media=\"(max-width: 767px)\" srcset=\"https:\/\/a57.foxnews.com\/static.foxnews.com\/foxnews.com\/content\/uploads\/2025\/03\/343\/192\/zelenskyy2.png?ve=1&amp;tl=1, https:\/\/a57.foxnews.com\/static.foxnews.com\/foxnews.com\/content\/uploads\/2025\/03\/686\/384\/zelenskyy2.png?ve=1&amp;tl=1 2x\" height=\"192\" width=\"343\"><source media=\"(min-width: 768px) and (max-width: 1023px)\" srcset=\"https:\/\/a57.foxnews.com\/static.foxnews.com\/foxnews.com\/content\/uploads\/2025\/03\/672\/378\/zelenskyy2.png?ve=1&amp;tl=1, https:\/\/a57.foxnews.com\/static.foxnews.com\/foxnews.com\/content\/uploads\/2025\/03\/1344\/756\/zelenskyy2.png?ve=1&amp;tl=1 2x\" height=\"378\" width=\"672\"><source media=\"(min-width: 1024px) and (max-width: 1279px)\" srcset=\"https:\/\/a57.foxnews.com\/static.foxnews.com\/foxnews.com\/content\/uploads\/2025\/03\/931\/523\/zelenskyy2.png?ve=1&amp;tl=1, https:\/\/a57.foxnews.com\/static.foxnews.com\/foxnews.com\/content\/uploads\/2025\/03\/1862\/1046\/zelenskyy2.png?ve=1&amp;tl=1 2x\" height=\"523\" width=\"931\"><source media=\"(min-width: 1280px)\" srcset=\"https:\/\/a57.foxnews.com\/static.foxnews.com\/foxnews.com\/content\/uploads\/2025\/03\/720\/405\/zelenskyy2.png?ve=1&amp;tl=1, https:\/\/a57.foxnews.com\/static.foxnews.com\/foxnews.com\/content\/uploads\/2025\/03\/1440\/810\/zelenskyy2.png?ve=1&amp;tl=1 2x\" height=\"405\" width=\"720\"><img loading=\"lazy\" decoding=\"async\" src=\"https:\/\/a57.foxnews.com\/static.foxnews.com\/foxnews.com\/content\/uploads\/2025\/03\/1200\/675\/zelenskyy2.png?ve=1&amp;tl=1\" alt=\"Zelenskyy y los socios europeos tienen una cumbre defensiva a la que Estados Unidos no asisti\u00f3.\" width=\"1200\" height=\"675\"\/><\/source><\/source><\/source><\/source><\/picture><\/div>\n<div class=\"info\">\n<div class=\"caption\">\n<p><span>El primer ministro del Reino Unido, Keir Starmer, el centro inferior, el presidente ucraniano Volodymyr Zelenskiy, la segunda derecha, y otros l\u00edderes mundiales asisten a una cumbre defensiva en Lancaster House en Londres el domingo 2 de marzo de 2025.<\/span> <span>(Neil Hall\/EPA\/Bloomberg a trav\u00e9s de Getty Images)<\/span><\/p>\n<\/div>\n<\/div>\n<\/div>\n<p>Los informes sugirieron que Trump podr\u00eda estar en desacuerdo con tener a Zelenskyy en un evento de la OTAN en medio de las negociaciones de alto el fuego aparentemente estancadas con Rusia, que han comenzado a pasar un asiento trasero en medio de la lucha entre Israel e Ir\u00e1n.<\/p>\n<p>Trump no se ha contenido en las cumbres anteriores de la OTAN cuando se trataba del conflicto sobre Rusia, incluso en 2018 cuando se enfrent\u00f3 abiertamente con la entonces canciller alemana Angela Merkel cuando acus\u00f3 a Berl\u00edn de estar \u00abtotalmente controlado por Rusia\u00bb y afirm\u00f3 que era algo malo para la OTAN \u00ab.<\/p>\n<p><strong>Nuevo informe advierte que las vulnerabilidades de datos de la OTAN podr\u00edan costar vidas sin la soluci\u00f3n de nosotros<\/strong><\/p>\n<p>Con los Estados Unidos lanzando <u>Operaci\u00f3n de medianoche martillo <\/u>Contra tres de las instalaciones nucleares de Ir\u00e1n en Fordow, Natanz e Isfahan el s\u00e1bado, Ir\u00e1n ser\u00e1 uno de los principales temas para las discusiones de los miembros de la OTAN como tensiones con el r\u00e9gimen en Teher\u00e1n.<\/p>\n<div class=\"image-ct inline\">\n<div class=\"m\"><picture><source media=\"(max-width: 767px)\" srcset=\"https:\/\/a57.foxnews.com\/static.foxnews.com\/foxnews.com\/content\/uploads\/2025\/06\/343\/192\/mapxps_iran_nuclear_facilities_us_attack_062125_alt.jpg?ve=1&amp;tl=1, https:\/\/a57.foxnews.com\/static.foxnews.com\/foxnews.com\/content\/uploads\/2025\/06\/686\/384\/mapxps_iran_nuclear_facilities_us_attack_062125_alt.jpg?ve=1&amp;tl=1 2x\" height=\"192\" width=\"343\"><source media=\"(min-width: 768px) and (max-width: 1023px)\" srcset=\"https:\/\/a57.foxnews.com\/static.foxnews.com\/foxnews.com\/content\/uploads\/2025\/06\/672\/378\/mapxps_iran_nuclear_facilities_us_attack_062125_alt.jpg?ve=1&amp;tl=1, https:\/\/a57.foxnews.com\/static.foxnews.com\/foxnews.com\/content\/uploads\/2025\/06\/1344\/756\/mapxps_iran_nuclear_facilities_us_attack_062125_alt.jpg?ve=1&amp;tl=1 2x\" height=\"378\" width=\"672\"><source media=\"(min-width: 1024px) and (max-width: 1279px)\" srcset=\"https:\/\/a57.foxnews.com\/static.foxnews.com\/foxnews.com\/content\/uploads\/2025\/06\/931\/523\/mapxps_iran_nuclear_facilities_us_attack_062125_alt.jpg?ve=1&amp;tl=1, https:\/\/a57.foxnews.com\/static.foxnews.com\/foxnews.com\/content\/uploads\/2025\/06\/1862\/1046\/mapxps_iran_nuclear_facilities_us_attack_062125_alt.jpg?ve=1&amp;tl=1 2x\" height=\"523\" width=\"931\"><source media=\"(min-width: 1280px)\" srcset=\"https:\/\/a57.foxnews.com\/static.foxnews.com\/foxnews.com\/content\/uploads\/2025\/06\/720\/405\/mapxps_iran_nuclear_facilities_us_attack_062125_alt.jpg?ve=1&amp;tl=1, https:\/\/a57.foxnews.com\/static.foxnews.com\/foxnews.com\/content\/uploads\/2025\/06\/1440\/810\/mapxps_iran_nuclear_facilities_us_attack_062125_alt.jpg?ve=1&amp;tl=1 2x\" height=\"405\" width=\"720\"><img loading=\"lazy\" decoding=\"async\" src=\"https:\/\/a57.foxnews.com\/static.foxnews.com\/foxnews.com\/content\/uploads\/2025\/06\/1200\/675\/mapxps_iran_nuclear_facilities_us_attack_062125_alt.jpg?ve=1&amp;tl=1\" alt=\"Mapa de instalaciones nucleares de Ir\u00e1n atacadas por los Estados Unidos\" width=\"1200\" height=\"675\"\/><\/source><\/source><\/source><\/source><\/picture><\/div>\n<div class=\"info\">\n<div class=\"caption\">\n<p><span>Mapa de instalaciones nucleares de Ir\u00e1n atacadas por los Estados Unidos<\/span> <span>(Fox News)<\/span><\/p>\n<\/div>\n<\/div>\n<\/div>\n<p>Adem\u00e1s, Rusia contin\u00faa representando la mayor amenaza para Europa, no solo a medida que sus ambiciones de guerra contin\u00faen en Ucrania, sino a medida que las agencias de inteligencia advierten cada vez m\u00e1s que \u00abel enfoque de la posguerra de Rusia estar\u00e1 en la OTAN\u00bb.<\/p>\n<p>Rough, en su testimonio del Senado, se\u00f1al\u00f3 los hallazgos de la Agencia Federal de Inteligencia de Alemania que dijo a principios de este mes que \u00abvemos que la promesa defensora colectiva de la OTAN debe ser probada &#8230; Estamos muy seguros, y tenemos evidencia de inteligencia para respaldar esto, que Ucrania es solo un paso en el camino de Rusia hacia Occidente\u00bb.<\/p>\n<p>La inteligencia danesa emiti\u00f3 advertencias similares a principios de este a\u00f1o y dijo que si encontrara la oportunidad correcta, Rusia podr\u00eda lanzar operaciones hostiles contra una naci\u00f3n vecina dentro de los seis meses posteriores a la reagrupaci\u00f3n despu\u00e9s de un alto el fuego en Ucrania. <\/p>\n<p>Rutte destac\u00f3 la gravedad de la amenaza directa que representa Rusia y dijo a principios de este mes durante un viaje al Reino Unido que si las naciones no toman en serio la necesidad de invertir en el impulso de gastos de defensa del 5%, entonces \u00abes mejor que aprendas a hablar ruso\u00bb.<\/p>\n<p>Las alianzas que Mosc\u00fa ha consolidado durante su guerra en Ucrania tambi\u00e9n ha llevado a la vanguardia una amenaza muy real para Occidente, ya que China, Corea del Norte e Ir\u00e1n han jugado un papel importante en el alimento de la m\u00e1quina de guerra de Rusia. <\/p>\n<div class=\"image-ct inline\">\n<div class=\"m\"><picture><source media=\"(max-width: 767px)\" srcset=\"https:\/\/a57.foxnews.com\/static.foxnews.com\/foxnews.com\/content\/uploads\/2024\/06\/343\/192\/AP24172077464641-scaled-e1718878627281.jpg?ve=1&amp;tl=1, https:\/\/a57.foxnews.com\/static.foxnews.com\/foxnews.com\/content\/uploads\/2024\/06\/686\/384\/AP24172077464641-scaled-e1718878627281.jpg?ve=1&amp;tl=1 2x\" height=\"192\" width=\"343\"><source media=\"(min-width: 768px) and (max-width: 1023px)\" srcset=\"https:\/\/a57.foxnews.com\/static.foxnews.com\/foxnews.com\/content\/uploads\/2024\/06\/672\/378\/AP24172077464641-scaled-e1718878627281.jpg?ve=1&amp;tl=1, https:\/\/a57.foxnews.com\/static.foxnews.com\/foxnews.com\/content\/uploads\/2024\/06\/1344\/756\/AP24172077464641-scaled-e1718878627281.jpg?ve=1&amp;tl=1 2x\" height=\"378\" width=\"672\"><source media=\"(min-width: 1024px) and (max-width: 1279px)\" srcset=\"https:\/\/a57.foxnews.com\/static.foxnews.com\/foxnews.com\/content\/uploads\/2024\/06\/931\/523\/AP24172077464641-scaled-e1718878627281.jpg?ve=1&amp;tl=1, https:\/\/a57.foxnews.com\/static.foxnews.com\/foxnews.com\/content\/uploads\/2024\/06\/1862\/1046\/AP24172077464641-scaled-e1718878627281.jpg?ve=1&amp;tl=1 2x\" height=\"523\" width=\"931\"><source media=\"(min-width: 1280px)\" srcset=\"https:\/\/a57.foxnews.com\/static.foxnews.com\/foxnews.com\/content\/uploads\/2024\/06\/720\/405\/AP24172077464641-scaled-e1718878627281.jpg?ve=1&amp;tl=1, https:\/\/a57.foxnews.com\/static.foxnews.com\/foxnews.com\/content\/uploads\/2024\/06\/1440\/810\/AP24172077464641-scaled-e1718878627281.jpg?ve=1&amp;tl=1 2x\" height=\"405\" width=\"720\"><img loading=\"lazy\" decoding=\"async\" src=\"https:\/\/a57.foxnews.com\/static.foxnews.com\/foxnews.com\/content\/uploads\/2024\/06\/1200\/675\/AP24172077464641-scaled-e1718878627281.jpg?ve=1&amp;tl=1\" alt=\"El presidente ruso Putin visita a Kim Jong Un en Corea del Norte.\" width=\"1200\" height=\"675\"\/><\/source><\/source><\/source><\/source><\/picture><\/div>\n<div class=\"info\">\n<div class=\"caption\">\n<p><span>El presidente ruso, Vladimir Putin, y el l\u00edder de Corea del Norte, Kim Jong Un, se fueron, se re\u00fanen para una ceremonia de bienvenida en la Plaza Kim Il Sung en Pyongyang, Corea del Norte, el mi\u00e9rcoles 19 de junio.<\/span> <span>(Agencia de Noticias Central Coreana\/Servicio de Noticias de Corea a trav\u00e9s de AP)<\/span><\/p>\n<\/div>\n<\/div>\n<\/div>\n<p><strong>Para Putin, \u00abnosotros es el principal enemigo\u00bb, dice el ministro de Relaciones Exteriores de Estonia<\/strong><\/p>\n<p>China, aunque afirma la neutralidad en la guerra, ha proporcionado a Rusia firmemente componentes electr\u00f3nicos cr\u00edticos para la guerra moderna. Ir\u00e1n ha suministrado drones y conocimientos t\u00e9cnicos, mientras que Corea del Norte no solo ha proporcionado municiones y equipos militares, sino tambi\u00e9n botas en el suelo para la guerra. <\/p>\n<p>Si bien China y Rusia han cometido repetidamente su asociaci\u00f3n como United contra Occidente, Corea del Norte se ha vuelto cada vez m\u00e1s envalentonada y se les proporciona conocimientos t\u00e9cnicos para el desarrollo de misiles a cambio de su apoyo, lo que representa una amenaza significativa no solo para los socios en el este, sino tambi\u00e9n los intereses occidentales. <\/p>\n<p><strong>Haga clic aqu\u00ed para obtener la aplicaci\u00f3n Fox News<\/strong><\/p>\n<p>Rough advirti\u00f3 que \u00abel presidente ruso, Vladimir Putin, permanece implacablemente opuesto a la asociaci\u00f3n estadounidense europea, que busca socavar en cada oportunidad\u00bb.<\/p>\n<p>Adem\u00e1s, \u00e1spero, citando oficiales militares estadounidenses en Europa, dijo que ser\u00eda un error eliminar las tropas estadounidenses de Europa en medio de estas amenazas cada vez m\u00e1s unidas contra Occidente.<\/p>\n<p>Se espera que los acuerdos de tropas, la defensa colectiva y la participaci\u00f3n de los Estados Unidos en la disuadir a Rusia, China, Corea del Norte e Ir\u00e1n sean un punto importante de discusi\u00f3n. <\/p>\n<p><i>Associated Press contribuy\u00f3 a este informe.<\/i><\/p>\n<p> <!----> <\/p>\n<div class=\"article-meta\">\n<div class=\"author-bio\">\n<p>Caitlin McFall es reportero de Fox News Digital Cubting Politics, US y World News.<\/p>\n<\/div>\n<\/div>\n<\/div>\n\n","protected":false},"excerpt":{"rendered":"<p>NUEVO\u00a1Ahora puedes escuchar art\u00edculos de Fox News! La cumbre de la OTAN se llevar\u00e1 a cabo en La Haya en los Pa\u00edses Bajos del 24 al 25 de junio y se espera que se aborden una variedad de asuntos defensivos, incluida la expansi\u00f3n de los compromisos de gastos nacionales, la ayuda a Ucrania, las amenazas &hellip;<\/p>\n","protected":false},"author":1,"featured_media":32887,"comment_status":"open","ping_status":"open","sticky":false,"template":"","format":"standard","meta":{"fifu_image_url":"https:\/\/static.foxnews.com\/foxnews.com\/content\/uploads\/2025\/06\/trump-heads-to-nato-summit.jpg","fifu_image_alt":"","footnotes":""},"categories":[13],"tags":[],"class_list":["post-32885","post","type-post","status-publish","format-standard","has-post-thumbnail","","category-mundo"],"_links":{"self":[{"href":"https:\/\/noticiasveraces.com\/index.php?rest_route=\/wp\/v2\/posts\/32885","targetHints":{"allow":["GET"]}}],"collection":[{"href":"https:\/\/noticiasveraces.com\/index.php?rest_route=\/wp\/v2\/posts"}],"about":[{"href":"https:\/\/noticiasveraces.com\/index.php?rest_route=\/wp\/v2\/types\/post"}],"author":[{"embeddable":true,"href":"https:\/\/noticiasveraces.com\/index.php?rest_route=\/wp\/v2\/users\/1"}],"replies":[{"embeddable":true,"href":"https:\/\/noticiasveraces.com\/index.php?rest_route=%2Fwp%2Fv2%2Fcomments&post=32885"}],"version-history":[{"count":0,"href":"https:\/\/noticiasveraces.com\/index.php?rest_route=\/wp\/v2\/posts\/32885\/revisions"}],"wp:featuredmedia":[{"embeddable":true,"href":"https:\/\/noticiasveraces.com\/index.php?rest_route=\/wp\/v2\/media\/32887"}],"wp:attachment":[{"href":"https:\/\/noticiasveraces.com\/index.php?rest_route=%2Fwp%2Fv2%2Fmedia&parent=32885"}],"wp:term":[{"taxonomy":"category","embeddable":true,"href":"https:\/\/noticiasveraces.com\/index.php?rest_route=%2Fwp%2Fv2%2Fcategories&post=32885"},{"taxonomy":"post_tag","embeddable":true,"href":"https:\/\/noticiasveraces.com\/index.php?rest_route=%2Fwp%2Fv2%2Ftags&post=32885"}],"curies":[{"name":"wp","href":"https:\/\/api.w.org\/{rel}","templated":true}]}}