{"id":32877,"date":"2025-06-23T05:20:14","date_gmt":"2025-06-23T09:20:14","guid":{"rendered":"https:\/\/noticiasveraces.com\/?p=32877"},"modified":"2025-06-23T05:20:14","modified_gmt":"2025-06-23T09:20:14","slug":"guterres-muy-alarmado-por-el-ataque-de-estados-unidos-a-las-instalaciones-nucleares-iranies","status":"publish","type":"post","link":"https:\/\/noticiasveraces.com\/?p=32877","title":{"rendered":"Guterres \u00abmuy alarmado\u00bb por el ataque de Estados Unidos a las instalaciones nucleares iran\u00edes"},"content":{"rendered":"<p> \n<br \/><img decoding=\"async\" src=\"https:\/\/global.unitednations.entermediadb.net\/assets\/mediadb\/services\/module\/asset\/downloads\/preset\/Libraries\/Production%20Library\/03-04-2025-UN-Photo-Antonio-Guterres.jpg\/image560x340cropped.jpg\" \/><\/p>\n<div>\n<p>El Secretario General de la ONU, Ant\u00f3nio Guterres, calific\u00f3 el s\u00e1bado el bombardeo estadounidense de tres instalaciones nucleares en Ir\u00e1n como una \u00abescalada peligrosa\u00bb, tras ocho d\u00edas de ataques mortales y contraataques entre Teher\u00e1n y Tel Aviv.<\/p>\n<p>\u00abEstoy muy alarmado por el uso de la fuerza por parte de Estados Unidos contra Ir\u00e1n hoy\u00bb, afirm\u00f3 el jefe de la ONU, reiterando que no hay soluci\u00f3n militar.<\/p>\n<p>\u00abSe trata de una escalada peligrosa en una regi\u00f3n que ya se encuentra al l\u00edmite, y una amenaza directa para la paz y la seguridad internacionales\u00bb.<\/p>\n<p>El presidente Donald Trump pronunci\u00f3 un discurso televisado a la naci\u00f3n desde la Casa Blanca a las 10 de la noche, hora local, y afirm\u00f3 que las instalaciones nucleares iran\u00edes de Fordo, Natanz e Isfah\u00e1n hab\u00edan sido \u00abtotalmente destruidas\u00bb, calificando el bombardeo de largo alcance como un \u00ab\u00e9xito militar espectacular\u00bb.<\/p>\n<p>Trump inst\u00f3 a los l\u00edderes iran\u00edes a \u00abhacer las paces\u00bb y volver a las negociaciones sobre su programa nuclear o sufrir una oleada de ataques mucho mayor.<\/p>\n<p>Las autoridades iran\u00edes a\u00fan no han confirmado el alcance de los da\u00f1os en las tres instalaciones situadas en el centro de Ir\u00e1n. Seg\u00fan se ha informado, el ministro de Asuntos Exteriores iran\u00ed advirti\u00f3 ese mismo d\u00eda a Estados Unidos contra cualquier implicaci\u00f3n en el conflicto que estall\u00f3 el 13 de junio cuando Israel atac\u00f3 Ir\u00e1n.<\/p>\n<h2>Ataques mortales<\/h2>\n<p><strong>Se cree que al menos 430 iran\u00edes han muerto durante las oleadas de ataques desde entonces y que hay alrededor de 3500 heridos<\/strong>seg\u00fan cifras del Ministerio de Salud iran\u00ed.<\/p>\n<p>En Israel, 24 civiles han muerto en los ataques de represalia, seg\u00fan las autoridades locales, y se han lanzado m\u00e1s de 400 misiles contra el pa\u00eds.<\/p>\n<p>El presidente Trump confirm\u00f3 que en los ataques estadounidenses participaron bombarderos B-2, que lanzaron las llamadas bombas \u00abbunker buster\u00bb sobre la planta de enriquecimiento de uranio de Fordow, situada en las profundidades de una monta\u00f1a al sur de la capital, Teher\u00e1n.<\/p>\n<h2>\u00abEvitar una espiral de caos\u00bb<\/h2>\n<p>En su declaraci\u00f3n, el secretario general reiter\u00f3 la preocupaci\u00f3n que expres\u00f3 en la reuni\u00f3n de emergencia del Consejo de Seguridad celebrada el viernes sobre la crisis, en la que se\u00f1al\u00f3 que el conflicto \u00abpodr\u00eda descontrolarse r\u00e1pidamente, con consecuencias catastr\u00f3ficas para la poblaci\u00f3n civil, la regi\u00f3n y el mundo\u00bb.<\/p>\n<p>Hizo un llamamiento a todos los Estados miembros para que desescalaran la situaci\u00f3n, que amenaza la estabilidad de Oriente Medio y m\u00e1s all\u00e1, y pidi\u00f3 a todos que cumplieran con sus obligaciones en virtud de la Carta de las Naciones Unidas y el derecho internacional.<\/p>\n<p>\u00abEn estos momentos tan peligrosos, es fundamental evitar una espiral de caos\u00bb, a\u00f1adi\u00f3, pidiendo el regreso inmediato a las negociaciones entre las partes beligerantes.<\/p>\n<p>\u00abNo hay soluci\u00f3n militar. El \u00fanico camino a seguir es la diplomacia. La \u00fanica esperanza es la paz\u00bb.<\/p>\n<\/p>\n<\/div>\n\n","protected":false},"excerpt":{"rendered":"<p>El Secretario General de la ONU, Ant\u00f3nio Guterres, calific\u00f3 el s\u00e1bado el bombardeo estadounidense de tres instalaciones nucleares en Ir\u00e1n como una \u00abescalada peligrosa\u00bb, tras ocho d\u00edas de ataques mortales y contraataques entre Teher\u00e1n y Tel Aviv. \u00abEstoy muy alarmado por el uso de la fuerza por parte de Estados Unidos contra Ir\u00e1n hoy\u00bb, afirm\u00f3 &hellip;<\/p>\n","protected":false},"author":1,"featured_media":32879,"comment_status":"open","ping_status":"open","sticky":false,"template":"","format":"standard","meta":{"fifu_image_url":"https:\/\/global.unitednations.entermediadb.net\/assets\/mediadb\/services\/module\/asset\/downloads\/preset\/Libraries\/Production%20Library\/03-04-2025-UN-Photo-Antonio-Guterres.jpg\/image770x420cropped.jpg","fifu_image_alt":"","footnotes":""},"categories":[3],"tags":[],"class_list":["post-32877","post","type-post","status-publish","format-standard","has-post-thumbnail","","category-negocio"],"_links":{"self":[{"href":"https:\/\/noticiasveraces.com\/index.php?rest_route=\/wp\/v2\/posts\/32877","targetHints":{"allow":["GET"]}}],"collection":[{"href":"https:\/\/noticiasveraces.com\/index.php?rest_route=\/wp\/v2\/posts"}],"about":[{"href":"https:\/\/noticiasveraces.com\/index.php?rest_route=\/wp\/v2\/types\/post"}],"author":[{"embeddable":true,"href":"https:\/\/noticiasveraces.com\/index.php?rest_route=\/wp\/v2\/users\/1"}],"replies":[{"embeddable":true,"href":"https:\/\/noticiasveraces.com\/index.php?rest_route=%2Fwp%2Fv2%2Fcomments&post=32877"}],"version-history":[{"count":0,"href":"https:\/\/noticiasveraces.com\/index.php?rest_route=\/wp\/v2\/posts\/32877\/revisions"}],"wp:featuredmedia":[{"embeddable":true,"href":"https:\/\/noticiasveraces.com\/index.php?rest_route=\/wp\/v2\/media\/32879"}],"wp:attachment":[{"href":"https:\/\/noticiasveraces.com\/index.php?rest_route=%2Fwp%2Fv2%2Fmedia&parent=32877"}],"wp:term":[{"taxonomy":"category","embeddable":true,"href":"https:\/\/noticiasveraces.com\/index.php?rest_route=%2Fwp%2Fv2%2Fcategories&post=32877"},{"taxonomy":"post_tag","embeddable":true,"href":"https:\/\/noticiasveraces.com\/index.php?rest_route=%2Fwp%2Fv2%2Ftags&post=32877"}],"curies":[{"name":"wp","href":"https:\/\/api.w.org\/{rel}","templated":true}]}}