{"id":32871,"date":"2025-06-23T04:58:33","date_gmt":"2025-06-23T08:58:33","guid":{"rendered":"https:\/\/noticiasveraces.com\/?p=32871"},"modified":"2025-06-23T04:58:33","modified_gmt":"2025-06-23T08:58:33","slug":"la-agonia-de-la-leyenda-de-abba-sobre-el-pasado-secreto-nazi-que-todavia-la-persigue-noticias-de-celebridades-showbiz-tv","status":"publish","type":"post","link":"https:\/\/noticiasveraces.com\/?p=32871","title":{"rendered":"La agon\u00eda de la leyenda de ABBA sobre el pasado secreto nazi que &#8216;todav\u00eda la persigue&#8217; | Noticias de celebridades | Showbiz &#038; TV"},"content":{"rendered":"<p> \n<\/p>\n<div>\n<p>La cantante de ABBA, Anni-Frid Lyngstad, ha hablado del \u00abdolor incomprensible\u00bb que la ha seguido desde la infancia, ya que una nueva biograf\u00eda revela el alcance del dolor que sufri\u00f3 debido a los v\u00ednculos de su padre con la Alemania nazi.<\/p>\n<p>Frida, quien salt\u00f3 a la fama en la d\u00e9cada de 1970 como una cuarta parte del grupo pop sueco ABBA, naci\u00f3 en Noruega en 1945, hijo de una madre y sargento nazi de Alemania.<\/p>\n<p>Su padre, Alfred Haase, era parte del ej\u00e9rcito de Hitler estacionado en Noruega durante la guerra. Su madre Synni se enamor\u00f3 de \u00e9l, sin darse cuenta de que ten\u00eda una esposa e hijo en Alemania.<\/p>\n<p>Antes de dar a luz, la madre de Frida se convirti\u00f3 en objeto de abuso local y verg\u00fcenza por su relaci\u00f3n con un soldado alem\u00e1n. Estaba escupida en la calle y etiquet\u00f3 como un \u00abcolaborador horizontal\u00bb. Su hija, Frida, fue llamada \u00abSpawn Nazi\u00bb.<\/p>\n<\/div>\n<div>\n<p>En los a\u00f1os posteriores a la guerra, miles de ni\u00f1os nacidos de soldados alemanes y mujeres noruegas fueron ostracadas. El programa de cr\u00eda de las SS, conocido como Lebensborn, hab\u00eda alentado a los soldados a los ni\u00f1os padre con lo que los nazis ve\u00edan como mujeres \u00abracialmente puras\u00bb. Noruega se consideraba territorio ideal.<\/p>\n<p data-mce-linkchecker-status=\"valid\">En un extracto de The Story of ABBA: Melancholy Undercover de Jan Gradvall, publicado en el correo en l\u00ednea, se\u00f1ala que Synni cre\u00eda que Alfred volver\u00eda por ellos. Sin embargo, se fue y nunca regres\u00f3.<\/p>\n<p>Con la situaci\u00f3n cada vez m\u00e1s dif\u00edcil, la abuela de Frida, Anni, la llev\u00f3 a Suecia para comenzar una nueva vida, mientras que Synni se qued\u00f3 para trabajar. Los planes para que la familia se reuniera se redujera cuando Synni muri\u00f3 de insuficiencia renal en 1947, antes del segundo cumplea\u00f1os de su hija. Ella solo ten\u00eda 21 a\u00f1os.<\/p>\n<\/div>\n<div>\n<p>Frida fue criada por su abuela en Suecia, pero el afecto no fue f\u00e1cil. \u00ab\u00c9ramos dos personas solitarias juntos\u00bb, dijo m\u00e1s tarde. \u00abNo hubo abrazos ni besos\u00bb.<\/p>\n<p>Ella creci\u00f3 creyendo que su padre hab\u00eda muerto durante la guerra. No fue sino hasta 1977, cuando Frida ten\u00eda 32 a\u00f1os y Abba estaba en el apogeo de su fama, que descubri\u00f3 que \u00e9l todav\u00eda estaba vivo.<\/p>\n<p>La revelaci\u00f3n se produjo despu\u00e9s de que una ni\u00f1a alemana, la hija del medio hermano de Frida, ley\u00f3 una entrevista y cre\u00eda que la cantante podr\u00eda estar relacionada con su abuelo. Se organiz\u00f3 una reuni\u00f3n en Alemania Occidental.<\/p>\n<p>\u00abPens\u00e9 que era un hombre agradable\u00bb, dijo Frida, \u00abpero todav\u00eda me pareci\u00f3 extra\u00f1o.<\/p>\n<\/div>\n<div>\n<p>El libro tambi\u00e9n detalla nuevas tragedias personales en la vida de la estrella.<\/p>\n<p>En 1998, la hija de Frida, Ann Lise-Lotte, muri\u00f3 en un accidente automovil\u00edstico en los Estados Unidos, poco antes de su cumplea\u00f1os n\u00famero 31. Menos de un a\u00f1o despu\u00e9s, el tercer esposo de Frida, el pr\u00edncipe Heinrich Ruzzo Reuss von Plauen, muri\u00f3 de c\u00e1ncer a la edad de 49 a\u00f1os. Se hab\u00edan casado en 1992.<\/p>\n<p>Luego, en el oto\u00f1o de 2023, el nieto de Frida, Jonathan, tambi\u00e9n falleci\u00f3 despu\u00e9s de una batalla contra el c\u00e1ncer.<\/p>\n<p>Reflexionando sobre el peso de tanta p\u00e9rdida, Frida dijo: \u00abTom\u00f3 mucho tiempo. Tom\u00f3 muchos a\u00f1os de dolor incomprensible\u00bb.<\/p>\n<p>A pesar de la continua especulaci\u00f3n de alrededor de una tercera pel\u00edcula de Mamma Mia y el \u00e9xito duradero del concierto virtual Voyage de ABBA en Londres, el nuevo libro de Gradvall ofrece una mirada detr\u00e1s de las actuaciones pulidas y el estrellato pop a una vida marcada por el secreto, la p\u00e9rdida y la supervivencia.<\/p>\n<p><strong>La historia de ABBA: Melancholy Undercover por Jan Gradvall es publicada por St. Martin&#8217;s Press.<\/strong><\/p>\n<\/div>\n\n","protected":false},"excerpt":{"rendered":"<p>La cantante de ABBA, Anni-Frid Lyngstad, ha hablado del \u00abdolor incomprensible\u00bb que la ha seguido desde la infancia, ya que una nueva biograf\u00eda revela el alcance del dolor que sufri\u00f3 debido a los v\u00ednculos de su padre con la Alemania nazi. Frida, quien salt\u00f3 a la fama en la d\u00e9cada de 1970 como una cuarta &hellip;<\/p>\n","protected":false},"author":1,"featured_media":32872,"comment_status":"open","ping_status":"open","sticky":false,"template":"","format":"standard","meta":{"fifu_image_url":"https:\/\/cdn.images.express.co.uk\/img\/dynamic\/79\/1200x630\/6246100.jpg","fifu_image_alt":"","footnotes":""},"categories":[766],"tags":[],"class_list":["post-32871","post","type-post","status-publish","format-standard","has-post-thumbnail","","category-musica"],"_links":{"self":[{"href":"https:\/\/noticiasveraces.com\/index.php?rest_route=\/wp\/v2\/posts\/32871","targetHints":{"allow":["GET"]}}],"collection":[{"href":"https:\/\/noticiasveraces.com\/index.php?rest_route=\/wp\/v2\/posts"}],"about":[{"href":"https:\/\/noticiasveraces.com\/index.php?rest_route=\/wp\/v2\/types\/post"}],"author":[{"embeddable":true,"href":"https:\/\/noticiasveraces.com\/index.php?rest_route=\/wp\/v2\/users\/1"}],"replies":[{"embeddable":true,"href":"https:\/\/noticiasveraces.com\/index.php?rest_route=%2Fwp%2Fv2%2Fcomments&post=32871"}],"version-history":[{"count":0,"href":"https:\/\/noticiasveraces.com\/index.php?rest_route=\/wp\/v2\/posts\/32871\/revisions"}],"wp:featuredmedia":[{"embeddable":true,"href":"https:\/\/noticiasveraces.com\/index.php?rest_route=\/wp\/v2\/media\/32872"}],"wp:attachment":[{"href":"https:\/\/noticiasveraces.com\/index.php?rest_route=%2Fwp%2Fv2%2Fmedia&parent=32871"}],"wp:term":[{"taxonomy":"category","embeddable":true,"href":"https:\/\/noticiasveraces.com\/index.php?rest_route=%2Fwp%2Fv2%2Fcategories&post=32871"},{"taxonomy":"post_tag","embeddable":true,"href":"https:\/\/noticiasveraces.com\/index.php?rest_route=%2Fwp%2Fv2%2Ftags&post=32871"}],"curies":[{"name":"wp","href":"https:\/\/api.w.org\/{rel}","templated":true}]}}