{"id":32858,"date":"2025-06-23T03:40:54","date_gmt":"2025-06-23T07:40:54","guid":{"rendered":"https:\/\/noticiasveraces.com\/?p=32858"},"modified":"2025-06-23T03:40:54","modified_gmt":"2025-06-23T07:40:54","slug":"paul-pogba-confeso-el-buen-corazon-de-juan-guillermo-cuadrado-emotivo-recuerdo-rezo-por-mi-curiosidades-de-futbol","status":"publish","type":"post","link":"https:\/\/noticiasveraces.com\/?p=32858","title":{"rendered":"Paul Pogba confes\u00f3 el buen coraz\u00f3n de Juan Guillermo Cuadrado: emotivo recuerdo: rez\u00f3 por m\u00ed | Curiosidades de f\u00fatbol"},"content":{"rendered":"<p> \n<br \/><img decoding=\"async\" src=\"https:\/\/www.futbolred.com\/files\/article_graphic\/files\/crop\/uploads\/2019\/11\/18\/5dd2a62bb5008.r_160000.0-26-542-297.jpeg\" \/><\/p>\n<div id=\"cuerpoArticulo\">\n<p class=\"texto intro\" id=\"p249428-m638-637-639\"><b>Paul Pogba se emocion\u00f3 al ver a Juan Guillermo Cuadrado<\/b>. En medio de una agradable nota que le hac\u00eda <b>Sergio el \u2018Kun\u2019 Ag\u00fcero<\/b> en <i>ESPN<\/i>contactaron al colombiano y el volante franc\u00e9s estall\u00f3 de emoci\u00f3n por reencontrarse a su amigo\u2026a su \u2018panita\u2019.<\/p>\n<p><b>El galo se prepara para volver al f\u00fatbol<\/b> luego de una larga suspensi\u00f3n por dar positivo por DHEA, una sustancia prohibida que eleva los niveles de testosterona. Y por ahora disfruta en Estados Unidos del Mundial de Clubes FIFA 2025.<\/p>\n<p>As\u00ed, en <i>\u2018La casa del Kun\u2019<\/i>Pogba y Cuadrado tuvieron comunicaci\u00f3n, recordaron sus \u00e9pocas en Juventus y su amistad, y contaron an\u00e9cdotas, como que <b>Juan Guillermo le ha ense\u00f1ado a bailar \u2018salsa choke\u2019 a Paul<\/b>.<\/p>\n<p class=\"texto contenido-parrafo-articulo\" id=\"p249428-m662-3-663\"><b>Pogba destac\u00f3 el momento especial que vivi\u00f3 con Cuadrado en uno de los momentos m\u00e1s dif\u00edciles de su vida<\/b> y su carrera, cuando sufri\u00f3 la suspensi\u00f3n. El colombiano tuvo un gesto que Paul jam\u00e1s olvidar\u00e1.<\/p>\n<p>\u00ab<b>Es una persona Top, es mi hermano, tiene un coraz\u00f3n muy grande<\/b>es un poco t\u00edmido, pero mira, cuando todas esas cosas pasaron en mi vida, fue esa persona la que me llamaba, m\u00e1s que todos, siempre, <b>este \u2018man\u2019 rez\u00f3 por m\u00ed, me llam\u00f3 un d\u00eda y me dijo \u2018quiero rezar por vos\u2019 y empez\u00f3 a rezar y todo y te juro que ten\u00eda l\u00e1grimas<\/b>porque nunca ves esas cosas <b>en el f\u00fatbol, hay compa\u00f1eros, pero no hay hermanos y a \u00e9l lo llamo mi hermano <\/b>porque lo siento as\u00ed, <b>es una persona que en mi vida siempre va a estar<\/b>en el f\u00fatbol y fuera de \u00e9l\u201d, confes\u00f3 Pogba.<\/p>\n<p><a href=\"https:\/\/www.youtube.com\/watch?v=yfsx7w34xyw\">https:\/\/www.youtube.com\/watch?v=yfsx7w34xyw<\/a><\/p>\n<p class=\"texto contenido-parrafo-articulo\" id=\"p249428-m668-4-669\"><b>Juan Guillermo agradeci\u00f3<\/b> las palabras a su amigo y tambi\u00e9n habl\u00f3 de la maravillosa amistad que tiene con el franc\u00e9s.<\/p>\n<p>\u00ab<b>Hicimos una muy buena relaci\u00f3n, no solamente con el f\u00fatbol sino con nuestras familias<\/b> y para m\u00ed es un motivo de orgullo el tenerlo y abrazarlo, para m\u00ed es una grandisima persona, con un gran coraz\u00f3n y <b>cuando llegan los problemas<\/b> que muchas veces suceden y que es cuando <b>mucha gente se aleja, yo trat\u00e9 de estar ah\u00ed<\/b> cerca porque realmente tambi\u00e9n lo siento as\u00ed como un hermano, parte de mi familia y \u00e9l lo sabe, para m\u00ed es un privilegio ser su amigo\u201d, coment\u00f3 Cuadrado.<\/p>\n<p class=\"texto contenido-parrafo-articulo\" id=\"p249428-m674-5-675\"><b><i>(Ver video desde 1:52:45)<\/i><\/b><\/p>\n<p><a href=\"https:\/\/www.youtube.com\/watch?v=8afrsn6-bhu\">https:\/\/www.youtube.com\/watch?v=8afrsn6-bhu<\/a><\/p>\n<\/p><\/div>\n\n","protected":false},"excerpt":{"rendered":"<p>Paul Pogba se emocion\u00f3 al ver a Juan Guillermo Cuadrado. En medio de una agradable nota que le hac\u00eda Sergio el \u2018Kun\u2019 Ag\u00fcero en ESPNcontactaron al colombiano y el volante franc\u00e9s estall\u00f3 de emoci\u00f3n por reencontrarse a su amigo\u2026a su \u2018panita\u2019. El galo se prepara para volver al f\u00fatbol luego de una larga suspensi\u00f3n por &hellip;<\/p>\n","protected":false},"author":1,"featured_media":32860,"comment_status":"open","ping_status":"open","sticky":false,"template":"","format":"standard","meta":{"fifu_image_url":"https:\/\/www.futbolred.com\/files\/og_thumbnail\/uploads\/2019\/11\/18\/5dd2a62bb5008.jpeg","fifu_image_alt":"","footnotes":""},"categories":[6],"tags":[],"class_list":["post-32858","post","type-post","status-publish","format-standard","has-post-thumbnail","","category-deportes"],"_links":{"self":[{"href":"https:\/\/noticiasveraces.com\/index.php?rest_route=\/wp\/v2\/posts\/32858","targetHints":{"allow":["GET"]}}],"collection":[{"href":"https:\/\/noticiasveraces.com\/index.php?rest_route=\/wp\/v2\/posts"}],"about":[{"href":"https:\/\/noticiasveraces.com\/index.php?rest_route=\/wp\/v2\/types\/post"}],"author":[{"embeddable":true,"href":"https:\/\/noticiasveraces.com\/index.php?rest_route=\/wp\/v2\/users\/1"}],"replies":[{"embeddable":true,"href":"https:\/\/noticiasveraces.com\/index.php?rest_route=%2Fwp%2Fv2%2Fcomments&post=32858"}],"version-history":[{"count":0,"href":"https:\/\/noticiasveraces.com\/index.php?rest_route=\/wp\/v2\/posts\/32858\/revisions"}],"wp:featuredmedia":[{"embeddable":true,"href":"https:\/\/noticiasveraces.com\/index.php?rest_route=\/wp\/v2\/media\/32860"}],"wp:attachment":[{"href":"https:\/\/noticiasveraces.com\/index.php?rest_route=%2Fwp%2Fv2%2Fmedia&parent=32858"}],"wp:term":[{"taxonomy":"category","embeddable":true,"href":"https:\/\/noticiasveraces.com\/index.php?rest_route=%2Fwp%2Fv2%2Fcategories&post=32858"},{"taxonomy":"post_tag","embeddable":true,"href":"https:\/\/noticiasveraces.com\/index.php?rest_route=%2Fwp%2Fv2%2Ftags&post=32858"}],"curies":[{"name":"wp","href":"https:\/\/api.w.org\/{rel}","templated":true}]}}