{"id":32853,"date":"2025-06-23T03:00:13","date_gmt":"2025-06-23T07:00:13","guid":{"rendered":"https:\/\/noticiasveraces.com\/?p=32853"},"modified":"2025-06-23T03:00:13","modified_gmt":"2025-06-23T07:00:13","slug":"la-otan-logra-acuerdo-sobre-aumento-de-gasto-militar-dw-22-06-2025","status":"publish","type":"post","link":"https:\/\/noticiasveraces.com\/?p=32853","title":{"rendered":"La OTAN logra acuerdo sobre aumento de gasto militar \u2013 DW \u2013 22\/06\/2025"},"content":{"rendered":"<p> \n<\/p>\n<div>\n<p>Los pa\u00edses de la OTAN alcanzaron este domingo (22.06.2025) un acuerdo sobre un aumento de los gastos militares, superando la oposici\u00f3n que hab\u00eda expresado Espa\u00f1a, de cara a la cumbre que la alianza realizar\u00e1 el pr\u00f3ximo martes y mi\u00e9rcoles en La Haya.<\/p>\n<p>Los diplom\u00e1ticos mantuvieron una febril actividad para ajustar la propuesta de la declaraci\u00f3n de la cumbre, acordando un aumento del 3,5% del PIB (producto interno bruto) para gastos militares en la pr\u00f3xima d\u00e9cada, m\u00e1s 1,5% en temas relacionados con la defensa.<\/p>\n<h2>Espa\u00f1a destinar\u00e1 el 2% de su PIB\u00a0en defensa<\/h2>\n<p>Por su parte, el Gobierno espa\u00f1ol logr\u00f3 un acuerdo con la OTAN que le exime de comprometerse a gastar el 5 % del PIB en defensa.\u00a0\u00abEspa\u00f1a acaba de alcanzar un acuerdo con la OTAN (&#8230;) que nos va a permitir cumplir con nuestros compromisos con la alianza atl\u00e1ntica (&#8230;) sin tener que incrementar nuestro gasto de defensa hasta el 5% del Producto Interior Bruto\u00bb, dijo S\u00e1nchez en una declaraci\u00f3n en la Moncloa, la sede del Gobierno.<\/p>\n<p>El compromiso de los pa\u00edses de la OTAN respecto a ese gasto ser\u00e1 uno de los asuntos clave de la cumbre de la Alianza.<\/p>\n<p>MN (AFP, Efe)<\/p>\n<\/p>\n<\/div>\n\n","protected":false},"excerpt":{"rendered":"<p>Los pa\u00edses de la OTAN alcanzaron este domingo (22.06.2025) un acuerdo sobre un aumento de los gastos militares, superando la oposici\u00f3n que hab\u00eda expresado Espa\u00f1a, de cara a la cumbre que la alianza realizar\u00e1 el pr\u00f3ximo martes y mi\u00e9rcoles en La Haya. Los diplom\u00e1ticos mantuvieron una febril actividad para ajustar la propuesta de la declaraci\u00f3n &hellip;<\/p>\n","protected":false},"author":1,"featured_media":32854,"comment_status":"open","ping_status":"open","sticky":false,"template":"","format":"standard","meta":{"fifu_image_url":"https:\/\/static.dw.com\/image\/72841285_6.jpg","fifu_image_alt":"","footnotes":""},"categories":[13],"tags":[],"class_list":["post-32853","post","type-post","status-publish","format-standard","has-post-thumbnail","","category-mundo"],"_links":{"self":[{"href":"https:\/\/noticiasveraces.com\/index.php?rest_route=\/wp\/v2\/posts\/32853","targetHints":{"allow":["GET"]}}],"collection":[{"href":"https:\/\/noticiasveraces.com\/index.php?rest_route=\/wp\/v2\/posts"}],"about":[{"href":"https:\/\/noticiasveraces.com\/index.php?rest_route=\/wp\/v2\/types\/post"}],"author":[{"embeddable":true,"href":"https:\/\/noticiasveraces.com\/index.php?rest_route=\/wp\/v2\/users\/1"}],"replies":[{"embeddable":true,"href":"https:\/\/noticiasveraces.com\/index.php?rest_route=%2Fwp%2Fv2%2Fcomments&post=32853"}],"version-history":[{"count":0,"href":"https:\/\/noticiasveraces.com\/index.php?rest_route=\/wp\/v2\/posts\/32853\/revisions"}],"wp:featuredmedia":[{"embeddable":true,"href":"https:\/\/noticiasveraces.com\/index.php?rest_route=\/wp\/v2\/media\/32854"}],"wp:attachment":[{"href":"https:\/\/noticiasveraces.com\/index.php?rest_route=%2Fwp%2Fv2%2Fmedia&parent=32853"}],"wp:term":[{"taxonomy":"category","embeddable":true,"href":"https:\/\/noticiasveraces.com\/index.php?rest_route=%2Fwp%2Fv2%2Fcategories&post=32853"},{"taxonomy":"post_tag","embeddable":true,"href":"https:\/\/noticiasveraces.com\/index.php?rest_route=%2Fwp%2Fv2%2Ftags&post=32853"}],"curies":[{"name":"wp","href":"https:\/\/api.w.org\/{rel}","templated":true}]}}