{"id":32851,"date":"2025-06-23T01:58:30","date_gmt":"2025-06-23T05:58:30","guid":{"rendered":"https:\/\/noticiasveraces.com\/?p=32851"},"modified":"2025-06-23T01:58:30","modified_gmt":"2025-06-23T05:58:30","slug":"ataque-terrorista-en-damasco-deja-al-menos-veinte-muertos-dw-22-06-2025","status":"publish","type":"post","link":"https:\/\/noticiasveraces.com\/?p=32851","title":{"rendered":"Ataque terrorista en Damasco deja al menos veinte muertos \u2013 DW \u2013 22\/06\/2025"},"content":{"rendered":"<p> \n<\/p>\n<div>\n<p>Al menos veinte\u00a0civiles murieron y cerca de medio centenar resultaron heridos este domingo (22.06.2025) en un \u00abataque suicida\u00bb perpetrado por un supuesto miembro del grupo terrorista Estado Isl\u00e1mico (EI) contra la iglesia de Mar El\u00edas de Damasco, inform\u00f3 el Ministerio de Salud de Siria. Una acci\u00f3n que las fuerzas de seguridad calificaron de \u00abterrorista\u00bb, seg\u00fan informaron medios oficiales sirios.<\/p>\n<p>El ataque se produjo dentro de la misma iglesia mientras se estaba llevando a cabo una misa dominical, de acuerdo con la agencia, mientras que la televisi\u00f3n estatal Al Ijbariya indic\u00f3 que la acci\u00f3n fue efectuada por \u00abun atacante suicida\u00bb que hizo detonar los explosivos con los que cargaba dentro del templo.<\/p>\n<p>Ambos medios indicaron que las fuerzas de seguridad desplegaron efectivos alrededor de la zona y est\u00e1n investigando lo sucedido, sin aportar m\u00e1s detalles ni responsabilizar a ning\u00fan actor de este inusual ataque desde el 8 de diciembre, tras la ca\u00edda del r\u00e9gimen del presidente Bashar al Asad.<\/p>\n<p>Seg\u00fan el Observatorio Sirio de Derechos Humanos, que monitorea ataques y violaciones de los derechos humanos desde el estallido de la guerra en Siria en 2011, la iglesia \u00abestaba llena de fieles en el momento de la explosi\u00f3n\u00bb y denunci\u00f3 que se trata del \u00abprimer ataque de este tipo en a\u00f1os en la capital siria\u00bb. Asimismo, advirti\u00f3 sobre la presencia de \u00abc\u00e9lulas terroristas\u00bb en el sur de Damasco \u00abque buscan socavar la paz civil a trav\u00e9s de ataques en lugares sagrados y de culto para varias comunidades religiosas\u00bb.<\/p>\n<p>MN (EFE, APA)<\/p>\n<\/p>\n<\/div>\n\n","protected":false},"excerpt":{"rendered":"<p>Al menos veinte\u00a0civiles murieron y cerca de medio centenar resultaron heridos este domingo (22.06.2025) en un \u00abataque suicida\u00bb perpetrado por un supuesto miembro del grupo terrorista Estado Isl\u00e1mico (EI) contra la iglesia de Mar El\u00edas de Damasco, inform\u00f3 el Ministerio de Salud de Siria. Una acci\u00f3n que las fuerzas de seguridad calificaron de \u00abterrorista\u00bb, seg\u00fan &hellip;<\/p>\n","protected":false},"author":1,"featured_media":32852,"comment_status":"open","ping_status":"open","sticky":false,"template":"","format":"standard","meta":{"fifu_image_url":"https:\/\/static.dw.com\/image\/73000841_6.jpg","fifu_image_alt":"","footnotes":""},"categories":[13],"tags":[],"class_list":["post-32851","post","type-post","status-publish","format-standard","has-post-thumbnail","","category-mundo"],"_links":{"self":[{"href":"https:\/\/noticiasveraces.com\/index.php?rest_route=\/wp\/v2\/posts\/32851","targetHints":{"allow":["GET"]}}],"collection":[{"href":"https:\/\/noticiasveraces.com\/index.php?rest_route=\/wp\/v2\/posts"}],"about":[{"href":"https:\/\/noticiasveraces.com\/index.php?rest_route=\/wp\/v2\/types\/post"}],"author":[{"embeddable":true,"href":"https:\/\/noticiasveraces.com\/index.php?rest_route=\/wp\/v2\/users\/1"}],"replies":[{"embeddable":true,"href":"https:\/\/noticiasveraces.com\/index.php?rest_route=%2Fwp%2Fv2%2Fcomments&post=32851"}],"version-history":[{"count":0,"href":"https:\/\/noticiasveraces.com\/index.php?rest_route=\/wp\/v2\/posts\/32851\/revisions"}],"wp:featuredmedia":[{"embeddable":true,"href":"https:\/\/noticiasveraces.com\/index.php?rest_route=\/wp\/v2\/media\/32852"}],"wp:attachment":[{"href":"https:\/\/noticiasveraces.com\/index.php?rest_route=%2Fwp%2Fv2%2Fmedia&parent=32851"}],"wp:term":[{"taxonomy":"category","embeddable":true,"href":"https:\/\/noticiasveraces.com\/index.php?rest_route=%2Fwp%2Fv2%2Fcategories&post=32851"},{"taxonomy":"post_tag","embeddable":true,"href":"https:\/\/noticiasveraces.com\/index.php?rest_route=%2Fwp%2Fv2%2Ftags&post=32851"}],"curies":[{"name":"wp","href":"https:\/\/api.w.org\/{rel}","templated":true}]}}