{"id":32847,"date":"2025-06-22T23:56:23","date_gmt":"2025-06-23T03:56:23","guid":{"rendered":"https:\/\/noticiasveraces.com\/?p=32847"},"modified":"2025-06-22T23:56:23","modified_gmt":"2025-06-23T03:56:23","slug":"pld-consigue-minimo-de-escanos-en-asamblea-de-tokio-dw-23-06-2025","status":"publish","type":"post","link":"https:\/\/noticiasveraces.com\/?p=32847","title":{"rendered":"PLD consigue m\u00ednimo de esca\u00f1os en Asamblea de Tokio \u2013 DW \u2013 23\/06\/2025"},"content":{"rendered":"<p> \n<\/p>\n<div>\n<p>El Partido Liberal Democr\u00e1tico (PLD) del primer ministro de Jap\u00f3n Shigeru Ishiba sufri\u00f3 un nuevo rev\u00e9s para su Gobierno en minor\u00eda al obtener este domingo (22.06.2025) un m\u00ednimo hist\u00f3rico de esca\u00f1os en las elecciones a la Asamblea de Tokio, consideradas un preludio de los comicios a la C\u00e1mara Alta que tendr\u00e1n lugar en julio.<\/p>\n<p>El partido Tomin First (Tokiotas primero) fundado por la actual gobernadora de la capital japonesa, Yuriko Koike, fue la fuerza pol\u00edtica m\u00e1s votada en esos comicios regionales, los m\u00e1s importantes de este tipo en el pa\u00eds asi\u00e1tico, con 32 esca\u00f1os de los 127 que componen la Asamblea, en una muestra de la popularidad de sus pol\u00edticas de bienestar social y crianza de los hijos.<\/p>\n<p>Por su parte, el PLD obtuvo 22 esca\u00f1os -entre ellos tres de candidatos anteriormente afiliados al partido pero sin respaldo oficial debido a un esc\u00e1ndalo de financiaci\u00f3n pol\u00edtica-, la cifra m\u00e1s baja jam\u00e1s registrada y por debajo de los 23 que obtuvo en 2017.<\/p>\n<p>El Partido Constitucional Democr\u00e1tico de Jap\u00f3n (PCD), la principal fuerza de la oposici\u00f3n a nivel nacional, y el partido Komeito, socio de coalici\u00f3n del PLD, obtuvieron 17 y 19 esca\u00f1os, respectivamente, seg\u00fan el recuento oficial facilitado este lunes.<\/p>\n<p>El Partido Democr\u00e1tico para el Pueblo, que ha cobrado impulso en el Parlamento nacional, gan\u00f3 9 esca\u00f1os, sus primeros en la Asamblea de Tokio, mientras que el nuevo partido populista de derechas Sanseito tambi\u00e9n entr\u00f3 en el \u00f3rgano regional, con 3 curules.<\/p>\n<p>Antes de las elecciones locales, el PLD ostentaba 30 esca\u00f1os en la Asamblea capitalina, seguido por Tomin First, con 26, mientras que Komeito ten\u00eda 23 y el PCD 12. <\/p>\n<p><span data-slot-id=\"Article_InContent-1\" class=\"rich-text-ad\"\/><\/p>\n<h2>Una asamblea fragmentada <\/h2>\n<p>La participaci\u00f3n en estos comicios regionales fue del 47,59 %, lo que represent\u00f3 un aumento de 5,2 puntos porcentuales en comparaci\u00f3n con las elecciones de 2021.<\/p>\n<p>De acuerdo con los datos de la comisi\u00f3n electoral japonesa, 1,73 millones de personas emitieron el voto por adelantado el s\u00e1bado, unas 300.000 m\u00e1s que en las elecciones precedentes.<\/p>\n<p>Los resultados de los comicios regionales suponen un nuevo rev\u00e9s para Ishiba, pues tanto su partido como su socio pierden peso en una asamblea fragmentada, en la que ning\u00fan partido cuenta con representaci\u00f3n suficiente y le da un mayor peso a las alianzas de los partidos.<\/p>\n<p>El foco de estas elecciones estuvo en ver de qu\u00e9 manera los partidos manten\u00edan, incrementaban o ve\u00edan caer su peso regional, un efecto que se espera que se repita a nivel nacional en las se\u00f1aladas elecciones parciales a la C\u00e1mara Alta de la Dieta (Parlamento).<\/p>\n<p>Los principales temas que marcaron la campa\u00f1a para los comicios regionales fueron similares a los que centran el debate pol\u00edtico nacional: el apoyo a los hogares para mitigar el impacto de la inflaci\u00f3n, los esc\u00e1ndalos de financiaci\u00f3n irregular que salpican al PLD y las medidas para promover la natalidad y la crianza.<\/p>\n<p>El PLD de Ishiba perdi\u00f3 su mayor\u00eda parlamentaria en los comicios nacionales de octubre de 2024 y gobierna en minor\u00eda junto a su tradicional aliado, Komeito, y con el apoyo puntual del PCD.<\/p>\n<p>Pese a las presiones de la oposici\u00f3n, que incluso baraj\u00f3 presentar una moci\u00f3n de censura contra Ishiba, el mandatario no ha contemplado una disoluci\u00f3n anticipada de las dos C\u00e1maras que componen el Parlamento, lo que habr\u00eda supuesto una apuesta arriesgada al tener en cuenta sus bajos \u00edndices de popularidad.<\/p>\n<p>MG (Efe, Asahi)<\/p>\n<\/p>\n<\/div>\n\n","protected":false},"excerpt":{"rendered":"<p>El Partido Liberal Democr\u00e1tico (PLD) del primer ministro de Jap\u00f3n Shigeru Ishiba sufri\u00f3 un nuevo rev\u00e9s para su Gobierno en minor\u00eda al obtener este domingo (22.06.2025) un m\u00ednimo hist\u00f3rico de esca\u00f1os en las elecciones a la Asamblea de Tokio, consideradas un preludio de los comicios a la C\u00e1mara Alta que tendr\u00e1n lugar en julio. El &hellip;<\/p>\n","protected":false},"author":1,"featured_media":32848,"comment_status":"open","ping_status":"open","sticky":false,"template":"","format":"standard","meta":{"fifu_image_url":"https:\/\/static.dw.com\/image\/70616784_6.jpg","fifu_image_alt":"","footnotes":""},"categories":[13],"tags":[],"class_list":["post-32847","post","type-post","status-publish","format-standard","has-post-thumbnail","","category-mundo"],"_links":{"self":[{"href":"https:\/\/noticiasveraces.com\/index.php?rest_route=\/wp\/v2\/posts\/32847","targetHints":{"allow":["GET"]}}],"collection":[{"href":"https:\/\/noticiasveraces.com\/index.php?rest_route=\/wp\/v2\/posts"}],"about":[{"href":"https:\/\/noticiasveraces.com\/index.php?rest_route=\/wp\/v2\/types\/post"}],"author":[{"embeddable":true,"href":"https:\/\/noticiasveraces.com\/index.php?rest_route=\/wp\/v2\/users\/1"}],"replies":[{"embeddable":true,"href":"https:\/\/noticiasveraces.com\/index.php?rest_route=%2Fwp%2Fv2%2Fcomments&post=32847"}],"version-history":[{"count":0,"href":"https:\/\/noticiasveraces.com\/index.php?rest_route=\/wp\/v2\/posts\/32847\/revisions"}],"wp:featuredmedia":[{"embeddable":true,"href":"https:\/\/noticiasveraces.com\/index.php?rest_route=\/wp\/v2\/media\/32848"}],"wp:attachment":[{"href":"https:\/\/noticiasveraces.com\/index.php?rest_route=%2Fwp%2Fv2%2Fmedia&parent=32847"}],"wp:term":[{"taxonomy":"category","embeddable":true,"href":"https:\/\/noticiasveraces.com\/index.php?rest_route=%2Fwp%2Fv2%2Fcategories&post=32847"},{"taxonomy":"post_tag","embeddable":true,"href":"https:\/\/noticiasveraces.com\/index.php?rest_route=%2Fwp%2Fv2%2Ftags&post=32847"}],"curies":[{"name":"wp","href":"https:\/\/api.w.org\/{rel}","templated":true}]}}