{"id":32813,"date":"2025-06-22T18:55:17","date_gmt":"2025-06-22T22:55:17","guid":{"rendered":"https:\/\/noticiasveraces.com\/?p=32813"},"modified":"2025-06-22T18:55:17","modified_gmt":"2025-06-22T22:55:17","slug":"miles-de-personas-claman-en-madrid-lobo-vivo-lobo-protegido-y-exigen-que-se-deje-de-cazar-la-especie-clima-y-medio-ambiente","status":"publish","type":"post","link":"https:\/\/noticiasveraces.com\/?p=32813","title":{"rendered":"Miles de personas claman en Madrid \u201cLobo vivo, lobo protegido\u201d y exigen que se deje de cazar la especie | Clima y Medio Ambiente"},"content":{"rendered":"<p> \n<\/p>\n<div data-dtm-region=\"articulo_cuerpo\">\n<p class=\"\">Miles de personas convocadas por cerca de 200 organizaciones se han manifestado este domingo en Madrid bajo el lema \u201cLobo vivo y protegido\u201d para denunciar el \u201cgrave retroceso\u201d que est\u00e1 viviendo el c\u00e1nido desde que puede volver a matar en Espa\u00f1a. Los asistentes \u20141.500 seg\u00fan la Delegaci\u00f3n de Gobierno, 10.000 seg\u00fan las entidades convocantes\u2014 han reclamado el fin inmediato de las batidas de lobo, una especie \u201cclave\u201d en los ecosistemas. <\/p>\n<p class=\"\">Hasta 2021, el lobo estaba protegido al sur del r\u00edo Duero, pero se pod\u00eda cazar al norte de esa l\u00ednea. Ese a\u00f1o, se protegi\u00f3 la especie en todo el pa\u00eds, impidiendo su captura. Sin embargo, en marzo de este a\u00f1o, una enmienda escondida en la ley del desperdicio alimentario \u2014con la excusa de que los ataques de lobos causan desperdicio\u2014 devolvi\u00f3 al pa\u00eds a la situaci\u00f3n de 2021, y varias comunidades al norte del Duero est\u00e1n realizando \u201cextracciones\u201d, es decir, muertes de lobos por parte personal auton\u00f3mico. <\/p>\n<p class=\"\">Desde entonces, la sociedad civil ha realizado varias acciones en defensa de la especie, de colectas a recursos judiciales, que han terminado en la manifestaci\u00f3n de este domingo. Los manifestantes han salido desde Atocha para defender a una especie que consideran \u201cnecesaria\u201d para alcanzar el equilibrio de los ecosistemas. Las pancartas pon\u00edan lemas como \u201cQueremos al lobo vivo&#8230; y que no te cuenten cuentos\u201d, \u201cEl lobo ib\u00e9rico, guardi\u00e1n del monte\u201d o \u201cPol\u00edticos, mat\u00e1is m\u00e1s que los lobos y no os cazamos\u201d. <\/p>\n<p class=\"\">Entre los asistentes ha estado el presidente de Pacma, Javier Luna, que ha mostrado su contrariedad por la \u201cdesprotecci\u00f3n\u201d que sufren los lobos. \u201cPedimos a los partidos pol\u00edticos que protejan al lobo, una especie tan importante para los ecosistemas. El Congreso ha traicionado al lobo. Es un atentado ecol\u00f3gico\u201d, ha indicado a Europa Press. <\/p>\n<p class=\"\">Por su parte, Juantxo L\u00f3pez de Uralde, coordinador federal de Alianza Verde, acompa\u00f1ado de la secretaria general de Podemos, Ione Belarra, y la secretaria pol\u00edtica de Podemos y eurodiputada de la formaci\u00f3n, Irene Montero, ha criticado que el PP, a trav\u00e9s de una \u201cartima\u00f1a parlamentaria inaceptable\u201d, consiguiera que se levantara la prohibici\u00f3n de la caza del lobo. \u201cHay territorios en los que est\u00e1n cazando a lobos, incluso a lobas reci\u00e9n paridas, afectando gravemente a la poblaci\u00f3n. No queda otra que la movilizaci\u00f3n en defensa de la biodiversidad\u201d, ha se\u00f1alado, antes de rematar con \u201clobo vivo, lobo protegido\u201d. <\/p>\n<figure class=\"a_m a_m-h \"><span class=\"_db a_m_w _pr lb_btn\"><img alt=\"Miles de personas marchan este domingo en Madrid bajo el lema &quot;Lobo vivo, lobo protegido&quot;. \" decoding=\"auto\" class=\"_re lazyload a_m-h\" height=\"277\" srcset=\"https:\/\/imagenes.elpais.com\/resizer\/v2\/CG6SBBUZ3ZBO3IMXLQMYNDXY5U.jpg?auth=cb3545b136f88a3c768669cfa883dd706f8a7b8db778d854b876923e69887076&amp;width=414 414w,https:\/\/imagenes.elpais.com\/resizer\/v2\/CG6SBBUZ3ZBO3IMXLQMYNDXY5U.jpg?auth=cb3545b136f88a3c768669cfa883dd706f8a7b8db778d854b876923e69887076&amp;width=828 640w,https:\/\/imagenes.elpais.com\/resizer\/v2\/CG6SBBUZ3ZBO3IMXLQMYNDXY5U.jpg?auth=cb3545b136f88a3c768669cfa883dd706f8a7b8db778d854b876923e69887076&amp;width=980 1000w,https:\/\/imagenes.elpais.com\/resizer\/v2\/CG6SBBUZ3ZBO3IMXLQMYNDXY5U.jpg?auth=cb3545b136f88a3c768669cfa883dd706f8a7b8db778d854b876923e69887076&amp;width=1960 1960w\" width=\"414\" sizes=\"auto, (min-width:1199px) 1155px,(min-width:1001px) calc(100vw - 44px),(min-width:768px) 767px, 100vw\" src=\"https:\/\/imagenes.elpais.com\/resizer\/v2\/CG6SBBUZ3ZBO3IMXLQMYNDXY5U.jpg?auth=cb3545b136f88a3c768669cfa883dd706f8a7b8db778d854b876923e69887076&amp;width=414\" loading=\"lazy\"\/><svg aria-hidden=\"true\" class=\"icon_multimedia_ampliar | _pa a_m_i a_m_i-a _dn\" viewbox=\"0 0 40 40\"><use xlink:href=\"#svg-ampliar\"\/><\/svg><\/span><figcaption class=\"a_m_p\" aria-hidden=\"true\"><span>Miles de personas marchan este domingo en Madrid bajo el lema \u00abLobo vivo, lobo protegido\u00bb. <\/span><span class=\"a_m_m\">Moeh anti<\/span><\/figcaption><\/figure>\n<p class=\"\">Junto a Uralde tambi\u00e9n ha estado la secretaria de Horizonte Verde y derechos animales de Podemos, Mar\u00eda Mar\u00edn, que ha criticado que el Gobierno se ponga de \u201cperfil\u201d con este tema, calificado de \u201cdesastre\u201d para la biodiversidad. \u201cLo que m\u00e1s molesta es que PP y Vox, a los que les importa tres pimientos el lobo, lo \u00fanico que hacen es apoyar a sus <i>Lobbies <\/i>de escopeteros\u201d, ha denunciado. <\/p>\n<p class=\"\">En la marcha se ha reclamado el fin inmediato de las batidas de lobo, que han sido paralizadas por los tribunales en Galicia, pero que ya se han puesto en marcha en comunidades como Cantabria y Asturias a pesar de los recursos judiciales impulsados desde la sociedad civil. Entre las reivindicaciones se ha hecho hincapi\u00e9 en la necesidad de aprobar planes de conservaci\u00f3n de la especie, que est\u00e9n basados en el conocimiento cient\u00edfico y, que, adem\u00e1s, permitan la persecuci\u00f3n eficaz de la caza furtiva y el envenenamiento. <\/p>\n<p class=\"\">Tambi\u00e9n se ha reclamado programas para dar conocer la importancia de esta especie y el insustituible papel ecol\u00f3gico que juega en los ecosistemas y que no se contribuyan a transmitir bulos y falsas creencias, sino que se aporte a la sociedad informaci\u00f3n seria rigurosa y veraz sobre la especie, su comportamiento y su importancia.<\/p>\n<figure class=\"a_m a_m-h \"><span class=\"_db a_m_w _pr lb_btn\"><img alt=\"Un cartel de la manifestaci\u00f3n de este domingo en defensa del lobo. \" decoding=\"auto\" class=\"_re lazyload a_m-h\" height=\"277\" srcset=\"https:\/\/imagenes.elpais.com\/resizer\/v2\/3S42XSK2UBCFRF2DG5H2AENRCU.jpg?auth=3be49490a87fb0d5adb1116c7dab41adf3e92580654b9b286508ba1bedf06f4b&amp;width=414 414w,https:\/\/imagenes.elpais.com\/resizer\/v2\/3S42XSK2UBCFRF2DG5H2AENRCU.jpg?auth=3be49490a87fb0d5adb1116c7dab41adf3e92580654b9b286508ba1bedf06f4b&amp;width=828 640w,https:\/\/imagenes.elpais.com\/resizer\/v2\/3S42XSK2UBCFRF2DG5H2AENRCU.jpg?auth=3be49490a87fb0d5adb1116c7dab41adf3e92580654b9b286508ba1bedf06f4b&amp;width=980 1000w,https:\/\/imagenes.elpais.com\/resizer\/v2\/3S42XSK2UBCFRF2DG5H2AENRCU.jpg?auth=3be49490a87fb0d5adb1116c7dab41adf3e92580654b9b286508ba1bedf06f4b&amp;width=1960 1960w\" width=\"414\" sizes=\"auto, (min-width:1199px) 1155px,(min-width:1001px) calc(100vw - 44px),(min-width:768px) 767px, 100vw\" src=\"https:\/\/imagenes.elpais.com\/resizer\/v2\/3S42XSK2UBCFRF2DG5H2AENRCU.jpg?auth=3be49490a87fb0d5adb1116c7dab41adf3e92580654b9b286508ba1bedf06f4b&amp;width=414\" loading=\"lazy\"\/><svg aria-hidden=\"true\" class=\"icon_multimedia_ampliar | _pa a_m_i a_m_i-a _dn\" viewbox=\"0 0 40 40\"><use xlink:href=\"#svg-ampliar\"\/><\/svg><\/span><figcaption class=\"a_m_p\" aria-hidden=\"true\"><span>Un cartel de la manifestaci\u00f3n de este domingo en defensa del lobo. <\/span><span class=\"a_m_m\">Moeh anti<\/span><\/figcaption><\/figure>\n<p class=\"\">Al un\u00edsono, y alzando una gran pancarta, se ha exigido que el lobo ib\u00e9rico vuelva a estar incluido en el Listado de Especies Silvestres en R\u00e9gimen de Protecci\u00f3n Especial (LESPRE) y que, adem\u00e1s, se cumpla la Directiva H\u00e1bitats de la Uni\u00f3n Europea, para que el lobo siga recuperando los territorios donde se ha extinguido. <\/p>\n<p class=\"\">La manifestaci\u00f3n ha sido convocada por las entidades Animal Guardians, AnimaNaturalis, Dirus, Ecologistas en Acci\u00f3n, Grupo Lobo Asturias, Lobo Marley, NAC y WWF y ha contado con el respaldo de 170 organizaciones de la sociedad civil, que han instado a la ciudadan\u00eda a sumarse y hacer o\u00edr la voz \u2014y el aullido\u2014 del lobo en cada rinc\u00f3n de Espa\u00f1a. <\/p>\n<h3 class=\"\">Conservaci\u00f3n y coexistencia<\/h3>\n<p class=\"\">Tras la marcha, las organizaciones han enviado un comunicado conjunto en el que lamentan que, en lugar de apostar por la conservaci\u00f3n de la especie y por la coexistencia, se vuelva a gestionar el conflicto matando lobos. \u201cEn un momento en el que las poblaciones de la especie no se han recuperado, ni se ha alcanzado una convivencia real\u201d, se\u00f1alan.<\/p>\n<p class=\"\">Las organizaciones convocantes no pueden permitir que se vuelva a perseguir y cazar al lobo como anta\u00f1o, \u201cpues esta especie es una pieza clave de los fr\u00e1giles ecosistemas, que necesitan toda la protecci\u00f3n, y su defensa como patrimonio de toda la sociedad es nuestro deber\u201d. <\/p>\n<\/div>\n\n","protected":false},"excerpt":{"rendered":"<p>Miles de personas convocadas por cerca de 200 organizaciones se han manifestado este domingo en Madrid bajo el lema \u201cLobo vivo y protegido\u201d para denunciar el \u201cgrave retroceso\u201d que est\u00e1 viviendo el c\u00e1nido desde que puede volver a matar en Espa\u00f1a. Los asistentes \u20141.500 seg\u00fan la Delegaci\u00f3n de Gobierno, 10.000 seg\u00fan las entidades convocantes\u2014 han &hellip;<\/p>\n","protected":false},"author":1,"featured_media":32814,"comment_status":"open","ping_status":"open","sticky":false,"template":"","format":"standard","meta":{"fifu_image_url":"https:\/\/imagenes.elpais.com\/resizer\/v2\/3CJD4O4AKVA6HGRF7VOLQ6BLDY.jpg?auth=e415d21f2b64fb6c8089ccc1de853a5b47613b13317fed3f2f0725a3e74535f9&width=1200","fifu_image_alt":"","footnotes":""},"categories":[11],"tags":[],"class_list":["post-32813","post","type-post","status-publish","format-standard","has-post-thumbnail","","category-viaje"],"_links":{"self":[{"href":"https:\/\/noticiasveraces.com\/index.php?rest_route=\/wp\/v2\/posts\/32813","targetHints":{"allow":["GET"]}}],"collection":[{"href":"https:\/\/noticiasveraces.com\/index.php?rest_route=\/wp\/v2\/posts"}],"about":[{"href":"https:\/\/noticiasveraces.com\/index.php?rest_route=\/wp\/v2\/types\/post"}],"author":[{"embeddable":true,"href":"https:\/\/noticiasveraces.com\/index.php?rest_route=\/wp\/v2\/users\/1"}],"replies":[{"embeddable":true,"href":"https:\/\/noticiasveraces.com\/index.php?rest_route=%2Fwp%2Fv2%2Fcomments&post=32813"}],"version-history":[{"count":0,"href":"https:\/\/noticiasveraces.com\/index.php?rest_route=\/wp\/v2\/posts\/32813\/revisions"}],"wp:featuredmedia":[{"embeddable":true,"href":"https:\/\/noticiasveraces.com\/index.php?rest_route=\/wp\/v2\/media\/32814"}],"wp:attachment":[{"href":"https:\/\/noticiasveraces.com\/index.php?rest_route=%2Fwp%2Fv2%2Fmedia&parent=32813"}],"wp:term":[{"taxonomy":"category","embeddable":true,"href":"https:\/\/noticiasveraces.com\/index.php?rest_route=%2Fwp%2Fv2%2Fcategories&post=32813"},{"taxonomy":"post_tag","embeddable":true,"href":"https:\/\/noticiasveraces.com\/index.php?rest_route=%2Fwp%2Fv2%2Ftags&post=32813"}],"curies":[{"name":"wp","href":"https:\/\/api.w.org\/{rel}","templated":true}]}}