{"id":32769,"date":"2025-06-22T10:36:25","date_gmt":"2025-06-22T14:36:25","guid":{"rendered":"https:\/\/noticiasveraces.com\/?p=32769"},"modified":"2025-06-22T10:36:25","modified_gmt":"2025-06-22T14:36:25","slug":"devastamos-el-programa-nuclear-irani-afirma-el-pentagono-dw-22-06-2025","status":"publish","type":"post","link":"https:\/\/noticiasveraces.com\/?p=32769","title":{"rendered":"\u00abDevastamos el programa nuclear iran\u00ed\u00bb, afirma el Pent\u00e1gono \u2013 DW \u2013 22\/06\/2025"},"content":{"rendered":"<p> \n<\/p>\n<div id=\"liveblog-post-73000255\"><span class=\"hr9hvkd hb7nbxk seipclg b1ho1h07\">Ir a la siguiente secci\u00f3n \u00abDevastamos el programa nuclear iran\u00ed\u00bb, afirma el Pent\u00e1gono<\/span><svg xmlns=\"http:\/\/www.w3.org\/2000\/svg\" viewbox=\"0 0 20 20\" class=\"s1ly0d8v\"><g fill=\"none\" fill-rule=\"evenodd\" stroke=\"#002D5A\" stroke-width=\"2\"><path d=\"M4 9L4 16 11 16\" transform=\"rotate(45 7.5 12.5)\"\/><path stroke-linecap=\"square\" d=\"M3.5 12.5L17.5 12.5M17.5 12.5L17.5 5.5M17.5 5L12 5\"\/><\/g><\/svg><\/p>\n<p><span class=\"time-area s1i8qhb9 icns9en i1sf8oqe m1km9ap7 wgx1hx2 b1ho1h07\"><span class=\"publication icns9en i1sf8oqe m1km9ap7 wgx1hx2 b1ho1h07\"><time aria-hidden=\"true\">22\/06\/2025<\/time><span class=\"sr-only s28j2rd\">22 de junio de 2025<\/span><\/span><\/span><\/p>\n<h2 class=\"hr9hvkd h16xqir8 seipclg b1ho1h07\">\u00abDevastamos el programa nuclear iran\u00ed\u00bb, afirma el Pent\u00e1gono<\/h2>\n<\/p>\n<div class=\"post-rich-text cc0m0op s1ebneao rich-text t1it8i9i r1wgtjne wgx1hx2 b1ho1h07\">\n<p>El jefe del Pent\u00e1gono,\u00a0Pete Hegseth, declar\u00f3 este domingo (22.06.2025) que los ataques ordenados por el presidente Donald Trump destruyeron el programa nuclear de Ir\u00e1n e inst\u00f3 a los dirigentes iran\u00edes a tomar el camino de la paz para evitar m\u00e1s bombardeos. <\/p>\n<p>\u00abDevastamos el programa nuclear iran\u00ed\u00bb, declar\u00f3 el secretario de Defensa en rueda de prensa en el Pent\u00e1gono. Adem\u00e1s, se\u00f1al\u00f3\u00a0que la operaci\u00f3n \u00abno tuvo como objetivo a las tropas ni a los iran\u00edes\u00bb.\u00a0Trump \u00abbusca la paz, e Ir\u00e1n deber\u00eda tomar ese camino\u00bb, afirm\u00f3. (afp\/dpa)<\/p>\n<\/div>\n<p><span class=\"svdcmki\">https:\/\/p.dw.com\/p\/4wiht<\/span><\/p>\n<\/div>\n<div id=\"liveblog-post-73000242\"><span class=\"hr9hvkd hb7nbxk seipclg b1ho1h07\">Ir a la siguiente secci\u00f3n Reportan \u00abfuerte\u00bb explosi\u00f3n en la provincia de Bushehr, que alberga un reactor nuclear<\/span><svg xmlns=\"http:\/\/www.w3.org\/2000\/svg\" viewbox=\"0 0 20 20\" class=\"s1ly0d8v\"><g fill=\"none\" fill-rule=\"evenodd\" stroke=\"#002D5A\" stroke-width=\"2\"><path d=\"M4 9L4 16 11 16\" transform=\"rotate(45 7.5 12.5)\"\/><path stroke-linecap=\"square\" d=\"M3.5 12.5L17.5 12.5M17.5 12.5L17.5 5.5M17.5 5L12 5\"\/><\/g><\/svg><\/p>\n<p><span class=\"time-area s1i8qhb9 icns9en i1sf8oqe m1km9ap7 wgx1hx2 b1ho1h07\"><span class=\"publication icns9en i1sf8oqe m1km9ap7 wgx1hx2 b1ho1h07\"><time aria-hidden=\"true\">22\/06\/2025<\/time><span class=\"sr-only s28j2rd\">22 de junio de 2025<\/span><\/span><\/span><\/p>\n<h2 class=\"hr9hvkd h16xqir8 seipclg b1ho1h07\">Reportan \u00abfuerte\u00bb explosi\u00f3n en la provincia de Bushehr, que alberga un reactor nuclear<\/h2>\n<\/p>\n<div class=\"post-rich-text cc0m0op s1ebneao rich-text t1it8i9i r1wgtjne wgx1hx2 b1ho1h07\">\n<p>Medios iran\u00edes reportaron que \u00abse oy\u00f3 una fuerte explosi\u00f3n\u00bb este domingo en la provincia de Bushehr, en el sur de Ir\u00e1n, que alberga la \u00fanica central nuclear del pa\u00eds, horas despu\u00e9s de que Estados Unidos bombardeara varias instalaciones nucleares en ese pa\u00eds.<\/p>\n<p>Dos agencias de noticias iran\u00edes indicaron que Israel atac\u00f3 dos zonas cercanas a la ciudad de Bushehr, un d\u00eda despu\u00e9s de que el Organismo Internacional de Energ\u00eda At\u00f3mica (OIEA) advirtiera que un ataque contra dicha central acarrear\u00eda \u00abuna liberaci\u00f3n muy elevada de radiactividad\u00bb a \u00abcientos de kil\u00f3metros\u00bb. (afp\/<\/p>\n<\/div>\n<p><span class=\"svdcmki\">https:\/\/p.dw.com\/p\/4wihg<\/span><\/p>\n<\/div>\n<div id=\"liveblog-post-73000229\"><span class=\"hr9hvkd hb7nbxk seipclg b1ho1h07\">Ir a la siguiente secci\u00f3n Rusia condena ataques estadounidenses contra Ir\u00e1n <\/span><svg xmlns=\"http:\/\/www.w3.org\/2000\/svg\" viewbox=\"0 0 20 20\" class=\"s1ly0d8v\"><g fill=\"none\" fill-rule=\"evenodd\" stroke=\"#002D5A\" stroke-width=\"2\"><path d=\"M4 9L4 16 11 16\" transform=\"rotate(45 7.5 12.5)\"\/><path stroke-linecap=\"square\" d=\"M3.5 12.5L17.5 12.5M17.5 12.5L17.5 5.5M17.5 5L12 5\"\/><\/g><\/svg><\/p>\n<p><span class=\"time-area s1i8qhb9 icns9en i1sf8oqe m1km9ap7 wgx1hx2 b1ho1h07\"><span class=\"publication icns9en i1sf8oqe m1km9ap7 wgx1hx2 b1ho1h07\"><time aria-hidden=\"true\">22\/06\/2025<\/time><span class=\"sr-only s28j2rd\">22 de junio de 2025<\/span><\/span><\/span><\/p>\n<h2 class=\"hr9hvkd h16xqir8 seipclg b1ho1h07\">Rusia condena ataques estadounidenses contra Ir\u00e1n <\/h2>\n<\/p>\n<div class=\"post-rich-text cc0m0op s1ebneao rich-text t1it8i9i r1wgtjne wgx1hx2 b1ho1h07\">\n<p>Rusia conden\u00f3 este domingo\u00a0los ataques estadounidenses contra instalaciones nucleares en Ir\u00e1n\u00a0y exigi\u00f3\u00a0\u00abel fin de la agresi\u00f3n\u00bb, comunic\u00f3 el Ministerio de Relaciones Exteriores.<\/p>\n<p>\u00abLa irresponsable decisi\u00f3n de someter el territorio de un Estado soberano a ataques con misiles y bombas, independientemente de los argumentos utilizados, viola gravemente el derecho internacional, la carta de la ONU y las resoluciones del Consejo de Seguridad de la\u00a0que califican tales acciones de inaceptables\u00bb, reza la nota publicada en Telegram. (efe\/afp) <\/p>\n<\/div>\n<p><span class=\"svdcmki\">https:\/\/p.dw.com\/p\/4wih3<\/span><\/p>\n<\/div>\n<div id=\"liveblog-post-73000213\"><span class=\"hr9hvkd hb7nbxk seipclg b1ho1h07\">Ir a la siguiente secci\u00f3n China rechaza \u00abfirmemente\u00bb los ataques de Estados Unidos contra instalaciones nucleares de Ir\u00e1n<\/span><svg xmlns=\"http:\/\/www.w3.org\/2000\/svg\" viewbox=\"0 0 20 20\" class=\"s1ly0d8v\"><g fill=\"none\" fill-rule=\"evenodd\" stroke=\"#002D5A\" stroke-width=\"2\"><path d=\"M4 9L4 16 11 16\" transform=\"rotate(45 7.5 12.5)\"\/><path stroke-linecap=\"square\" d=\"M3.5 12.5L17.5 12.5M17.5 12.5L17.5 5.5M17.5 5L12 5\"\/><\/g><\/svg><\/p>\n<p><span class=\"time-area s1i8qhb9 icns9en i1sf8oqe m1km9ap7 wgx1hx2 b1ho1h07\"><span class=\"publication icns9en i1sf8oqe m1km9ap7 wgx1hx2 b1ho1h07\"><time aria-hidden=\"true\">22\/06\/2025<\/time><span class=\"sr-only s28j2rd\">22 de junio de 2025<\/span><\/span><\/span><\/p>\n<h2 class=\"hr9hvkd h16xqir8 seipclg b1ho1h07\">China rechaza \u00abfirmemente\u00bb los ataques de Estados Unidos contra instalaciones nucleares de Ir\u00e1n<\/h2>\n<\/p>\n<div class=\"post-rich-text cc0m0op s1ebneao rich-text t1it8i9i r1wgtjne wgx1hx2 b1ho1h07\">\n<p>El Ministerio de Relaciones Exteriores de China conden\u00f3 este domingo (22.06.2025) \u00abfirmemente\u00bb los bombardeos de Estados Unidos contra instalaciones nucleares de Ir\u00e1n\u00a0y apunt\u00f3 que estos contribuyen a una \u00abescalada de las tensiones en Medio Oriente\u00bb. <\/p>\n<p>\u00abChina llama a todas las partes en conflicto, especialmente a Israel, a un alto al fuego lo antes posible\u00bb, indic\u00f3 la canciller\u00eda en un comunicado. (afp\/efe) <\/p>\n<\/div>\n<p><span class=\"svdcmki\">https:\/\/p.dw.com\/p\/4wign<\/span><\/p>\n<\/div>\n<div id=\"liveblog-post-73000117\"><span class=\"hr9hvkd hb7nbxk seipclg b1ho1h07\">Ir a la siguiente secci\u00f3n Canciller iran\u00ed se reunir\u00e1 el lunes con Vladimir Putin en Rusia<\/span><svg xmlns=\"http:\/\/www.w3.org\/2000\/svg\" viewbox=\"0 0 20 20\" class=\"s1ly0d8v\"><g fill=\"none\" fill-rule=\"evenodd\" stroke=\"#002D5A\" stroke-width=\"2\"><path d=\"M4 9L4 16 11 16\" transform=\"rotate(45 7.5 12.5)\"\/><path stroke-linecap=\"square\" d=\"M3.5 12.5L17.5 12.5M17.5 12.5L17.5 5.5M17.5 5L12 5\"\/><\/g><\/svg><\/p>\n<p><span class=\"time-area s1i8qhb9 icns9en i1sf8oqe m1km9ap7 wgx1hx2 b1ho1h07\"><span class=\"publication icns9en i1sf8oqe m1km9ap7 wgx1hx2 b1ho1h07\"><time aria-hidden=\"true\">22\/06\/2025<\/time><span class=\"sr-only s28j2rd\">22 de junio de 2025<\/span><\/span><\/span><\/p>\n<h2 class=\"hr9hvkd h16xqir8 seipclg b1ho1h07\">Canciller iran\u00ed se reunir\u00e1 el lunes con Vladimir Putin en Rusia<\/h2>\n<\/p>\n<div class=\"post-rich-text cc0m0op s1ebneao rich-text t1it8i9i r1wgtjne wgx1hx2 b1ho1h07\">\n<p>El ministro iran\u00ed de Relaciones Exteriores, Ab\u00e1s Araqchi, anunci\u00f3 que el lunes se reunir\u00e1 en Mosc\u00fa con el presidente ruso Vladimir Putin, luego de los bombardeos estadounidenses contra instalaciones nucleares de Ir\u00e1n.<\/p>\n<p>\u00abViajo a Mosc\u00fa esta tarde\u00bb y \u00abtendr\u00e9 consultas serias con el presidente ruso ma\u00f1ana\u00bb, declar\u00f3 Ab\u00e1s Araqchi, al margen de una reuni\u00f3n de la Organizaci\u00f3n de Cooperaci\u00f3n Isl\u00e1mica (OCI) en Estambul. (afp\/ap)<\/p>\n<figure class=\"placeholder-image master_landscape big\"><img data-format=\"MASTER_LANDSCAPE\" data-id=\"73000068\" data-url=\"https:\/\/static.dw.com\/image\/73000068_${formatId}.jpg\" data-aspect-ratio=\"16\/9\" alt=\"Imagen satelital de la instalaci\u00f3n nuclear de Fordo, en Ir\u00e1n\" style=\"padding-bottom: 56.25%; height: 0; max-height: 0;\"\/><figcaption class=\"img-caption\">Imagen satelital de la instalaci\u00f3n nuclear de Fordo, en Ir\u00e1n<small class=\"copyright\">Imagen: Planet Labs\/DPA\/Picture Alliance<\/small><\/figcaption><\/figure>\n<p> <\/p>\n<\/div>\n<p><span class=\"svdcmki\">https:\/\/p.dw.com\/p\/4wiff<\/span><\/p>\n<\/div>\n<div id=\"liveblog-post-73000113\"><span class=\"hr9hvkd hb7nbxk seipclg b1ho1h07\">Ir a la siguiente secci\u00f3n Estados Unidos e Israel \u00abcruz\u00f3 una l\u00ednea roja muy grande\u00bb con sus ataques, asegura Ir\u00e1n<\/span><svg xmlns=\"http:\/\/www.w3.org\/2000\/svg\" viewbox=\"0 0 20 20\" class=\"s1ly0d8v\"><g fill=\"none\" fill-rule=\"evenodd\" stroke=\"#002D5A\" stroke-width=\"2\"><path d=\"M4 9L4 16 11 16\" transform=\"rotate(45 7.5 12.5)\"\/><path stroke-linecap=\"square\" d=\"M3.5 12.5L17.5 12.5M17.5 12.5L17.5 5.5M17.5 5L12 5\"\/><\/g><\/svg><\/p>\n<p><span class=\"time-area s1i8qhb9 icns9en i1sf8oqe m1km9ap7 wgx1hx2 b1ho1h07\"><span class=\"publication icns9en i1sf8oqe m1km9ap7 wgx1hx2 b1ho1h07\"><time aria-hidden=\"true\">22\/06\/2025<\/time><span class=\"sr-only s28j2rd\">22 de junio de 2025<\/span><\/span><\/span><\/p>\n<h2 class=\"hr9hvkd h16xqir8 seipclg b1ho1h07\">Estados Unidos e Israel \u00abcruz\u00f3 una l\u00ednea roja muy grande\u00bb con sus ataques, asegura Ir\u00e1n<\/h2>\n<\/p>\n<div class=\"post-rich-text cc0m0op s1ebneao rich-text t1it8i9i r1wgtjne wgx1hx2 b1ho1h07\">\n<p>Estados Unidos\u00a0cruz\u00f3 una gran l\u00ednea roja al atacar las instalaciones nucleares de Ir\u00e1n, dijo el ministro de Relaciones Exteriores iran\u00ed Ab\u00e1s Araqchi este\u00a0domingo, unas horas despu\u00e9s del ataque estadounidense.<\/p>\n<p>\u00abNo hay l\u00ednea roja que no hayan cruzado. Y la \u00faltima\u00a0y la m\u00e1s peligrosa\u00a0ocurri\u00f3 anoche. Cruzaron una l\u00ednea roja muy grande al atacar las instalaciones nucleares,\u00bb dijo Araqchi en Estambul. (afp\/ap)<\/p>\n<\/div>\n<p><span class=\"svdcmki\">https:\/\/p.dw.com\/p\/4wifb<\/span><\/p>\n<\/div>\n<div id=\"liveblog-post-73000112\"><span class=\"hr9hvkd hb7nbxk seipclg b1ho1h07\">Ir a la siguiente secci\u00f3n Ir\u00e1n se defender\u00e1 \u00abpor todos los medios necesarios\u00bb, advierte canciller iran\u00ed<\/span><svg xmlns=\"http:\/\/www.w3.org\/2000\/svg\" viewbox=\"0 0 20 20\" class=\"s1ly0d8v\"><g fill=\"none\" fill-rule=\"evenodd\" stroke=\"#002D5A\" stroke-width=\"2\"><path d=\"M4 9L4 16 11 16\" transform=\"rotate(45 7.5 12.5)\"\/><path stroke-linecap=\"square\" d=\"M3.5 12.5L17.5 12.5M17.5 12.5L17.5 5.5M17.5 5L12 5\"\/><\/g><\/svg><\/p>\n<p><span class=\"time-area s1i8qhb9 icns9en i1sf8oqe m1km9ap7 wgx1hx2 b1ho1h07\"><span class=\"publication icns9en i1sf8oqe m1km9ap7 wgx1hx2 b1ho1h07\"><time aria-hidden=\"true\">22\/06\/2025<\/time><span class=\"sr-only s28j2rd\">22 de junio de 2025<\/span><\/span><\/span><\/p>\n<h2 class=\"hr9hvkd h16xqir8 seipclg b1ho1h07\">Ir\u00e1n se defender\u00e1 \u00abpor todos los medios necesarios\u00bb, advierte canciller iran\u00ed<\/h2>\n<\/p>\n<div class=\"post-rich-text cc0m0op s1ebneao rich-text t1it8i9i r1wgtjne wgx1hx2 b1ho1h07\">\n<p>El ministro de Relaciones Exteriores de Ir\u00e1n,\u00a0Ab\u00e1s Araqchi, afirm\u00f3 este domingo que su pa\u00eds\u00a0se defender\u00e1 de cualquier forma tras los ataques estadounidenses contra instalaciones clave del programa nuclear iran\u00ed.<\/p>\n<p>\u00abLa Rep\u00fablica Isl\u00e1mica de Ir\u00e1n seguir\u00e1 defendiendo su territorio, su soberan\u00eda, su seguridad y su pueblo por todos los medios necesarios\u00bb, expres\u00f3\u00a0el jefe de la diplomacia iran\u00ed al margen de una reuni\u00f3n de la Organizaci\u00f3n de Cooperaci\u00f3n Isl\u00e1mica (OCI) en Estambul. (afp\/reuters)<\/p>\n<\/p>\n<\/div>\n<p><span class=\"svdcmki\">https:\/\/p.dw.com\/p\/4wifa<\/span><\/p>\n<\/div>\n<div id=\"liveblog-post-73000088\"><span class=\"hr9hvkd hb7nbxk seipclg b1ho1h07\">Ir a la siguiente secci\u00f3n Comisi\u00f3n Europea: \u00abIr\u00e1n nunca debe adquirir la bomba\u00bb nuclear<\/span><svg xmlns=\"http:\/\/www.w3.org\/2000\/svg\" viewbox=\"0 0 20 20\" class=\"s1ly0d8v\"><g fill=\"none\" fill-rule=\"evenodd\" stroke=\"#002D5A\" stroke-width=\"2\"><path d=\"M4 9L4 16 11 16\" transform=\"rotate(45 7.5 12.5)\"\/><path stroke-linecap=\"square\" d=\"M3.5 12.5L17.5 12.5M17.5 12.5L17.5 5.5M17.5 5L12 5\"\/><\/g><\/svg><\/p>\n<p><span class=\"time-area s1i8qhb9 icns9en i1sf8oqe m1km9ap7 wgx1hx2 b1ho1h07\"><span class=\"publication icns9en i1sf8oqe m1km9ap7 wgx1hx2 b1ho1h07\"><time aria-hidden=\"true\">22\/06\/2025<\/time><span class=\"sr-only s28j2rd\">22 de junio de 2025<\/span><\/span><\/span><\/p>\n<h2 class=\"hr9hvkd h16xqir8 seipclg b1ho1h07\">Comisi\u00f3n Europea: \u00abIr\u00e1n nunca debe adquirir la bomba\u00bb nuclear<\/h2>\n<\/p>\n<div class=\"post-rich-text cc0m0op s1ebneao rich-text t1it8i9i r1wgtjne wgx1hx2 b1ho1h07\">\n<p>\u00abAhora es el momento de que Ir\u00e1n se comprometa a una soluci\u00f3n diplom\u00e1tica cre\u00edble. La mesa de negociaciones es el \u00fanico lugar para poner fin a esta crisis\u00bb, dijo la presidenta de la Comisi\u00f3n Europea, Ursula von der Leyen, este domingo, tras una nueva escalada de tensiones en Medio Oriente causada por el bombardeo de Estados Unidos contra las principales instalaciones nucleares de Ir\u00e1n. <\/p>\n<p>Von der Leyen agreg\u00f3 que \u00abIr\u00e1n nunca debe adquirir la bomba\u00bb\u00a0y que \u00abcon las tensiones en Medio Oriente\u00a0 en un nuevo punto \u00e1lgido, la estabilidad debe ser la prioridad\u00a0y el respeto del derecho internacional es fundamental\u00bb. (efe\/dpa)<\/p>\n<blockquote class=\"tweet embed\" data-id=\"1936709917261402478\"\/><\/div>\n<p><span class=\"svdcmki\">https:\/\/p.dw.com\/p\/4wiem<\/span><\/p>\n<\/div>\n<div id=\"liveblog-post-72999839\"><span class=\"hr9hvkd hb7nbxk seipclg b1ho1h07\">Ir a la siguiente secci\u00f3n Cruz Roja advierte sobre riesgo de una \u00abguerra con consecuencias irreversibles\u00bb en Medio Oriente<\/span><svg xmlns=\"http:\/\/www.w3.org\/2000\/svg\" viewbox=\"0 0 20 20\" class=\"s1ly0d8v\"><g fill=\"none\" fill-rule=\"evenodd\" stroke=\"#002D5A\" stroke-width=\"2\"><path d=\"M4 9L4 16 11 16\" transform=\"rotate(45 7.5 12.5)\"\/><path stroke-linecap=\"square\" d=\"M3.5 12.5L17.5 12.5M17.5 12.5L17.5 5.5M17.5 5L12 5\"\/><\/g><\/svg><\/p>\n<p><span class=\"time-area s1i8qhb9 icns9en i1sf8oqe m1km9ap7 wgx1hx2 b1ho1h07\"><span class=\"publication icns9en i1sf8oqe m1km9ap7 wgx1hx2 b1ho1h07\"><time aria-hidden=\"true\">22\/06\/2025<\/time><span class=\"sr-only s28j2rd\">22 de junio de 2025<\/span><\/span><\/span><\/p>\n<h2 class=\"hr9hvkd h16xqir8 seipclg b1ho1h07\">Cruz Roja advierte sobre riesgo de una \u00abguerra con consecuencias irreversibles\u00bb en Medio Oriente<\/h2>\n<\/p>\n<div class=\"post-rich-text cc0m0op s1ebneao rich-text t1it8i9i r1wgtjne wgx1hx2 b1ho1h07\">\n<p>\u00abLa intensificaci\u00f3n y ampliaci\u00f3n de las grandes operaciones militares en Medio\u00a0Oriente conlleva el riesgo de sumir a la regi\u00f3n\u00a0y al mundo\u00a0en una guerra con consecuencias irreversibles\u00bb, declar\u00f3 este domingo la presidenta del Comit\u00e9 Internacional de la Cruz Roja (CICR), Mirjana Spoljaric, tras los ataques de Estados Unidos contra instalaciones nucleares iran\u00edes.<\/p>\n<p>Asimismo,\u00a0pidi\u00f3 que se proteja a los civiles y al personal m\u00e9dico.\u00a0\u00abEl mundo no puede absorber una guerra sin l\u00edmites\u00bb, apunt\u00f3.\u00a0\u00abCumplir con el derecho internacional humanitario no es una opci\u00f3n,\u00a0es una obligaci\u00f3n. Los civiles deben ser protegidos de la conducta de las hostilidades\u00bb. (afp\/ap)<\/p>\n<\/div>\n<p><span class=\"svdcmki\">https:\/\/p.dw.com\/p\/4wial<\/span><\/p>\n<\/div>\n<div id=\"liveblog-post-72999818\"><span class=\"hr9hvkd hb7nbxk seipclg b1ho1h07\">Ir a la siguiente secci\u00f3n Alemania insta a Ir\u00e1n a reanudar \u00abinmediatamente\u00bb las negociaciones con Estados Unidos<\/span><svg xmlns=\"http:\/\/www.w3.org\/2000\/svg\" viewbox=\"0 0 20 20\" class=\"s1ly0d8v\"><g fill=\"none\" fill-rule=\"evenodd\" stroke=\"#002D5A\" stroke-width=\"2\"><path d=\"M4 9L4 16 11 16\" transform=\"rotate(45 7.5 12.5)\"\/><path stroke-linecap=\"square\" d=\"M3.5 12.5L17.5 12.5M17.5 12.5L17.5 5.5M17.5 5L12 5\"\/><\/g><\/svg><\/p>\n<p><span class=\"time-area s1i8qhb9 icns9en i1sf8oqe m1km9ap7 wgx1hx2 b1ho1h07\"><span class=\"publication icns9en i1sf8oqe m1km9ap7 wgx1hx2 b1ho1h07\"><time aria-hidden=\"true\">22\/06\/2025<\/time><span class=\"sr-only s28j2rd\">22 de junio de 2025<\/span><\/span><\/span><\/p>\n<h2 class=\"hr9hvkd h16xqir8 seipclg b1ho1h07\">Alemania insta a Ir\u00e1n a reanudar \u00abinmediatamente\u00bb las negociaciones con Estados Unidos<\/h2>\n<\/p>\n<div class=\"post-rich-text cc0m0op s1ebneao rich-text t1it8i9i r1wgtjne wgx1hx2 b1ho1h07\">\n<p>Alemania exhort\u00f3 a Ir\u00e1n a reanudar las conversaciones con Estados Unidos tras los ataques estadounidenses contra instalaciones nucleares, al considerar\u00a0que estos hab\u00edan \u00abda\u00f1ado gran parte del programa iran\u00ed\u00bb.<\/p>\n<p>\u00abEl canciller Friedrich Merz reiter\u00f3 su llamado a Ir\u00e1n para que inicie inmediatamente negociaciones con Estados Unidos e Israel con el fin de alcanzar una soluci\u00f3n diplom\u00e1tica al conflicto\u00bb, declar\u00f3 en un comunicado el portavoz del gobierno alem\u00e1n\u00a0Stefan Kornelius\u00a0al t\u00e9rmino de una reuni\u00f3n sobre el tema. (afp\/reuters) <\/p>\n<\/div>\n<p><span class=\"svdcmki\">https:\/\/p.dw.com\/p\/4wiaq<\/span><\/p>\n<\/div>\n<div id=\"liveblog-post-72998698\"><span class=\"hr9hvkd hb7nbxk seipclg b1ho1h07\">Ir a la siguiente secci\u00f3n UE insta a \u00abtodas las partes a dar un paso atr\u00e1s\u00bb tras ataques de Estados Unidos en Ir\u00e1n<\/span><svg xmlns=\"http:\/\/www.w3.org\/2000\/svg\" viewbox=\"0 0 20 20\" class=\"s1ly0d8v\"><g fill=\"none\" fill-rule=\"evenodd\" stroke=\"#002D5A\" stroke-width=\"2\"><path d=\"M4 9L4 16 11 16\" transform=\"rotate(45 7.5 12.5)\"\/><path stroke-linecap=\"square\" d=\"M3.5 12.5L17.5 12.5M17.5 12.5L17.5 5.5M17.5 5L12 5\"\/><\/g><\/svg><\/p>\n<p><span class=\"time-area s1i8qhb9 icns9en i1sf8oqe m1km9ap7 wgx1hx2 b1ho1h07\"><span class=\"publication icns9en i1sf8oqe m1km9ap7 wgx1hx2 b1ho1h07\"><time aria-hidden=\"true\">22\/06\/2025<\/time><span class=\"sr-only s28j2rd\">22 de junio de 2025<\/span><\/span><\/span><\/p>\n<h2 class=\"hr9hvkd h16xqir8 seipclg b1ho1h07\">UE insta a \u00abtodas las partes a dar un paso atr\u00e1s\u00bb tras ataques de Estados Unidos en Ir\u00e1n<\/h2>\n<\/p>\n<div class=\"post-rich-text cc0m0op s1ebneao rich-text t1it8i9i r1wgtjne wgx1hx2 b1ho1h07\">\n<p>La jefa de la diplomacia de la Uni\u00f3n Europea (UE), Kaja Kallas, llam\u00f3 este\u00a0domingo a una desescalada y un regreso a las negociaciones tras los ataques estadounidenses contra instalaciones nucleares iran\u00edes. <\/p>\n<p>\u00abInsto a todas las partes a dar un paso atr\u00e1s, a regresar a la mesa de negociaciones y a evitar cualquier escalada adicional\u00bb, escribi\u00f3 en la red social X.<\/p>\n<p>Ir\u00e1n no debe desarrollar armas nucleares, agreg\u00f3. Los ministros de Relaciones Exteriores de la UE discutir\u00e1n la situaci\u00f3n el lunes.<\/p>\n<blockquote class=\"tweet embed\" data-id=\"1936686010718466546\"\/>\n<p> <\/p>\n<\/div>\n<p><span class=\"svdcmki\">https:\/\/p.dw.com\/p\/4wiim<\/span><\/p>\n<\/div>\n<div id=\"liveblog-post-72998667\"><span class=\"hr9hvkd hb7nbxk seipclg b1ho1h07\">Ir a la siguiente secci\u00f3n OIEA convoca una \u00abreuni\u00f3n de emergencia\u00bb tras ataques de Estados Unidos a Ir\u00e1n<\/span><svg xmlns=\"http:\/\/www.w3.org\/2000\/svg\" viewbox=\"0 0 20 20\" class=\"s1ly0d8v\"><g fill=\"none\" fill-rule=\"evenodd\" stroke=\"#002D5A\" stroke-width=\"2\"><path d=\"M4 9L4 16 11 16\" transform=\"rotate(45 7.5 12.5)\"\/><path stroke-linecap=\"square\" d=\"M3.5 12.5L17.5 12.5M17.5 12.5L17.5 5.5M17.5 5L12 5\"\/><\/g><\/svg><\/p>\n<p><span class=\"time-area s1i8qhb9 icns9en i1sf8oqe m1km9ap7 wgx1hx2 b1ho1h07\"><span class=\"publication icns9en i1sf8oqe m1km9ap7 wgx1hx2 b1ho1h07\"><time aria-hidden=\"true\">22\/06\/2025<\/time><span class=\"sr-only s28j2rd\">22 de junio de 2025<\/span><\/span><\/span><\/p>\n<h2 class=\"hr9hvkd h16xqir8 seipclg b1ho1h07\">OIEA convoca una \u00abreuni\u00f3n de emergencia\u00bb tras ataques de Estados Unidos a Ir\u00e1n<\/h2>\n<\/p>\n<div class=\"post-rich-text cc0m0op s1ebneao rich-text t1it8i9i r1wgtjne wgx1hx2 b1ho1h07\">\n<p>El director del Organismo Internacional de Energ\u00eda At\u00f3mica (OIEA) anunci\u00f3 una \u00abreuni\u00f3n de emergencia\u00bb para el lunes en la sede del organismo de la ONU en Viena, luego de los ataques estadounidenses contra tres instalaciones nucleares iran\u00edes.<\/p>\n<p>\u00abTeniendo en cuenta la situaci\u00f3n urgente en Ir\u00e1n, convoco una reuni\u00f3n de emergencia de la junta de gobernadores para ma\u00f1ana\u00bb, escribi\u00f3 este\u00a0domingo en la red social X.<\/p>\n<blockquote class=\"tweet embed\" data-id=\"1936717589906129068\"\/>\n<p> <\/p>\n<\/div>\n<p><span class=\"svdcmki\">https:\/\/p.dw.com\/p\/4wihr<\/span><\/p>\n<\/div>\n<div id=\"liveblog-post-72998489\"><span class=\"hr9hvkd hb7nbxk seipclg b1ho1h07\">Ir a la siguiente secci\u00f3n Om\u00e1n, mediador en el conflicto, condena los ataques de Estados Unidos contra Ir\u00e1n<\/span><svg xmlns=\"http:\/\/www.w3.org\/2000\/svg\" viewbox=\"0 0 20 20\" class=\"s1ly0d8v\"><g fill=\"none\" fill-rule=\"evenodd\" stroke=\"#002D5A\" stroke-width=\"2\"><path d=\"M4 9L4 16 11 16\" transform=\"rotate(45 7.5 12.5)\"\/><path stroke-linecap=\"square\" d=\"M3.5 12.5L17.5 12.5M17.5 12.5L17.5 5.5M17.5 5L12 5\"\/><\/g><\/svg><\/p>\n<p><span class=\"time-area s1i8qhb9 icns9en i1sf8oqe m1km9ap7 wgx1hx2 b1ho1h07\"><span class=\"publication icns9en i1sf8oqe m1km9ap7 wgx1hx2 b1ho1h07\"><time aria-hidden=\"true\">22\/06\/2025<\/time><span class=\"sr-only s28j2rd\">22 de junio de 2025<\/span><\/span><\/span><\/p>\n<h2 class=\"hr9hvkd h16xqir8 seipclg b1ho1h07\">Om\u00e1n, mediador en el conflicto, condena los ataques de Estados Unidos contra Ir\u00e1n<\/h2>\n<\/p>\n<div class=\"post-rich-text cc0m0op s1ebneao rich-text t1it8i9i r1wgtjne wgx1hx2 b1ho1h07\">\n<p>Om\u00e1n, que desempe\u00f1a el papel de mediador entre Estados Unidos e Ir\u00e1n en las discusiones sobre el tema nuclear, conden\u00f3 este domingo (22.06.2025) los ataques estadounidenses contra instalaciones nucleares en Ir\u00e1n e hizo un llamado a la desescalada.<\/p>\n<p>El sultanato rechaz\u00f3 \u00abesta agresi\u00f3n ilegal\u00bb y llam\u00f3\u00a0a \u00abuna desescalada inmediata\u00bb, afirm\u00f3 un portavoz del Ministerio de Relaciones Exteriores, citado por la agencia de prensa oficial, agregando que \u00abla acci\u00f3n emprendida por Estados Unidos amenaza con ampliar la extensi\u00f3n de la guerra y constituye una violaci\u00f3n grave del derecho internacional\u00bb. (afp\/dpa) <\/p>\n<\/div>\n<p><span class=\"svdcmki\">https:\/\/p.dw.com\/p\/4wiez<\/span><\/p>\n<\/div>\n<div id=\"liveblog-post-72998100\"><span class=\"hr9hvkd hb7nbxk seipclg b1ho1h07\">Ir a la siguiente secci\u00f3n Reino Unido: \u00abA Ir\u00e1n nunca se le puede permitir desarrollar un arma nuclear\u00bb<\/span><svg xmlns=\"http:\/\/www.w3.org\/2000\/svg\" viewbox=\"0 0 20 20\" class=\"s1ly0d8v\"><g fill=\"none\" fill-rule=\"evenodd\" stroke=\"#002D5A\" stroke-width=\"2\"><path d=\"M4 9L4 16 11 16\" transform=\"rotate(45 7.5 12.5)\"\/><path stroke-linecap=\"square\" d=\"M3.5 12.5L17.5 12.5M17.5 12.5L17.5 5.5M17.5 5L12 5\"\/><\/g><\/svg><\/p>\n<p><span class=\"time-area s1i8qhb9 icns9en i1sf8oqe m1km9ap7 wgx1hx2 b1ho1h07\"><span class=\"publication icns9en i1sf8oqe m1km9ap7 wgx1hx2 b1ho1h07\"><time aria-hidden=\"true\">22\/06\/2025<\/time><span class=\"sr-only s28j2rd\">22 de junio de 2025<\/span><\/span><\/span><\/p>\n<h2 class=\"hr9hvkd h16xqir8 seipclg b1ho1h07\">Reino Unido: \u00abA Ir\u00e1n nunca se le puede permitir desarrollar un arma nuclear\u00bb<\/h2>\n<\/p>\n<div class=\"post-rich-text cc0m0op s1ebneao rich-text t1it8i9i r1wgtjne wgx1hx2 b1ho1h07\">\n<p>El primer ministro de Reino Unido, Keir Starmer, pidi\u00f3 a Ir\u00e1n que \u00abregrese a la mesa de negociaciones\u00bb y dijo que \u00abla estabilidad en la regi\u00f3n es una prioridad\u00bb, despu\u00e9s de que Estados Unidos realizara ataques a las instalaciones nucleares iran\u00edes.<\/p>\n<p>\u00abA Ir\u00e1n nunca se le puede permitir desarrollar un arma nuclear y Estados Unidos ha tomado medidas para aliviar esa amenaza\u00bb, escribi\u00f3 en la red social X. \u00abHacemos un llamado a Ir\u00e1n para que regrese a la mesa de negociaciones y alcance una soluci\u00f3n diplom\u00e1tica para poner fin a esta crisis\u00bb.<\/p>\n<blockquote class=\"tweet embed\" data-id=\"1936675855675035868\"\/>\n<p> <\/p>\n<\/div>\n<p><span class=\"svdcmki\">https:\/\/p.dw.com\/p\/4wi8i<\/span><\/p>\n<\/div>\n<div id=\"liveblog-post-72998097\"><span class=\"hr9hvkd hb7nbxk seipclg b1ho1h07\">Ir a la siguiente secci\u00f3n Ir\u00e1n dice que Estados Unidos \u00abno se detendr\u00e1 ante ninguna ilegalidad\u00bb para apoyar a Israel<\/span><svg xmlns=\"http:\/\/www.w3.org\/2000\/svg\" viewbox=\"0 0 20 20\" class=\"s1ly0d8v\"><g fill=\"none\" fill-rule=\"evenodd\" stroke=\"#002D5A\" stroke-width=\"2\"><path d=\"M4 9L4 16 11 16\" transform=\"rotate(45 7.5 12.5)\"\/><path stroke-linecap=\"square\" d=\"M3.5 12.5L17.5 12.5M17.5 12.5L17.5 5.5M17.5 5L12 5\"\/><\/g><\/svg><\/p>\n<p><span class=\"time-area s1i8qhb9 icns9en i1sf8oqe m1km9ap7 wgx1hx2 b1ho1h07\"><span class=\"publication icns9en i1sf8oqe m1km9ap7 wgx1hx2 b1ho1h07\"><time aria-hidden=\"true\">22\/06\/2025<\/time><span class=\"sr-only s28j2rd\">22 de junio de 2025<\/span><\/span><\/span><\/p>\n<h2 class=\"hr9hvkd h16xqir8 seipclg b1ho1h07\">Ir\u00e1n dice que Estados Unidos \u00abno se detendr\u00e1 ante ninguna ilegalidad\u00bb para apoyar a Israel<\/h2>\n<\/p>\n<div class=\"post-rich-text cc0m0op s1ebneao rich-text t1it8i9i r1wgtjne wgx1hx2 b1ho1h07\">\n<p>El Ministerio de Relaciones Exteriores de Ir\u00e1n dijo que los ataques de este domingo a instalaciones nucleares por parte de Estados Unidos demostraron que Washington \u00abno se detendr\u00e1 ante ninguna ilegalidad o crimen\u00bb para apoyar a Israel.<\/p>\n<p>\u00abAhora se ha vuelto completamente claro para todos que el mismo r\u00e9gimen que disfruta de membres\u00eda permanente en el Consejo de Seguridad no est\u00e1 sujeto a ning\u00fan principio o moralidad y no se detendr\u00e1 ante ninguna ilegalidad o crimen para servir a los prop\u00f3sitos de un r\u00e9gimen genocida y ocupante\u00bb, denunci\u00f3 el organismo en un comunicado, en referencia a Estados Unidos e Israel, respectivamente.<\/p>\n<\/div>\n<p><span class=\"svdcmki\">https:\/\/p.dw.com\/p\/4wi8f<\/span><\/p>\n<\/div>\n\n","protected":false},"excerpt":{"rendered":"<p>Ir a la siguiente secci\u00f3n \u00abDevastamos el programa nuclear iran\u00ed\u00bb, afirma el Pent\u00e1gono 22\/06\/202522 de junio de 2025 \u00abDevastamos el programa nuclear iran\u00ed\u00bb, afirma el Pent\u00e1gono El jefe del Pent\u00e1gono,\u00a0Pete Hegseth, declar\u00f3 este domingo (22.06.2025) que los ataques ordenados por el presidente Donald Trump destruyeron el programa nuclear de Ir\u00e1n e inst\u00f3 a los dirigentes &hellip;<\/p>\n","protected":false},"author":1,"featured_media":32770,"comment_status":"open","ping_status":"open","sticky":false,"template":"","format":"standard","meta":{"fifu_image_url":"https:\/\/static.dw.com\/image\/72997228_6.jpg","fifu_image_alt":"","footnotes":""},"categories":[13],"tags":[],"class_list":["post-32769","post","type-post","status-publish","format-standard","has-post-thumbnail","","category-mundo"],"_links":{"self":[{"href":"https:\/\/noticiasveraces.com\/index.php?rest_route=\/wp\/v2\/posts\/32769","targetHints":{"allow":["GET"]}}],"collection":[{"href":"https:\/\/noticiasveraces.com\/index.php?rest_route=\/wp\/v2\/posts"}],"about":[{"href":"https:\/\/noticiasveraces.com\/index.php?rest_route=\/wp\/v2\/types\/post"}],"author":[{"embeddable":true,"href":"https:\/\/noticiasveraces.com\/index.php?rest_route=\/wp\/v2\/users\/1"}],"replies":[{"embeddable":true,"href":"https:\/\/noticiasveraces.com\/index.php?rest_route=%2Fwp%2Fv2%2Fcomments&post=32769"}],"version-history":[{"count":0,"href":"https:\/\/noticiasveraces.com\/index.php?rest_route=\/wp\/v2\/posts\/32769\/revisions"}],"wp:featuredmedia":[{"embeddable":true,"href":"https:\/\/noticiasveraces.com\/index.php?rest_route=\/wp\/v2\/media\/32770"}],"wp:attachment":[{"href":"https:\/\/noticiasveraces.com\/index.php?rest_route=%2Fwp%2Fv2%2Fmedia&parent=32769"}],"wp:term":[{"taxonomy":"category","embeddable":true,"href":"https:\/\/noticiasveraces.com\/index.php?rest_route=%2Fwp%2Fv2%2Fcategories&post=32769"},{"taxonomy":"post_tag","embeddable":true,"href":"https:\/\/noticiasveraces.com\/index.php?rest_route=%2Fwp%2Fv2%2Ftags&post=32769"}],"curies":[{"name":"wp","href":"https:\/\/api.w.org\/{rel}","templated":true}]}}