{"id":32761,"date":"2025-06-22T09:35:32","date_gmt":"2025-06-22T13:35:32","guid":{"rendered":"https:\/\/noticiasveraces.com\/?p=32761"},"modified":"2025-06-22T09:35:32","modified_gmt":"2025-06-22T13:35:32","slug":"israel-recupera-restos-de-tres-rehenes-mas-de-hamas-despues-de-los-ataques-del-7-de-octubre","status":"publish","type":"post","link":"https:\/\/noticiasveraces.com\/?p=32761","title":{"rendered":"Israel recupera restos de tres rehenes m\u00e1s de Hamas despu\u00e9s de los ataques del 7 de octubre"},"content":{"rendered":"<p> \n<\/p>\n<div>\n<div id=\"beyondwords-wrapper\" class=\"beyondwords-wrapper\">\n<p><span class=\"label-bg\">NUEVO<\/span>\u00a1Ahora puedes escuchar art\u00edculos de Fox News!\n  <\/p>\n<\/div>\n<p class=\"speakable\">Israel recuper\u00f3 los cuerpos de tres rehenes m\u00e1s de Hamas tras el ataque del grupo terrorista contra Israel en octubre de 2023.<\/p>\n<p class=\"speakable\">Los restos de los tres rehenes fueron recuperados por las Fuerzas de Defensa de Israel (FDI) durante una operaci\u00f3n especial el s\u00e1bado y han sido identificados como Ofra Keidar, Yonatan Samerano y Shay Levinson, seg\u00fan la sede del Foro de Familias y Familias desaparecidos.<\/p>\n<p>\u00abNuestros corazones est\u00e1n con las familias Keidar, Samerano y Levinson hoy\u00bb, dijo la organizaci\u00f3n. \u00abJunto con el dolor y el dolor, su regreso brinda algo de consuelo a las familias que han esperado en agon\u00eda, incertidumbre y duda durante 625 d\u00edas\u00bb. <\/p>\n<p>El grupo agreg\u00f3 que el retorno de todos los rehenes es esencial para la curaci\u00f3n y la recuperaci\u00f3n nacional.<\/p>\n<p><strong>Las familias de rehenes israel\u00edes hacen una s\u00faplica desesperada a Trump ya que \u00abel tiempo se est\u00e1 acabando\u00bb<\/strong> <\/p>\n<p>Las Fuerzas de Defensa Israel\u00ed tambi\u00e9n confirmaron que los restos de los tres rehenes hab\u00edan sido recuperados de Gaza. Los cuerpos de Keidar, Samerano y Levinson fueron recuperados durante una operaci\u00f3n especial realizada por las FDI y la Agencia de Seguridad de Israel (ISA) el s\u00e1bado. <\/p>\n<p>La FDI acredit\u00f3 la \u00abinteligencia precisa recibida de la ISA, la Fuerza de Tarea de Hosagos y la Direcci\u00f3n de Inteligencia de las FDI\u00bb y dijo que extiende \u00ablas condolencias a las familias y continuar\u00e1 haciendo posible todos los esfuerzos para traer a casa todos los rehenes\u00bb. <\/p>\n<div class=\"image-ct inline\">\n<div class=\"m\"><picture><source media=\"(max-width: 767px)\" srcset=\"https:\/\/a57.foxnews.com\/static.foxnews.com\/foxnews.com\/content\/uploads\/2025\/06\/343\/192\/israeli-hostages-split-photo-2.jpg?ve=1&amp;tl=1, https:\/\/a57.foxnews.com\/static.foxnews.com\/foxnews.com\/content\/uploads\/2025\/06\/686\/384\/israeli-hostages-split-photo-2.jpg?ve=1&amp;tl=1 2x\" height=\"192\" width=\"343\"><source media=\"(min-width: 768px) and (max-width: 1023px)\" srcset=\"https:\/\/a57.foxnews.com\/static.foxnews.com\/foxnews.com\/content\/uploads\/2025\/06\/672\/378\/israeli-hostages-split-photo-2.jpg?ve=1&amp;tl=1, https:\/\/a57.foxnews.com\/static.foxnews.com\/foxnews.com\/content\/uploads\/2025\/06\/1344\/756\/israeli-hostages-split-photo-2.jpg?ve=1&amp;tl=1 2x\" height=\"378\" width=\"672\"><source media=\"(min-width: 1024px) and (max-width: 1279px)\" srcset=\"https:\/\/a57.foxnews.com\/static.foxnews.com\/foxnews.com\/content\/uploads\/2025\/06\/931\/523\/israeli-hostages-split-photo-2.jpg?ve=1&amp;tl=1, https:\/\/a57.foxnews.com\/static.foxnews.com\/foxnews.com\/content\/uploads\/2025\/06\/1862\/1046\/israeli-hostages-split-photo-2.jpg?ve=1&amp;tl=1 2x\" height=\"523\" width=\"931\"><source media=\"(min-width: 1280px)\" srcset=\"https:\/\/a57.foxnews.com\/static.foxnews.com\/foxnews.com\/content\/uploads\/2025\/06\/720\/405\/israeli-hostages-split-photo-2.jpg?ve=1&amp;tl=1, https:\/\/a57.foxnews.com\/static.foxnews.com\/foxnews.com\/content\/uploads\/2025\/06\/1440\/810\/israeli-hostages-split-photo-2.jpg?ve=1&amp;tl=1 2x\" height=\"405\" width=\"720\"><img loading=\"lazy\" decoding=\"async\" src=\"https:\/\/a57.foxnews.com\/static.foxnews.com\/foxnews.com\/content\/uploads\/2025\/06\/1200\/675\/israeli-hostages-split-photo-2.jpg?ve=1&amp;tl=1\" alt=\"Ofra Keidar, Yonatan Samerano y Shay Levinson\" width=\"1200\" height=\"675\"\/><\/source><\/source><\/source><\/source><\/picture><\/div>\n<div class=\"info\">\n<div class=\"caption\">\n<p><span>La FDI recuper\u00f3 los cuerpos de tres rehenes, de izquierda a derecha, Shay Levinson, Yonatan Samerano y Ofra Keidar, de Gaza en una operaci\u00f3n especial el s\u00e1bado 21 de junio de 2025.<\/span> <span>(Getty Images; Sede de los rehenes y el foro de familias faltantes)<\/span><\/p>\n<\/div>\n<\/div>\n<\/div>\n<p>Keidar, residente de Kibbutz Be&#8217;eri, fue secuestrado el 7 de octubre de 2023 por los terroristas de Hamas \u00abmientras realizaba su habitual caminata matutina por los campos que amaba\u00bb, seg\u00fan el Foro de Familias de rehenes. <\/p>\n<p>Trabaj\u00f3 en una granja lechera durante 30 a\u00f1os, cuidando terneros reci\u00e9n nacidos y \u00abera un trabajador dedicado con una fuerza f\u00edsica excepcional\u00bb, dijo la organizaci\u00f3n. <\/p>\n<p>\u00abM\u00e1s tarde, se mud\u00f3 al zool\u00f3gico local de mascotas, donde trabaj\u00f3 durante 15 a\u00f1os, e incluso despu\u00e9s de alcanzar la edad de jubilaci\u00f3n, nunca disminuy\u00f3 la velocidad\u00bb.<\/p>\n<div class=\"image-ct inline\">\n<div class=\"m\"><picture><source media=\"(max-width: 767px)\" srcset=\"https:\/\/a57.foxnews.com\/static.foxnews.com\/foxnews.com\/content\/uploads\/2025\/06\/343\/192\/ofrakeidarnew.jpg?ve=1&amp;tl=1, https:\/\/a57.foxnews.com\/static.foxnews.com\/foxnews.com\/content\/uploads\/2025\/06\/686\/384\/ofrakeidarnew.jpg?ve=1&amp;tl=1 2x\" height=\"192\" width=\"343\"><source media=\"(min-width: 768px) and (max-width: 1023px)\" srcset=\"https:\/\/a57.foxnews.com\/static.foxnews.com\/foxnews.com\/content\/uploads\/2025\/06\/672\/378\/ofrakeidarnew.jpg?ve=1&amp;tl=1, https:\/\/a57.foxnews.com\/static.foxnews.com\/foxnews.com\/content\/uploads\/2025\/06\/1344\/756\/ofrakeidarnew.jpg?ve=1&amp;tl=1 2x\" height=\"378\" width=\"672\"><source media=\"(min-width: 1024px) and (max-width: 1279px)\" srcset=\"https:\/\/a57.foxnews.com\/static.foxnews.com\/foxnews.com\/content\/uploads\/2025\/06\/931\/523\/ofrakeidarnew.jpg?ve=1&amp;tl=1, https:\/\/a57.foxnews.com\/static.foxnews.com\/foxnews.com\/content\/uploads\/2025\/06\/1862\/1046\/ofrakeidarnew.jpg?ve=1&amp;tl=1 2x\" height=\"523\" width=\"931\"><source media=\"(min-width: 1280px)\" srcset=\"https:\/\/a57.foxnews.com\/static.foxnews.com\/foxnews.com\/content\/uploads\/2025\/06\/720\/405\/ofrakeidarnew.jpg?ve=1&amp;tl=1, https:\/\/a57.foxnews.com\/static.foxnews.com\/foxnews.com\/content\/uploads\/2025\/06\/1440\/810\/ofrakeidarnew.jpg?ve=1&amp;tl=1 2x\" height=\"405\" width=\"720\"><img loading=\"lazy\" decoding=\"async\" src=\"https:\/\/a57.foxnews.com\/static.foxnews.com\/foxnews.com\/content\/uploads\/2025\/06\/1200\/675\/ofrakeidarnew.jpg?ve=1&amp;tl=1\" alt=\"Cuerpo de Ofra Keidar recuperado por Israel\" width=\"1200\" height=\"675\"\/><\/source><\/source><\/source><\/source><\/picture><\/div>\n<div class=\"info\">\n<div class=\"caption\">\n<p><span>El cuerpo de Ofra Keidar fue recuperado por las fuerzas israel\u00edes. Ten\u00eda 71 a\u00f1os en el momento de su muerte. <\/span> <span>(Hosta de rehenes y Fueras de Familias faltantes)<\/span><\/p>\n<\/div>\n<\/div>\n<\/div>\n<p>\u00abCualquiera que visitara su casa pudo ver sus mayores amores, aparte de su familia, sus perros, especialmente los canices, y atendiendo su jard\u00edn y las plantas de interior\u00bb, agreg\u00f3 el foro. <\/p>\n<p>La FDI se\u00f1al\u00f3 que Keidar, que ten\u00eda 71 a\u00f1os en el momento de su muerte, \u00abera madre de tres hijos y la esposa de Shmuel Keidar, quien tambi\u00e9n fue asesinado por terroristas de Hamas en su casa en Be&#8217;eri\u00bb.<\/p>\n<p><strong>Hamas acepta devolver cuerpos de 4 rehenes israel\u00edes a cambio de cientos de prisioneros palestinos<\/strong><\/p>\n<p>Samerano, que ten\u00eda 21 a\u00f1os en el momento de su muerte, \u00abfue brutalmente asesinado y secuestrado de Kibbutz Be&#8217;eri el 7 de octubre de 2023 por terroristas de Hamas, incluido un empleado de UNRWA, despu\u00e9s de huir del Festival de M\u00fasica Nova\u00bb, seg\u00fan la FDI. <\/p>\n<div class=\"image-ct inline\">\n<div class=\"m\"><picture><source media=\"(max-width: 767px)\" srcset=\"https:\/\/a57.foxnews.com\/static.foxnews.com\/foxnews.com\/content\/uploads\/2025\/06\/343\/192\/yonatan-samerano.jpg?ve=1&amp;tl=1, https:\/\/a57.foxnews.com\/static.foxnews.com\/foxnews.com\/content\/uploads\/2025\/06\/686\/384\/yonatan-samerano.jpg?ve=1&amp;tl=1 2x\" height=\"192\" width=\"343\"><source media=\"(min-width: 768px) and (max-width: 1023px)\" srcset=\"https:\/\/a57.foxnews.com\/static.foxnews.com\/foxnews.com\/content\/uploads\/2025\/06\/672\/378\/yonatan-samerano.jpg?ve=1&amp;tl=1, https:\/\/a57.foxnews.com\/static.foxnews.com\/foxnews.com\/content\/uploads\/2025\/06\/1344\/756\/yonatan-samerano.jpg?ve=1&amp;tl=1 2x\" height=\"378\" width=\"672\"><source media=\"(min-width: 1024px) and (max-width: 1279px)\" srcset=\"https:\/\/a57.foxnews.com\/static.foxnews.com\/foxnews.com\/content\/uploads\/2025\/06\/931\/523\/yonatan-samerano.jpg?ve=1&amp;tl=1, https:\/\/a57.foxnews.com\/static.foxnews.com\/foxnews.com\/content\/uploads\/2025\/06\/1862\/1046\/yonatan-samerano.jpg?ve=1&amp;tl=1 2x\" height=\"523\" width=\"931\"><source media=\"(min-width: 1280px)\" srcset=\"https:\/\/a57.foxnews.com\/static.foxnews.com\/foxnews.com\/content\/uploads\/2025\/06\/720\/405\/yonatan-samerano.jpg?ve=1&amp;tl=1, https:\/\/a57.foxnews.com\/static.foxnews.com\/foxnews.com\/content\/uploads\/2025\/06\/1440\/810\/yonatan-samerano.jpg?ve=1&amp;tl=1 2x\" height=\"405\" width=\"720\"><img loading=\"lazy\" decoding=\"async\" src=\"https:\/\/a57.foxnews.com\/static.foxnews.com\/foxnews.com\/content\/uploads\/2025\/06\/1200\/675\/yonatan-samerano.jpg?ve=1&amp;tl=1\" alt=\"Cuerpo de Yonatan Samerano recuperado por Israel\" width=\"1200\" height=\"675\"\/><\/source><\/source><\/source><\/source><\/picture><\/div>\n<div class=\"info\">\n<div class=\"caption\">\n<p><span>El cuerpo de Yonatan Samerano fue recuperado por las fuerzas israel\u00edes. Ten\u00eda 21 a\u00f1os cuando muri\u00f3. <\/span> <span>(Hosta de rehenes y Fueras de Familias faltantes)<\/span><\/p>\n<\/div>\n<\/div>\n<\/div>\n<p>Yonatan, o \u00abYonati\u00bb como lo llamaban sus amigos y familiares \u00ab, siempre estaba rodeado de amigos, un DJ talentoso que solo quer\u00eda hacer m\u00fasica, traer alegr\u00eda y viajar\u00bb, dijo el foro de familias de rehenes. <\/p>\n<p>\u00abIncluso a su temprana edad, era un empresario de coraz\u00f3n y un hombre de negocios inteligente que so\u00f1aba con desarrollar su carrera en la producci\u00f3n de eventos\u00bb. <\/p>\n<p>Levinson, un sargento de personal y comandante de tanques en el Batall\u00f3n \u00abOz\u00bb (77), \u00abComprometi\u00f3 y luch\u00f3 contra terroristas en la ma\u00f1ana del 7 de octubre y cay\u00f3 en combate\u00bb, seg\u00fan las FDI. <\/p>\n<div class=\"image-ct inline\">\n<div class=\"m\"><picture><source media=\"(max-width: 767px)\" srcset=\"https:\/\/a57.foxnews.com\/static.foxnews.com\/foxnews.com\/content\/uploads\/2025\/06\/343\/192\/shya-levinson.jpg?ve=1&amp;tl=1, https:\/\/a57.foxnews.com\/static.foxnews.com\/foxnews.com\/content\/uploads\/2025\/06\/686\/384\/shya-levinson.jpg?ve=1&amp;tl=1 2x\" height=\"192\" width=\"343\"><source media=\"(min-width: 768px) and (max-width: 1023px)\" srcset=\"https:\/\/a57.foxnews.com\/static.foxnews.com\/foxnews.com\/content\/uploads\/2025\/06\/672\/378\/shya-levinson.jpg?ve=1&amp;tl=1, https:\/\/a57.foxnews.com\/static.foxnews.com\/foxnews.com\/content\/uploads\/2025\/06\/1344\/756\/shya-levinson.jpg?ve=1&amp;tl=1 2x\" height=\"378\" width=\"672\"><source media=\"(min-width: 1024px) and (max-width: 1279px)\" srcset=\"https:\/\/a57.foxnews.com\/static.foxnews.com\/foxnews.com\/content\/uploads\/2025\/06\/931\/523\/shya-levinson.jpg?ve=1&amp;tl=1, https:\/\/a57.foxnews.com\/static.foxnews.com\/foxnews.com\/content\/uploads\/2025\/06\/1862\/1046\/shya-levinson.jpg?ve=1&amp;tl=1 2x\" height=\"523\" width=\"931\"><source media=\"(min-width: 1280px)\" srcset=\"https:\/\/a57.foxnews.com\/static.foxnews.com\/foxnews.com\/content\/uploads\/2025\/06\/720\/405\/shya-levinson.jpg?ve=1&amp;tl=1, https:\/\/a57.foxnews.com\/static.foxnews.com\/foxnews.com\/content\/uploads\/2025\/06\/1440\/810\/shya-levinson.jpg?ve=1&amp;tl=1 2x\" height=\"405\" width=\"720\"><img loading=\"lazy\" decoding=\"async\" src=\"https:\/\/a57.foxnews.com\/static.foxnews.com\/foxnews.com\/content\/uploads\/2025\/06\/1200\/675\/shya-levinson.jpg?ve=1&amp;tl=1\" alt=\"Cuerpo de Shay Levinson recuperado por Israel\" width=\"1200\" height=\"675\"\/><\/source><\/source><\/source><\/source><\/picture><\/div>\n<div class=\"info\">\n<div class=\"caption\">\n<p><span>El cuerpo de Shay Levinson fue recuperado por las fuerzas israel\u00edes. Ten\u00eda 19 a\u00f1os en el momento de su muerte.<\/span> <span>(Hosta de rehenes y Fueras de Familias faltantes)<\/span><\/p>\n<\/div>\n<\/div>\n<\/div>\n<p>\u00abLuego fue secuestrado por terroristas de Hamas\u00bb. <\/p>\n<p>Levinson, que ten\u00eda 19 a\u00f1os en el momento de su muerte, es recordado como \u00abun joven tranquilo y excepcional, ambicioso e impulsado, que se esforz\u00f3 por sobresalir en los deportes y cada campo que le interes\u00f3\u00bb, dijo el foro de familias de rehenes. <\/p>\n<p><strong><u>Haga clic aqu\u00ed para obtener la aplicaci\u00f3n Fox News<\/u><\/strong><\/p>\n<p>\u00abShay, residente de Givat Avni en el Bajo Galilea, fue un jugador sobresaliente en el equipo de voleibol de la Sra. Eilabun, un equipo que sirve como modelo para la cooperaci\u00f3n jud\u00eda-\u00e1rabe\u00bb, seg\u00fan la organizaci\u00f3n. <\/p>\n<p>\u00abShay eligi\u00f3 renunciar a la oportunidad de recibir un estado de atleta activo y, en su lugar, eligi\u00f3 un servicio de combate significativo en las FDI\u00bb.<\/p>\n<p> <!----> <\/div>\n\n","protected":false},"excerpt":{"rendered":"<p>NUEVO\u00a1Ahora puedes escuchar art\u00edculos de Fox News! Israel recuper\u00f3 los cuerpos de tres rehenes m\u00e1s de Hamas tras el ataque del grupo terrorista contra Israel en octubre de 2023. Los restos de los tres rehenes fueron recuperados por las Fuerzas de Defensa de Israel (FDI) durante una operaci\u00f3n especial el s\u00e1bado y han sido identificados &hellip;<\/p>\n","protected":false},"author":1,"featured_media":32763,"comment_status":"open","ping_status":"open","sticky":false,"template":"","format":"standard","meta":{"fifu_image_url":"https:\/\/static.foxnews.com\/foxnews.com\/content\/uploads\/2025\/06\/israeli-hostages-split-photo-2.jpg","fifu_image_alt":"","footnotes":""},"categories":[13],"tags":[],"class_list":["post-32761","post","type-post","status-publish","format-standard","has-post-thumbnail","","category-mundo"],"_links":{"self":[{"href":"https:\/\/noticiasveraces.com\/index.php?rest_route=\/wp\/v2\/posts\/32761","targetHints":{"allow":["GET"]}}],"collection":[{"href":"https:\/\/noticiasveraces.com\/index.php?rest_route=\/wp\/v2\/posts"}],"about":[{"href":"https:\/\/noticiasveraces.com\/index.php?rest_route=\/wp\/v2\/types\/post"}],"author":[{"embeddable":true,"href":"https:\/\/noticiasveraces.com\/index.php?rest_route=\/wp\/v2\/users\/1"}],"replies":[{"embeddable":true,"href":"https:\/\/noticiasveraces.com\/index.php?rest_route=%2Fwp%2Fv2%2Fcomments&post=32761"}],"version-history":[{"count":0,"href":"https:\/\/noticiasveraces.com\/index.php?rest_route=\/wp\/v2\/posts\/32761\/revisions"}],"wp:featuredmedia":[{"embeddable":true,"href":"https:\/\/noticiasveraces.com\/index.php?rest_route=\/wp\/v2\/media\/32763"}],"wp:attachment":[{"href":"https:\/\/noticiasveraces.com\/index.php?rest_route=%2Fwp%2Fv2%2Fmedia&parent=32761"}],"wp:term":[{"taxonomy":"category","embeddable":true,"href":"https:\/\/noticiasveraces.com\/index.php?rest_route=%2Fwp%2Fv2%2Fcategories&post=32761"},{"taxonomy":"post_tag","embeddable":true,"href":"https:\/\/noticiasveraces.com\/index.php?rest_route=%2Fwp%2Fv2%2Ftags&post=32761"}],"curies":[{"name":"wp","href":"https:\/\/api.w.org\/{rel}","templated":true}]}}