{"id":32756,"date":"2025-06-22T08:34:32","date_gmt":"2025-06-22T12:34:32","guid":{"rendered":"https:\/\/noticiasveraces.com\/?p=32756"},"modified":"2025-06-22T08:34:32","modified_gmt":"2025-06-22T12:34:32","slug":"alemania-insta-a-iran-a-reanudar-negociaciones-con-ee-uu-dw-22-06-2025","status":"publish","type":"post","link":"https:\/\/noticiasveraces.com\/?p=32756","title":{"rendered":"Alemania insta a Ir\u00e1n a reanudar negociaciones con EE. UU. \u2013 DW \u2013 22\/06\/2025"},"content":{"rendered":"<p> \n<\/p>\n<div id=\"liveblog-post-72999839\"><span class=\"hr9hvkd hb7nbxk seipclg b1ho1h07\">Ir a la siguiente secci\u00f3n Cruz Roja advierte sobre riesgo de una \u00abguerra con consecuencias irreversibles\u00bb en Medio Oriente<\/span><svg xmlns=\"http:\/\/www.w3.org\/2000\/svg\" viewbox=\"0 0 20 20\" class=\"s1ly0d8v\"><g fill=\"none\" fill-rule=\"evenodd\" stroke=\"#002D5A\" stroke-width=\"2\"><path d=\"M4 9L4 16 11 16\" transform=\"rotate(45 7.5 12.5)\"\/><path stroke-linecap=\"square\" d=\"M3.5 12.5L17.5 12.5M17.5 12.5L17.5 5.5M17.5 5L12 5\"\/><\/g><\/svg><\/p>\n<p><span class=\"time-area s1i8qhb9 icns9en i1sf8oqe m1km9ap7 wgx1hx2 b1ho1h07\"><span class=\"publication icns9en i1sf8oqe m1km9ap7 wgx1hx2 b1ho1h07\"><time aria-hidden=\"true\">22\/06\/2025<\/time><span class=\"sr-only s28j2rd\">22 de junio de 2025<\/span><\/span><\/span><\/p>\n<h2 class=\"hr9hvkd h16xqir8 seipclg b1ho1h07\">Cruz Roja advierte sobre riesgo de una \u00abguerra con consecuencias irreversibles\u00bb en Medio Oriente<\/h2>\n<\/p>\n<div class=\"post-rich-text cc0m0op s1ebneao rich-text t1it8i9i r1wgtjne wgx1hx2 b1ho1h07\">\n<p>\u00abLa intensificaci\u00f3n y ampliaci\u00f3n de las grandes operaciones militares en Medio\u00a0Oriente conlleva el riesgo de sumir a la regi\u00f3n\u00a0y al mundo\u00a0en una guerra con consecuencias irreversibles\u00bb, declar\u00f3 este domingo la presidenta del Comit\u00e9 Internacional de la Cruz Roja (CICR), Mirjana Spoljaric, tras los ataques de Estados Unidos contra instalaciones nucleares iran\u00edes.<\/p>\n<p>Asimismo,\u00a0pidi\u00f3 que se proteja a los civiles y al personal m\u00e9dico.\u00a0\u00abEl mundo no puede absorber una guerra sin l\u00edmites\u00bb, apunt\u00f3.\u00a0\u00abCumplir con el derecho internacional humanitario no es una opci\u00f3n,\u00a0es una obligaci\u00f3n. Los civiles deben ser protegidos de la conducta de las hostilidades\u00bb. (afp\/ap)<\/p>\n<\/div>\n<p><span class=\"svdcmki\">https:\/\/p.dw.com\/p\/4wial<\/span><\/p>\n<\/div>\n<div id=\"liveblog-post-72999818\"><span class=\"hr9hvkd hb7nbxk seipclg b1ho1h07\">Ir a la siguiente secci\u00f3n Alemania insta a Ir\u00e1n a reanudar \u00abinmediatamente\u00bb las negociaciones con Estados Unidos<\/span><svg xmlns=\"http:\/\/www.w3.org\/2000\/svg\" viewbox=\"0 0 20 20\" class=\"s1ly0d8v\"><g fill=\"none\" fill-rule=\"evenodd\" stroke=\"#002D5A\" stroke-width=\"2\"><path d=\"M4 9L4 16 11 16\" transform=\"rotate(45 7.5 12.5)\"\/><path stroke-linecap=\"square\" d=\"M3.5 12.5L17.5 12.5M17.5 12.5L17.5 5.5M17.5 5L12 5\"\/><\/g><\/svg><\/p>\n<p><span class=\"time-area s1i8qhb9 icns9en i1sf8oqe m1km9ap7 wgx1hx2 b1ho1h07\"><span class=\"publication icns9en i1sf8oqe m1km9ap7 wgx1hx2 b1ho1h07\"><time aria-hidden=\"true\">22\/06\/2025<\/time><span class=\"sr-only s28j2rd\">22 de junio de 2025<\/span><\/span><\/span><\/p>\n<h2 class=\"hr9hvkd h16xqir8 seipclg b1ho1h07\">Alemania insta a Ir\u00e1n a reanudar \u00abinmediatamente\u00bb las negociaciones con Estados Unidos<\/h2>\n<\/p>\n<div class=\"post-rich-text cc0m0op s1ebneao rich-text t1it8i9i r1wgtjne wgx1hx2 b1ho1h07\">\n<p>Alemania exhort\u00f3 a Ir\u00e1n a reanudar las conversaciones con Estados Unidos tras los ataques estadounidenses contra instalaciones nucleares, al consider que estos hab\u00edan \u00abda\u00f1ado gran parte del programa iran\u00ed\u00bb.<\/p>\n<p>\u00abEl canciller Friedrich Merz reiter\u00f3 su llamado a Ir\u00e1n para que inicie inmediatamente negociaciones con Estados Unidos e Israel con el fin de alcanzar una soluci\u00f3n diplom\u00e1tica al conflicto\u00bb, declar\u00f3 en un comunicado el portavoz del gobierno alem\u00e1n\u00a0Stefan Kornelius\u00a0al t\u00e9rmino de una reuni\u00f3n sobre el tema. (afp\/reuters) <\/p>\n<\/div>\n<p><span class=\"svdcmki\">https:\/\/p.dw.com\/p\/4wiaq<\/span><\/p>\n<\/div>\n<div id=\"liveblog-post-72998698\"><span class=\"hr9hvkd hb7nbxk seipclg b1ho1h07\">Ir a la siguiente secci\u00f3n UE insta a \u00abtodas las partes a dar un paso atr\u00e1s\u00bb tras ataques de Estados Unidos en Ir\u00e1n<\/span><svg xmlns=\"http:\/\/www.w3.org\/2000\/svg\" viewbox=\"0 0 20 20\" class=\"s1ly0d8v\"><g fill=\"none\" fill-rule=\"evenodd\" stroke=\"#002D5A\" stroke-width=\"2\"><path d=\"M4 9L4 16 11 16\" transform=\"rotate(45 7.5 12.5)\"\/><path stroke-linecap=\"square\" d=\"M3.5 12.5L17.5 12.5M17.5 12.5L17.5 5.5M17.5 5L12 5\"\/><\/g><\/svg><\/p>\n<p><span class=\"time-area s1i8qhb9 icns9en i1sf8oqe m1km9ap7 wgx1hx2 b1ho1h07\"><span class=\"publication icns9en i1sf8oqe m1km9ap7 wgx1hx2 b1ho1h07\"><time aria-hidden=\"true\">22\/06\/2025<\/time><span class=\"sr-only s28j2rd\">22 de junio de 2025<\/span><\/span><\/span><\/p>\n<h2 class=\"hr9hvkd h16xqir8 seipclg b1ho1h07\">UE insta a \u00abtodas las partes a dar un paso atr\u00e1s\u00bb tras ataques de Estados Unidos en Ir\u00e1n<\/h2>\n<\/p>\n<div class=\"post-rich-text cc0m0op s1ebneao rich-text t1it8i9i r1wgtjne wgx1hx2 b1ho1h07\">\n<p>La jefa de la diplomacia de la Uni\u00f3n Europea (UE), Kaja Kallas, llam\u00f3 este\u00a0domingo a una desescalada y un regreso a las negociaciones tras los ataques estadounidenses contra instalaciones nucleares iran\u00edes. <\/p>\n<p>\u00abInsto a todas las partes a dar un paso atr\u00e1s, a regresar a la mesa de negociaciones y a evitar cualquier escalada adicional\u00bb, escribi\u00f3 en la red social X.<\/p>\n<p>Ir\u00e1n no debe desarrollar armas nucleares, agreg\u00f3. Los ministros de Relaciones Exteriores de la UE discutir\u00e1n la situaci\u00f3n el lunes.<\/p>\n<blockquote class=\"tweet embed\" data-id=\"1936686010718466546\"\/>\n<p> <\/p>\n<\/div>\n<p><span class=\"svdcmki\">https:\/\/p.dw.com\/p\/4wiim<\/span><\/p>\n<\/div>\n<div id=\"liveblog-post-72998667\"><span class=\"hr9hvkd hb7nbxk seipclg b1ho1h07\">Ir a la siguiente secci\u00f3n OIEA convoca una \u00abreuni\u00f3n de emergencia\u00bb tras ataques de Estados Unidos a Ir\u00e1n<\/span><svg xmlns=\"http:\/\/www.w3.org\/2000\/svg\" viewbox=\"0 0 20 20\" class=\"s1ly0d8v\"><g fill=\"none\" fill-rule=\"evenodd\" stroke=\"#002D5A\" stroke-width=\"2\"><path d=\"M4 9L4 16 11 16\" transform=\"rotate(45 7.5 12.5)\"\/><path stroke-linecap=\"square\" d=\"M3.5 12.5L17.5 12.5M17.5 12.5L17.5 5.5M17.5 5L12 5\"\/><\/g><\/svg><\/p>\n<p><span class=\"time-area s1i8qhb9 icns9en i1sf8oqe m1km9ap7 wgx1hx2 b1ho1h07\"><span class=\"publication icns9en i1sf8oqe m1km9ap7 wgx1hx2 b1ho1h07\"><time aria-hidden=\"true\">22\/06\/2025<\/time><span class=\"sr-only s28j2rd\">22 de junio de 2025<\/span><\/span><\/span><\/p>\n<h2 class=\"hr9hvkd h16xqir8 seipclg b1ho1h07\">OIEA convoca una \u00abreuni\u00f3n de emergencia\u00bb tras ataques de Estados Unidos a Ir\u00e1n<\/h2>\n<\/p>\n<div class=\"post-rich-text cc0m0op s1ebneao rich-text t1it8i9i r1wgtjne wgx1hx2 b1ho1h07\">\n<p>El director del Organismo Internacional de Energ\u00eda At\u00f3mica (OIEA) anunci\u00f3 una \u00abreuni\u00f3n de emergencia\u00bb para el lunes en la sede del organismo de la ONU en Viena, luego de los ataques estadounidenses contra tres instalaciones nucleares iran\u00edes.<\/p>\n<p>\u00abTeniendo en cuenta la situaci\u00f3n urgente en Ir\u00e1n, convoco una reuni\u00f3n de emergencia de la junta de gobernadores para ma\u00f1ana\u00bb, escribi\u00f3 este\u00a0domingo en la red social X.<\/p>\n<blockquote class=\"tweet embed\" data-id=\"1936717589906129068\"\/>\n<p> <\/p>\n<\/div>\n<p><span class=\"svdcmki\">https:\/\/p.dw.com\/p\/4wihr<\/span><\/p>\n<\/div>\n<div id=\"liveblog-post-72998489\"><span class=\"hr9hvkd hb7nbxk seipclg b1ho1h07\">Ir a la siguiente secci\u00f3n Om\u00e1n, mediador en el conflicto, condena los ataques de Estados Unidos contra Ir\u00e1n<\/span><svg xmlns=\"http:\/\/www.w3.org\/2000\/svg\" viewbox=\"0 0 20 20\" class=\"s1ly0d8v\"><g fill=\"none\" fill-rule=\"evenodd\" stroke=\"#002D5A\" stroke-width=\"2\"><path d=\"M4 9L4 16 11 16\" transform=\"rotate(45 7.5 12.5)\"\/><path stroke-linecap=\"square\" d=\"M3.5 12.5L17.5 12.5M17.5 12.5L17.5 5.5M17.5 5L12 5\"\/><\/g><\/svg><\/p>\n<p><span class=\"time-area s1i8qhb9 icns9en i1sf8oqe m1km9ap7 wgx1hx2 b1ho1h07\"><span class=\"publication icns9en i1sf8oqe m1km9ap7 wgx1hx2 b1ho1h07\"><time aria-hidden=\"true\">22\/06\/2025<\/time><span class=\"sr-only s28j2rd\">22 de junio de 2025<\/span><\/span><\/span><\/p>\n<h2 class=\"hr9hvkd h16xqir8 seipclg b1ho1h07\">Om\u00e1n, mediador en el conflicto, condena los ataques de Estados Unidos contra Ir\u00e1n<\/h2>\n<\/p>\n<div class=\"post-rich-text cc0m0op s1ebneao rich-text t1it8i9i r1wgtjne wgx1hx2 b1ho1h07\">\n<p>Om\u00e1n, que desempe\u00f1a el papel de mediador entre Estados Unidos e Ir\u00e1n en las discusiones sobre el tema nuclear, conden\u00f3 este domingo (22.06.2025) los ataques estadounidenses contra instalaciones nucleares en Ir\u00e1n e hizo un llamado a la desescalada.<\/p>\n<p>El sultanato rechaz\u00f3 \u00abesta agresi\u00f3n ilegal\u00bb y llam\u00f3\u00a0a \u00abuna desescalada inmediata\u00bb, afirm\u00f3 un portavoz del Ministerio de Relaciones Exteriores, citado por la agencia de prensa oficial, agregando que \u00abla acci\u00f3n emprendida por Estados Unidos amenaza con ampliar la extensi\u00f3n de la guerra y constituye una violaci\u00f3n grave del derecho internacional\u00bb. (afp\/dpa) <\/p>\n<\/div>\n<p><span class=\"svdcmki\">https:\/\/p.dw.com\/p\/4wiez<\/span><\/p>\n<\/div>\n<div id=\"liveblog-post-72998100\"><span class=\"hr9hvkd hb7nbxk seipclg b1ho1h07\">Ir a la siguiente secci\u00f3n Reino Unido: \u00abA Ir\u00e1n nunca se le puede permitir desarrollar un arma nuclear\u00bb<\/span><svg xmlns=\"http:\/\/www.w3.org\/2000\/svg\" viewbox=\"0 0 20 20\" class=\"s1ly0d8v\"><g fill=\"none\" fill-rule=\"evenodd\" stroke=\"#002D5A\" stroke-width=\"2\"><path d=\"M4 9L4 16 11 16\" transform=\"rotate(45 7.5 12.5)\"\/><path stroke-linecap=\"square\" d=\"M3.5 12.5L17.5 12.5M17.5 12.5L17.5 5.5M17.5 5L12 5\"\/><\/g><\/svg><\/p>\n<p><span class=\"time-area s1i8qhb9 icns9en i1sf8oqe m1km9ap7 wgx1hx2 b1ho1h07\"><span class=\"publication icns9en i1sf8oqe m1km9ap7 wgx1hx2 b1ho1h07\"><time aria-hidden=\"true\">22\/06\/2025<\/time><span class=\"sr-only s28j2rd\">22 de junio de 2025<\/span><\/span><\/span><\/p>\n<h2 class=\"hr9hvkd h16xqir8 seipclg b1ho1h07\">Reino Unido: \u00abA Ir\u00e1n nunca se le puede permitir desarrollar un arma nuclear\u00bb<\/h2>\n<\/p>\n<div class=\"post-rich-text cc0m0op s1ebneao rich-text t1it8i9i r1wgtjne wgx1hx2 b1ho1h07\">\n<p>El primer ministro de Reino Unido, Keir Starmer, pidi\u00f3 a Ir\u00e1n que \u00abregrese a la mesa de negociaciones\u00bb y dijo que \u00abla estabilidad en la regi\u00f3n es una prioridad\u00bb, despu\u00e9s de que Estados Unidos realizara ataques a las instalaciones nucleares iran\u00edes.<\/p>\n<p>\u00abA Ir\u00e1n nunca se le puede permitir desarrollar un arma nuclear y Estados Unidos ha tomado medidas para aliviar esa amenaza\u00bb, escribi\u00f3 en la red social X. \u00abHacemos un llamado a Ir\u00e1n para que regrese a la mesa de negociaciones y alcance una soluci\u00f3n diplom\u00e1tica para poner fin a esta crisis\u00bb.<\/p>\n<blockquote class=\"tweet embed\" data-id=\"1936675855675035868\"\/>\n<p> <\/p>\n<\/div>\n<p><span class=\"svdcmki\">https:\/\/p.dw.com\/p\/4wi8i<\/span><\/p>\n<\/div>\n<div id=\"liveblog-post-72998097\"><span class=\"hr9hvkd hb7nbxk seipclg b1ho1h07\">Ir a la siguiente secci\u00f3n Ir\u00e1n dice que Estados Unidos \u00abno se detendr\u00e1 ante ninguna ilegalidad\u00bb para apoyar a Israel<\/span><svg xmlns=\"http:\/\/www.w3.org\/2000\/svg\" viewbox=\"0 0 20 20\" class=\"s1ly0d8v\"><g fill=\"none\" fill-rule=\"evenodd\" stroke=\"#002D5A\" stroke-width=\"2\"><path d=\"M4 9L4 16 11 16\" transform=\"rotate(45 7.5 12.5)\"\/><path stroke-linecap=\"square\" d=\"M3.5 12.5L17.5 12.5M17.5 12.5L17.5 5.5M17.5 5L12 5\"\/><\/g><\/svg><\/p>\n<p><span class=\"time-area s1i8qhb9 icns9en i1sf8oqe m1km9ap7 wgx1hx2 b1ho1h07\"><span class=\"publication icns9en i1sf8oqe m1km9ap7 wgx1hx2 b1ho1h07\"><time aria-hidden=\"true\">22\/06\/2025<\/time><span class=\"sr-only s28j2rd\">22 de junio de 2025<\/span><\/span><\/span><\/p>\n<h2 class=\"hr9hvkd h16xqir8 seipclg b1ho1h07\">Ir\u00e1n dice que Estados Unidos \u00abno se detendr\u00e1 ante ninguna ilegalidad\u00bb para apoyar a Israel<\/h2>\n<\/p>\n<div class=\"post-rich-text cc0m0op s1ebneao rich-text t1it8i9i r1wgtjne wgx1hx2 b1ho1h07\">\n<p>El Ministerio de Relaciones Exteriores de Ir\u00e1n dijo que los ataques de este domingo a instalaciones nucleares por parte de Estados Unidos demostraron que Washington \u00abno se detendr\u00e1 ante ninguna ilegalidad o crimen\u00bb para apoyar a Israel.<\/p>\n<p>\u00abAhora se ha vuelto completamente claro para todos que el mismo r\u00e9gimen que disfruta de membres\u00eda permanente en el Consejo de Seguridad no est\u00e1 sujeto a ning\u00fan principio o moralidad y no se detendr\u00e1 ante ninguna ilegalidad o crimen para servir a los prop\u00f3sitos de un r\u00e9gimen genocida y ocupante\u00bb, denunci\u00f3 el organismo en un comunicado, en referencia a Estados Unidos e Israel, respectivamente.<\/p>\n<\/div>\n<p><span class=\"svdcmki\">https:\/\/p.dw.com\/p\/4wi8f<\/span><\/p>\n<\/div>\n<div id=\"liveblog-post-72997635\"><span class=\"hr9hvkd hb7nbxk seipclg b1ho1h07\">Ir a la siguiente secci\u00f3n No han aumentado los niveles de radiaci\u00f3n tras ataque de Estados Unidos a Ir\u00e1n, dice el OIEA<\/span><svg xmlns=\"http:\/\/www.w3.org\/2000\/svg\" viewbox=\"0 0 20 20\" class=\"s1ly0d8v\"><g fill=\"none\" fill-rule=\"evenodd\" stroke=\"#002D5A\" stroke-width=\"2\"><path d=\"M4 9L4 16 11 16\" transform=\"rotate(45 7.5 12.5)\"\/><path stroke-linecap=\"square\" d=\"M3.5 12.5L17.5 12.5M17.5 12.5L17.5 5.5M17.5 5L12 5\"\/><\/g><\/svg><\/p>\n<p><span class=\"time-area s1i8qhb9 icns9en i1sf8oqe m1km9ap7 wgx1hx2 b1ho1h07\"><span class=\"publication icns9en i1sf8oqe m1km9ap7 wgx1hx2 b1ho1h07\"><time aria-hidden=\"true\">22\/06\/2025<\/time><span class=\"sr-only s28j2rd\">22 de junio de 2025<\/span><\/span><\/span><\/p>\n<h2 class=\"hr9hvkd h16xqir8 seipclg b1ho1h07\">No han aumentado los niveles de radiaci\u00f3n tras ataque de Estados Unidos a Ir\u00e1n, dice el OIEA<\/h2>\n<\/p>\n<div class=\"post-rich-text cc0m0op s1ebneao rich-text t1it8i9i r1wgtjne wgx1hx2 b1ho1h07\">\n<p> No se ha detectado un aumento en los niveles de radiaci\u00f3n en las centrales nucleares de Ir\u00e1n tras los bombardeos estadounidenses, indic\u00f3 este domingo el Organismo Internacional de Energ\u00eda At\u00f3mica (OIEA).<\/p>\n<p>\u00abTras los ataques contra tres sitios nucleares en Ir\u00e1n (&#8230;), el OIEA puede confirmar que no se han reportado aumentos en los niveles de radiaci\u00f3n hasta este momento\u00bb, indic\u00f3 la entidad en la red social X, horas despu\u00e9s de que el presidente estadounidense\u00a0Donald Trump\u00a0anunciara que los bombardeos \u00abdestruyeron totalmente\u00bb las instalaciones de Fordo, Isfah\u00e1n y Natanz. (afp\/ap) <\/p>\n<\/div>\n<p><span class=\"svdcmki\">https:\/\/p.dw.com\/p\/4wi1d<\/span><\/p>\n<\/div>\n<div id=\"liveblog-post-72997620\"><span class=\"hr9hvkd hb7nbxk seipclg b1ho1h07\">Ir a la siguiente secci\u00f3n Once heridos tras lanzamiento de misiles iran\u00edes contra Israel, dicen rescatistas<\/span><svg xmlns=\"http:\/\/www.w3.org\/2000\/svg\" viewbox=\"0 0 20 20\" class=\"s1ly0d8v\"><g fill=\"none\" fill-rule=\"evenodd\" stroke=\"#002D5A\" stroke-width=\"2\"><path d=\"M4 9L4 16 11 16\" transform=\"rotate(45 7.5 12.5)\"\/><path stroke-linecap=\"square\" d=\"M3.5 12.5L17.5 12.5M17.5 12.5L17.5 5.5M17.5 5L12 5\"\/><\/g><\/svg><\/p>\n<p><span class=\"time-area s1i8qhb9 icns9en i1sf8oqe m1km9ap7 wgx1hx2 b1ho1h07\"><span class=\"publication icns9en i1sf8oqe m1km9ap7 wgx1hx2 b1ho1h07\"><time aria-hidden=\"true\">22\/06\/2025<\/time><span class=\"sr-only s28j2rd\">22 de junio de 2025<\/span><\/span><\/span><\/p>\n<h2 class=\"hr9hvkd h16xqir8 seipclg b1ho1h07\">Once heridos tras lanzamiento de misiles iran\u00edes contra Israel, dicen rescatistas<\/h2>\n<\/p>\n<div class=\"post-rich-text cc0m0op s1ebneao rich-text t1it8i9i r1wgtjne wgx1hx2 b1ho1h07\">\n<p>Once personas resultaron heridas tras el lanzamiento de misiles iran\u00edes este domingo contra territorio israel\u00ed, inform\u00f3 una organizaci\u00f3n de rescate, mientras la televisi\u00f3n p\u00fablica dio a conocer grandes da\u00f1os en el centro de Israel.<\/p>\n<p>Los rescatistas \u00abbrindaron atenci\u00f3n m\u00e9dica y evacuaron al hospital a 11 heridos, uno de ellos en estado moderado\u00bb, indic\u00f3 en un comunicado Magen David Adom, el equivalente israel\u00ed de la Cruz Roja, sin precisar d\u00f3nde se dieron las lesiones.<\/p>\n<p>A su vez, el canal p\u00fablico KAN 11 emiti\u00f3 im\u00e1genes de grandes destrozos \u00aben el centro del pa\u00eds\u00bb, sin m\u00e1s detalles, mostrando un edificio de varios pisos con la fachada totalmente destruida y otros edificios da\u00f1ados alrededor. (afp\/efe) <\/p>\n<\/div>\n<p><span class=\"svdcmki\">https:\/\/p.dw.com\/p\/4wi0y<\/span><\/p>\n<\/div>\n<div id=\"liveblog-post-72997491\"><span class=\"hr9hvkd hb7nbxk seipclg b1ho1h07\">Ir a la siguiente secci\u00f3n Jefe de la diplomacia iran\u00ed afirma que ataques de EEUU tendr\u00e1n \u00abconsecuencias eternas\u00bb<\/p>\n<p><\/span><svg xmlns=\"http:\/\/www.w3.org\/2000\/svg\" viewbox=\"0 0 20 20\" class=\"s1ly0d8v\"><g fill=\"none\" fill-rule=\"evenodd\" stroke=\"#002D5A\" stroke-width=\"2\"><path d=\"M4 9L4 16 11 16\" transform=\"rotate(45 7.5 12.5)\"\/><path stroke-linecap=\"square\" d=\"M3.5 12.5L17.5 12.5M17.5 12.5L17.5 5.5M17.5 5L12 5\"\/><\/g><\/svg><\/p>\n<p><span class=\"time-area s1i8qhb9 icns9en i1sf8oqe m1km9ap7 wgx1hx2 b1ho1h07\"><span class=\"publication icns9en i1sf8oqe m1km9ap7 wgx1hx2 b1ho1h07\"><time aria-hidden=\"true\">22\/06\/2025<\/time><span class=\"sr-only s28j2rd\">22 de junio de 2025<\/span><\/span><\/span><\/p>\n<h2 class=\"hr9hvkd h16xqir8 seipclg b1ho1h07\">Jefe de la diplomacia iran\u00ed afirma que ataques de EEUU tendr\u00e1n \u00abconsecuencias eternas\u00bb<\/p>\n<\/h2>\n<div class=\"post-rich-text cc0m0op s1ebneao rich-text t1it8i9i r1wgtjne wgx1hx2 b1ho1h07\">\n<p>Los ataques estadounidenses contra sitios nucleares de Ir\u00e1n \u00abtendr\u00e1n consecuencias eternas\u00bb, advirti\u00f3 el domingo el ministro iran\u00ed de Relaciones Exteriores, Ab\u00e1s Araqchi<\/p>\n<p>\u00abLos acontecimientos de esta ma\u00f1ana son escandalosos y tendr\u00e1n consecuencias eternas\u00bb, escribi\u00f3 Araqchi en X, donde denunci\u00f3 el \u00abcomportamiento extremadamente peligroso, an\u00e1rquico y criminal\u00bb de Estados Unidos. \u00abIr\u00e1n se reserva todas las opciones para defender su soberan\u00eda, sus intereses y su pueblo\u00bb, agreg\u00f3. mg (afp, Reuters)<\/p>\n<\/div>\n<p><span class=\"svdcmki\">https:\/\/p.dw.com\/p\/4whyt<\/span><\/p>\n<\/div>\n<div id=\"liveblog-post-72997368\"><span class=\"hr9hvkd hb7nbxk seipclg b1ho1h07\">Ir a la siguiente secci\u00f3n Agencia at\u00f3mica iran\u00ed dice que ataques de EEUU no detendr\u00e1n sus actividades nucleares<\/span><svg xmlns=\"http:\/\/www.w3.org\/2000\/svg\" viewbox=\"0 0 20 20\" class=\"s1ly0d8v\"><g fill=\"none\" fill-rule=\"evenodd\" stroke=\"#002D5A\" stroke-width=\"2\"><path d=\"M4 9L4 16 11 16\" transform=\"rotate(45 7.5 12.5)\"\/><path stroke-linecap=\"square\" d=\"M3.5 12.5L17.5 12.5M17.5 12.5L17.5 5.5M17.5 5L12 5\"\/><\/g><\/svg><\/p>\n<p><span class=\"time-area s1i8qhb9 icns9en i1sf8oqe m1km9ap7 wgx1hx2 b1ho1h07\"><span class=\"publication icns9en i1sf8oqe m1km9ap7 wgx1hx2 b1ho1h07\"><time aria-hidden=\"true\">22\/06\/2025<\/time><span class=\"sr-only s28j2rd\">22 de junio de 2025<\/span><\/span><\/span><\/p>\n<h2 class=\"hr9hvkd h16xqir8 seipclg b1ho1h07\">Agencia at\u00f3mica iran\u00ed dice que ataques de EEUU no detendr\u00e1n sus actividades nucleares<\/h2>\n<\/p>\n<div class=\"post-rich-text cc0m0op s1ebneao rich-text t1it8i9i r1wgtjne wgx1hx2 b1ho1h07\">\n<p>El organismo at\u00f3mico de Ir\u00e1n\u00a0conden\u00f3 el domingo los \u00abb\u00e1rbaros\u00bb ataques estadounidenses contra sus sitios nucleares y asegur\u00f3 que no detendr\u00e1n sus actividades de energ\u00eda nuclear.<\/p>\n<p>\u00abLa Organizaci\u00f3n de Energ\u00eda At\u00f3mica de Ir\u00e1n asegura a la gran naci\u00f3n iran\u00ed que, a pesar de las malvadas conspiraciones de sus enemigos\u00bb, Ir\u00e1n \u00abno dejar\u00e1 que el camino del desarrollo de esta industria nacional (nuclear), que es el resultado de la sangre de m\u00e1rtires nucleares, se detenga\u00bb, dijo la entidad en un comunicado publicado por la prensa estatal. mg (afp, efe) <\/p>\n<\/div>\n<p><span class=\"svdcmki\">https:\/\/p.dw.com\/p\/4whwu<\/span><\/p>\n<\/div>\n<div id=\"liveblog-post-72997356\"><span class=\"hr9hvkd hb7nbxk seipclg b1ho1h07\">Ir a la siguiente secci\u00f3n Netanyahu felicita a Trump por ataque en Ir\u00e1n y dice que \u00abLa paz se logra con la fuerza\u00bb<\/span><svg xmlns=\"http:\/\/www.w3.org\/2000\/svg\" viewbox=\"0 0 20 20\" class=\"s1ly0d8v\"><g fill=\"none\" fill-rule=\"evenodd\" stroke=\"#002D5A\" stroke-width=\"2\"><path d=\"M4 9L4 16 11 16\" transform=\"rotate(45 7.5 12.5)\"\/><path stroke-linecap=\"square\" d=\"M3.5 12.5L17.5 12.5M17.5 12.5L17.5 5.5M17.5 5L12 5\"\/><\/g><\/svg><\/p>\n<p><span class=\"time-area s1i8qhb9 icns9en i1sf8oqe m1km9ap7 wgx1hx2 b1ho1h07\"><span class=\"publication icns9en i1sf8oqe m1km9ap7 wgx1hx2 b1ho1h07\"><time aria-hidden=\"true\">22\/06\/2025<\/time><span class=\"sr-only s28j2rd\">22 de junio de 2025<\/span><\/span><\/span><\/p>\n<h2 class=\"hr9hvkd h16xqir8 seipclg b1ho1h07\">Netanyahu felicita a Trump por ataque en Ir\u00e1n y dice que \u00abLa paz se logra con la fuerza\u00bb<\/h2>\n<\/p>\n<div class=\"post-rich-text cc0m0op s1ebneao rich-text t1it8i9i r1wgtjne wgx1hx2 b1ho1h07\">\n<p>El primer ministro de Israel, Benjam\u00edn Netanyahu, felicit\u00f3 este s\u00e1bado al presidente de EE.UU., Donald Trump, por su \u00abaudaz decisi\u00f3n\u00bb de bombardear tres instalaciones nucleares en Ir\u00e1n y agreg\u00f3: \u00abel presidente Trump y yo solemos decir: &#8216;La paz se logra con la fuerza'\u00bb. <\/p>\n<p>En un video publicado en su cuenta de X, el l\u00edder israel\u00ed escribi\u00f3 que \u00abprimero viene la fuerza, luego la paz (&#8230;) Y esta noche, @realDonaldTrump y Estados Unidos actuaron con mucha fuerza\u00bb. <\/p>\n<p>El presidente Trump afirm\u00f3 este s\u00e1bado en un mnesaje a la naci\u00f3n desde la Casa Blanca que Estados Unidos hab\u00eda completado \u00abcon \u00e9xito\u00bb un ataque contra las instalaciones nucleares iran\u00edes, los primeros bombardeos estadounidenses que se producen en el marco del conflicto actual entre Israel e Ir\u00e1n. <br \/>MG (Efe, Reuters)<\/p>\n<\/div>\n<p><span class=\"svdcmki\">https:\/\/p.dw.com\/p\/4whwi<\/span><\/p>\n<\/div>\n<div id=\"liveblog-post-72997265\"><span class=\"hr9hvkd hb7nbxk seipclg b1ho1h07\">Ir a la siguiente secci\u00f3n Trump advierte a Ir\u00e1n: \u00absi la paz no llega r\u00e1pido, iremos por otros objetivos\u00bb<\/span><svg xmlns=\"http:\/\/www.w3.org\/2000\/svg\" viewbox=\"0 0 20 20\" class=\"s1ly0d8v\"><g fill=\"none\" fill-rule=\"evenodd\" stroke=\"#002D5A\" stroke-width=\"2\"><path d=\"M4 9L4 16 11 16\" transform=\"rotate(45 7.5 12.5)\"\/><path stroke-linecap=\"square\" d=\"M3.5 12.5L17.5 12.5M17.5 12.5L17.5 5.5M17.5 5L12 5\"\/><\/g><\/svg><\/p>\n<p><span class=\"time-area s1i8qhb9 icns9en i1sf8oqe m1km9ap7 wgx1hx2 b1ho1h07\"><span class=\"publication icns9en i1sf8oqe m1km9ap7 wgx1hx2 b1ho1h07\"><time aria-hidden=\"true\">22\/06\/2025<\/time><span class=\"sr-only s28j2rd\">22 de junio de 2025<\/span><\/span><\/span><\/p>\n<h2 class=\"hr9hvkd h16xqir8 seipclg b1ho1h07\">Trump advierte a Ir\u00e1n: \u00absi la paz no llega r\u00e1pido, iremos por otros objetivos\u00bb<\/h2>\n<\/p>\n<div class=\"post-rich-text cc0m0op s1ebneao rich-text t1it8i9i r1wgtjne wgx1hx2 b1ho1h07\">\n<p>El presidente de Estados Unidos, Donald Trump, avis\u00f3 a Ir\u00e1n -en un discurso a la naci\u00f3n- que \u00absi la paz no llegar pronto\u00bb, tras el ataque estadounidense a sus principales instalaciones del programa nuclear, \u00abiremos por esos otros objetivos, con precisi\u00f3n, velocidad y destreza\u00bb.<\/p>\n<p>\u00abHabr\u00e1 paz o una tragedia para Ir\u00e1n mucho mayor que la que hemos presenciado en los \u00faltimos ocho d\u00edas. Recuerden, a\u00fan quedan muchos objetivos por alcanzar\u00bb, dijo Trump en un discurso a la naci\u00f3n desde la Casa Blanca. <\/p>\n<\/div>\n<p><span class=\"svdcmki\">https:\/\/p.dw.com\/p\/4whvf<\/span><\/p>\n<\/div>\n<div id=\"liveblog-post-72997263\"><span class=\"hr9hvkd hb7nbxk seipclg b1ho1h07\">Ir a la siguiente secci\u00f3n Jefe de la ONU alerta que ataques de EEUU contra Ir\u00e1n son una \u00abescalada peligrosa\u00bb<\/span><svg xmlns=\"http:\/\/www.w3.org\/2000\/svg\" viewbox=\"0 0 20 20\" class=\"s1ly0d8v\"><g fill=\"none\" fill-rule=\"evenodd\" stroke=\"#002D5A\" stroke-width=\"2\"><path d=\"M4 9L4 16 11 16\" transform=\"rotate(45 7.5 12.5)\"\/><path stroke-linecap=\"square\" d=\"M3.5 12.5L17.5 12.5M17.5 12.5L17.5 5.5M17.5 5L12 5\"\/><\/g><\/svg><\/p>\n<p><span class=\"time-area s1i8qhb9 icns9en i1sf8oqe m1km9ap7 wgx1hx2 b1ho1h07\"><span class=\"publication icns9en i1sf8oqe m1km9ap7 wgx1hx2 b1ho1h07\"><time aria-hidden=\"true\">22\/06\/2025<\/time><span class=\"sr-only s28j2rd\">22 de junio de 2025<\/span><\/span><\/span><\/p>\n<h2 class=\"hr9hvkd h16xqir8 seipclg b1ho1h07\">Jefe de la ONU alerta que ataques de EEUU contra Ir\u00e1n son una \u00abescalada peligrosa\u00bb<\/h2>\n<\/p>\n<div class=\"post-rich-text cc0m0op s1ebneao rich-text t1it8i9i r1wgtjne wgx1hx2 b1ho1h07\">\n<p>El secretario general de la ONU, Ant\u00f3nio Guterres, expres\u00f3 el s\u00e1bado su preocupaci\u00f3n por los ataques de Estados Unidos contra instalaciones nucleares iran\u00edes, y los calific\u00f3 de \u00abescalada peligrosa en una regi\u00f3n que ya se encuentra al borde del abismo\u00bb.<\/p>\n<p>\u00abEn estos momentos tan convulsos, es fundamental evitar una espiral de caos\u00bb, afirm\u00f3 Guterres en un comunicado. \u00abNo hay soluci\u00f3n militar. El \u00fanico camino a seguir es la diplomacia. La \u00fanica esperanza es la paz\u00bb, a\u00f1adi\u00f3. mg (afp, Reuters)<\/p>\n<blockquote class=\"tweet embed\" data-id=\"1936603735330898368\"\/><\/div>\n<p><span class=\"svdcmki\">https:\/\/p.dw.com\/p\/4whvd<\/span><\/p>\n<\/div>\n<div id=\"liveblog-post-72997165\"><span class=\"hr9hvkd hb7nbxk seipclg b1ho1h07\">Ir a la siguiente secci\u00f3n Prensa iran\u00ed dice que sitios nucleares fueron \u00abatacados por bombardeos enemigos\u00bb<\/span><svg xmlns=\"http:\/\/www.w3.org\/2000\/svg\" viewbox=\"0 0 20 20\" class=\"s1ly0d8v\"><g fill=\"none\" fill-rule=\"evenodd\" stroke=\"#002D5A\" stroke-width=\"2\"><path d=\"M4 9L4 16 11 16\" transform=\"rotate(45 7.5 12.5)\"\/><path stroke-linecap=\"square\" d=\"M3.5 12.5L17.5 12.5M17.5 12.5L17.5 5.5M17.5 5L12 5\"\/><\/g><\/svg><\/p>\n<p><span class=\"time-area s1i8qhb9 icns9en i1sf8oqe m1km9ap7 wgx1hx2 b1ho1h07\"><span class=\"publication icns9en i1sf8oqe m1km9ap7 wgx1hx2 b1ho1h07\"><time aria-hidden=\"true\">22\/06\/2025<\/time><span class=\"sr-only s28j2rd\">22 de junio de 2025<\/span><\/span><\/span><\/p>\n<h2 class=\"hr9hvkd h16xqir8 seipclg b1ho1h07\">Prensa iran\u00ed dice que sitios nucleares fueron \u00abatacados por bombardeos enemigos\u00bb<\/h2>\n<\/p>\n<div class=\"post-rich-text cc0m0op s1ebneao rich-text t1it8i9i r1wgtjne wgx1hx2 b1ho1h07\">\n<p>La prensa de Ir\u00e1n\u00a0inform\u00f3 el domingo que parte de la instalaci\u00f3n de enriquecimiento de uranio Fordo, as\u00ed como los sitios nucleares de Isfahan y Natanz, fueron atacadas, luego de que el presidente estadounidense Donald Trump anunciara que Estados Unidos los hab\u00eda bombardeado.<\/p>\n<p>\u00abHace pocas horas, (&#8230;) parte del sitio nuclear de Fordo fue atacado por bombardeos enemigos\u00bb, public\u00f3 la agencia noticiosa Tasnim, citando a Morteza Heydari, portavoz del departamento de manejo de crisis de la provincia de Qom.<\/p>\n<p>Por otra parte, la agencia noticiosa Fars indic\u00f3 que \u00ablas defensas a\u00e9reas de Isfahan y Kashan comenzaron a trabajar para contrarrestar objetivos hostiles, y se escucharon varias explosiones simult\u00e1neas\u00bb. <\/p>\n<\/div>\n<p><span class=\"svdcmki\">https:\/\/p.dw.com\/p\/4whtd<\/span><\/p>\n<\/div>\n\n","protected":false},"excerpt":{"rendered":"<p>Ir a la siguiente secci\u00f3n Cruz Roja advierte sobre riesgo de una \u00abguerra con consecuencias irreversibles\u00bb en Medio Oriente 22\/06\/202522 de junio de 2025 Cruz Roja advierte sobre riesgo de una \u00abguerra con consecuencias irreversibles\u00bb en Medio Oriente \u00abLa intensificaci\u00f3n y ampliaci\u00f3n de las grandes operaciones militares en Medio\u00a0Oriente conlleva el riesgo de sumir a &hellip;<\/p>\n","protected":false},"author":1,"featured_media":32757,"comment_status":"open","ping_status":"open","sticky":false,"template":"","format":"standard","meta":{"fifu_image_url":"https:\/\/static.dw.com\/image\/72997228_6.jpg","fifu_image_alt":"","footnotes":""},"categories":[13],"tags":[],"class_list":["post-32756","post","type-post","status-publish","format-standard","has-post-thumbnail","","category-mundo"],"_links":{"self":[{"href":"https:\/\/noticiasveraces.com\/index.php?rest_route=\/wp\/v2\/posts\/32756","targetHints":{"allow":["GET"]}}],"collection":[{"href":"https:\/\/noticiasveraces.com\/index.php?rest_route=\/wp\/v2\/posts"}],"about":[{"href":"https:\/\/noticiasveraces.com\/index.php?rest_route=\/wp\/v2\/types\/post"}],"author":[{"embeddable":true,"href":"https:\/\/noticiasveraces.com\/index.php?rest_route=\/wp\/v2\/users\/1"}],"replies":[{"embeddable":true,"href":"https:\/\/noticiasveraces.com\/index.php?rest_route=%2Fwp%2Fv2%2Fcomments&post=32756"}],"version-history":[{"count":0,"href":"https:\/\/noticiasveraces.com\/index.php?rest_route=\/wp\/v2\/posts\/32756\/revisions"}],"wp:featuredmedia":[{"embeddable":true,"href":"https:\/\/noticiasveraces.com\/index.php?rest_route=\/wp\/v2\/media\/32757"}],"wp:attachment":[{"href":"https:\/\/noticiasveraces.com\/index.php?rest_route=%2Fwp%2Fv2%2Fmedia&parent=32756"}],"wp:term":[{"taxonomy":"category","embeddable":true,"href":"https:\/\/noticiasveraces.com\/index.php?rest_route=%2Fwp%2Fv2%2Fcategories&post=32756"},{"taxonomy":"post_tag","embeddable":true,"href":"https:\/\/noticiasveraces.com\/index.php?rest_route=%2Fwp%2Fv2%2Ftags&post=32756"}],"curies":[{"name":"wp","href":"https:\/\/api.w.org\/{rel}","templated":true}]}}