{"id":32750,"date":"2025-06-22T07:34:01","date_gmt":"2025-06-22T11:34:01","guid":{"rendered":"https:\/\/noticiasveraces.com\/?p=32750"},"modified":"2025-06-22T07:34:01","modified_gmt":"2025-06-22T11:34:01","slug":"panama-impone-estado-de-urgencia-y-corta-internet-en-bocas-del-toro-en-medio-de-ola-de-protestas","status":"publish","type":"post","link":"https:\/\/noticiasveraces.com\/?p=32750","title":{"rendered":"Panam\u00e1 impone &quot;estado de urgencia&quot; y corta internet en Bocas del Toro en medio de ola de protestas"},"content":{"rendered":"<p> \n<br \/><img decoding=\"async\" src=\"https:\/\/s.france24.com\/media\/display\/6736f6d4-4ef6-11f0-8e2a-005056bf30b7\/w:1024\/p:16x9\/AP25156627186464.jpg\" \/><br \/>La tur\u00edstica provincia de Bocas del Toro, en el norte de Panam\u00e1, completa sus primeras horas sin algunas garant\u00edas constitucionales para su poblaci\u00f3n en medio del estado de urgencia decretado por el gobierno central de Jos\u00e9 Ra\u00fal Mulino. Este s\u00e1bado, Bocas del Toro amaneci\u00f3 sin servicio de telecomunicaciones. Al menos 140 personas han sido detenidas en medio de un estallido social en contra de una reforma a la seguridad social, que empez\u00f3 desde finales de abril.<br \/>\n<br \/>\n","protected":false},"excerpt":{"rendered":"<p>La tur\u00edstica provincia de Bocas del Toro, en el norte de Panam\u00e1, completa sus primeras horas sin algunas garant\u00edas constitucionales para su poblaci\u00f3n en medio del estado de urgencia decretado por el gobierno central de Jos\u00e9 Ra\u00fal Mulino. Este s\u00e1bado, Bocas del Toro amaneci\u00f3 sin servicio de telecomunicaciones. Al menos 140 personas han sido detenidas &hellip;<\/p>\n","protected":false},"author":1,"featured_media":32752,"comment_status":"open","ping_status":"open","sticky":false,"template":"","format":"standard","meta":{"fifu_image_url":"https:\/\/s.france24.com\/media\/display\/6736f6d4-4ef6-11f0-8e2a-005056bf30b7\/w:1024\/p:16x9\/AP25156627186464.jpg","fifu_image_alt":"","footnotes":""},"categories":[13],"tags":[],"class_list":["post-32750","post","type-post","status-publish","format-standard","has-post-thumbnail","","category-mundo"],"_links":{"self":[{"href":"https:\/\/noticiasveraces.com\/index.php?rest_route=\/wp\/v2\/posts\/32750","targetHints":{"allow":["GET"]}}],"collection":[{"href":"https:\/\/noticiasveraces.com\/index.php?rest_route=\/wp\/v2\/posts"}],"about":[{"href":"https:\/\/noticiasveraces.com\/index.php?rest_route=\/wp\/v2\/types\/post"}],"author":[{"embeddable":true,"href":"https:\/\/noticiasveraces.com\/index.php?rest_route=\/wp\/v2\/users\/1"}],"replies":[{"embeddable":true,"href":"https:\/\/noticiasveraces.com\/index.php?rest_route=%2Fwp%2Fv2%2Fcomments&post=32750"}],"version-history":[{"count":0,"href":"https:\/\/noticiasveraces.com\/index.php?rest_route=\/wp\/v2\/posts\/32750\/revisions"}],"wp:featuredmedia":[{"embeddable":true,"href":"https:\/\/noticiasveraces.com\/index.php?rest_route=\/wp\/v2\/media\/32752"}],"wp:attachment":[{"href":"https:\/\/noticiasveraces.com\/index.php?rest_route=%2Fwp%2Fv2%2Fmedia&parent=32750"}],"wp:term":[{"taxonomy":"category","embeddable":true,"href":"https:\/\/noticiasveraces.com\/index.php?rest_route=%2Fwp%2Fv2%2Fcategories&post=32750"},{"taxonomy":"post_tag","embeddable":true,"href":"https:\/\/noticiasveraces.com\/index.php?rest_route=%2Fwp%2Fv2%2Ftags&post=32750"}],"curies":[{"name":"wp","href":"https:\/\/api.w.org\/{rel}","templated":true}]}}