{"id":32744,"date":"2025-06-22T05:32:11","date_gmt":"2025-06-22T09:32:11","guid":{"rendered":"https:\/\/noticiasveraces.com\/?p=32744"},"modified":"2025-06-22T05:32:11","modified_gmt":"2025-06-22T09:32:11","slug":"la-lucha-contra-la-despoblacion-en-alemania-del-este-dw-20-06-2025","status":"publish","type":"post","link":"https:\/\/noticiasveraces.com\/?p=32744","title":{"rendered":"La lucha contra la despoblaci\u00f3n en Alemania del Este \u2013 DW \u2013 20\/06\/2025"},"content":{"rendered":"<p> \n<\/p>\n<div>\n<p>\u00abNo hay problemas para encontrar un alojamiento asequible, no hay atascos, no hay horas punta, y nunca he tenido problemas para encontrar aparcamiento\u201d, afirma Anika Franze desde detr\u00e1s de su escritorio en el centro de la peque\u00f1a ciudad de Guben.<\/p>\n<p>Esta mujer de 38 a\u00f1os naci\u00f3 en Berl\u00edn Este, en la antigua Rep\u00fablica Democr\u00e1tica Alemana, y vivi\u00f3 la mayor parte de su vida antes y despu\u00e9s de la ca\u00edda del Muro en el mismo distrito de la capital. Pero dice que el ajetreo y la sensaci\u00f3n de impotencia ante la creciente desigualdad, por no hablar de la calamitosa situaci\u00f3n de la vivienda, le hicieron querer marcharse hace tiempo.<\/p>\n<p>Mientras conduc\u00eda por Brandeburgo con la \u00fanica compa\u00f1\u00eda de la radio local, oy\u00f3 hablar de un programa de \u00abviviendas de prueba\u201d (Probewohnen) que ofrec\u00eda a la gente la posibilidad de quedarse hasta cuatro semanas gratis en Guben, en la frontera oriental de Alemania con Polonia. La idea era animar a m\u00e1s gente a instalarse en la ciudad para luchar contra la despoblaci\u00f3n.<\/p>\n<p>Franze lleva ocho meses viviendo en Guben\u00a0y ahora dirige el proyecto que la trajo por primera vez a la ciudad. Treinta personas participaron en el programa de Guben el a\u00f1o pasado, y seis de ellas se trasladaron a vivir aqu\u00ed a largo plazo. Tambi\u00e9n se han puesto en marcha proyectos similares en ciudades cercanas de la regi\u00f3n de Lusacia, como Fr\u00e1ncfort (Oder), y m\u00e1s recientemente en Eisenh\u00fcttenstadt.<\/p>\n<h2>Nuevas soluciones para una poblaci\u00f3n envejecida<\/h2>\n<p>Guben es s\u00f3lo uno de los cientos de pueblos y ciudades industriales del antiguo Este que experimentaron importantes cambios demogr\u00e1ficos tras la reunificaci\u00f3n alemana en 1990. El descenso de la natalidad, la emigraci\u00f3n de los j\u00f3venes a los estados federados occidentales y el aumento de la esperanza de vida han acelerado el envejecimiento demogr\u00e1fico.<\/p>\n<p>Actualmente viven en Guben 16.600 personas, casi la mitad menos que en 1995 (29.100). Se prev\u00e9 que ese n\u00famero disminuya otro 16 por ciento\u00a0hasta 2030. \u00abNos falta toda una generaci\u00f3n\u00bb, dijo\u00a0Fred Mahro, alcalde de la ciudad, al diario berlin\u00e9s TAZ, cuando se puso en marcha el plan.<\/p>\n<p>El oto\u00f1o pasado, Bertelsmann Stiftung, una fundaci\u00f3n independiente de la sociedad civil, public\u00f3 un estudio, seg\u00fan el cual, Alemania seguir\u00eda dependiendo de la inmigraci\u00f3n para cubrir la demanda prevista del mercado laboral. Adem\u00e1s, debido a la situaci\u00f3n demogr\u00e1fica comparable de otros Estados europeos, la migraci\u00f3n tendr\u00eda que proceder de pa\u00edses fuera de la Uni\u00f3n Europea.<\/p>\n<figure class=\"placeholder-image master_landscape big\"><img data-format=\"MASTER_LANDSCAPE\" data-id=\"72981535\" data-url=\"https:\/\/static.dw.com\/image\/72981535_${formatId}.jpeg\" data-aspect-ratio=\"16\/9\" alt=\"Anika Franze vive en Guben hace ocho meses.\" style=\"padding-bottom: 56.25%; height: 0; max-height: 0;\"\/><figcaption class=\"img-caption\">Anika Franze se traslad\u00f3 a Guben hace ocho meses y ahora dirige el proyecto \u00abProbewohnen\u00bb para atraer personas a largo plazo a la localidad.<small class=\"copyright\">Imagen: Helen Whittle\/DW<\/small><\/figcaption><\/figure>\n<p>\u00abDesde el punto de vista econ\u00f3mico, tenemos que garantizar que las localidades sigan siendo atractivas, que se creen incentivos para que las empresas se instalen all\u00ed, pero se trata de mucho m\u00e1s que eso, por ejemplo, una cultura acogedora y la interacci\u00f3n social\u00bb, afirma Susanne Schultz, experta en pol\u00edtica migratoria de la Fundaci\u00f3n Bertelsmann.<\/p>\n<p>Schultz se remite a un estudio publicado la semana pasada por el Instituto de Empleo de la Agencia Federal de Empleo, seg\u00fan el cual, algo m\u00e1s de una cuarta parte de las personas nacidas en el extranjero y que emigraron a Alemania con edades comprendidas entre los 18 y los 65 a\u00f1os se plantearon abandonar el pa\u00eds el a\u00f1o pasado. Dos tercios de los encuestados citaron la discriminaci\u00f3n como motivo para marcharse.<\/p>\n<p>Seg\u00fan Schultz, la ret\u00f3rica y las pol\u00edticas en materia de inmigraci\u00f3n, por ejemplo, la reciente medida de impedir que las familias de determinados grupos de inmigrantes se trasladen a Alemania, est\u00e1n enviando se\u00f1ales equivocadas.\u00a0 \u00abLa insatisfacci\u00f3n con la pol\u00edtica es la raz\u00f3n principal, y creo que mucho tiene que ver con los acontecimientos del \u00faltimo a\u00f1o y medio: el estado de \u00e1nimo ha cambiado mucho en Alemania\u00bb, comenta\u00a0a DW.<\/p>\n<p><span data-slot-id=\"Article_InContent-1\" class=\"rich-text-ad\"\/><\/p>\n<h2>El problema de la imagen de extrema derecha<\/h2>\n<p>En la lucha por atraer nuevos residentes, los estados del este de Alemania tambi\u00e9n tienen que hacer frente a un problema de imagen, al ser vistos como focos de la extrema derecha. Guben salt\u00f3 a los titulares en 1999 cuando un solicitante de asilo argelino, Farid Guendoul, muri\u00f3 desangrado tras huir de los neonazis.<\/p>\n<p>Algo menos del 42 por ciento de los residentes locales votaron a la ultraderechista Alternativa para Alemania (AfD) en las elecciones federales de febrero de 2025. \u00abLa gente tiene sus prejuicios y sus clich\u00e9s, pero, seg\u00fan mi experiencia, a\u00fan se puede conectar con la gente, s\u00f3lo que quiz\u00e1 necesiten un poco de tiempo porque no est\u00e1n acostumbrados a mucha diversidad\u00bb, explica Franze.<\/p>\n<p>En su segundo a\u00f1o, el programa de Guben ha recibido 40 solicitudes de toda Alemania, as\u00ed como de B\u00e9lgica, Argelia, Egipto y Brasil. Los solicitantes seleccionados se alojar\u00e1n en apartamentos reci\u00e9n renovados por una contribuci\u00f3n de s\u00f3lo 100 euros.<\/p>\n<p>Franze afirma que actualmente hay unos 300 puestos de trabajo vacantes. El fabricante estadounidense de salami BiFi abri\u00f3 una f\u00e1brica aqu\u00ed en 2024, la cadena de panader\u00edas Dreissig tambi\u00e9n tiene un centro de producci\u00f3n aqu\u00ed, y el fabricante canadiense de bater\u00edas de litio Rock Tech va a abrir una planta del tama\u00f1o de 17 campos de f\u00fatbol.<\/p>\n<p>En la actualidad, Franze disfruta de una vida un poco m\u00e1s llevadera que en la capital alemana, y ha hecho realidad su sue\u00f1o infantil de aprender a montar a caballo. \u00abNo s\u00e9 si quiero envejecer aqu\u00ed, pero tampoco s\u00e9 si querr\u00eda hacerlo en Berl\u00edn\u00bb, dice.<\/p>\n<p>(MN\/MS)<\/p>\n<\/p>\n<\/div>\n\n","protected":false},"excerpt":{"rendered":"<p>\u00abNo hay problemas para encontrar un alojamiento asequible, no hay atascos, no hay horas punta, y nunca he tenido problemas para encontrar aparcamiento\u201d, afirma Anika Franze desde detr\u00e1s de su escritorio en el centro de la peque\u00f1a ciudad de Guben. Esta mujer de 38 a\u00f1os naci\u00f3 en Berl\u00edn Este, en la antigua Rep\u00fablica Democr\u00e1tica Alemana, &hellip;<\/p>\n","protected":false},"author":1,"featured_media":32745,"comment_status":"open","ping_status":"open","sticky":false,"template":"","format":"standard","meta":{"fifu_image_url":"https:\/\/static.dw.com\/image\/72981640_6.jpg","fifu_image_alt":"","footnotes":""},"categories":[13],"tags":[],"class_list":["post-32744","post","type-post","status-publish","format-standard","has-post-thumbnail","","category-mundo"],"_links":{"self":[{"href":"https:\/\/noticiasveraces.com\/index.php?rest_route=\/wp\/v2\/posts\/32744","targetHints":{"allow":["GET"]}}],"collection":[{"href":"https:\/\/noticiasveraces.com\/index.php?rest_route=\/wp\/v2\/posts"}],"about":[{"href":"https:\/\/noticiasveraces.com\/index.php?rest_route=\/wp\/v2\/types\/post"}],"author":[{"embeddable":true,"href":"https:\/\/noticiasveraces.com\/index.php?rest_route=\/wp\/v2\/users\/1"}],"replies":[{"embeddable":true,"href":"https:\/\/noticiasveraces.com\/index.php?rest_route=%2Fwp%2Fv2%2Fcomments&post=32744"}],"version-history":[{"count":0,"href":"https:\/\/noticiasveraces.com\/index.php?rest_route=\/wp\/v2\/posts\/32744\/revisions"}],"wp:featuredmedia":[{"embeddable":true,"href":"https:\/\/noticiasveraces.com\/index.php?rest_route=\/wp\/v2\/media\/32745"}],"wp:attachment":[{"href":"https:\/\/noticiasveraces.com\/index.php?rest_route=%2Fwp%2Fv2%2Fmedia&parent=32744"}],"wp:term":[{"taxonomy":"category","embeddable":true,"href":"https:\/\/noticiasveraces.com\/index.php?rest_route=%2Fwp%2Fv2%2Fcategories&post=32744"},{"taxonomy":"post_tag","embeddable":true,"href":"https:\/\/noticiasveraces.com\/index.php?rest_route=%2Fwp%2Fv2%2Ftags&post=32744"}],"curies":[{"name":"wp","href":"https:\/\/api.w.org\/{rel}","templated":true}]}}