{"id":32724,"date":"2025-06-22T03:37:01","date_gmt":"2025-06-22T07:37:01","guid":{"rendered":"https:\/\/noticiasveraces.com\/?p=32724"},"modified":"2025-06-22T03:37:01","modified_gmt":"2025-06-22T07:37:01","slug":"ni-por-el-honor-3-peores-jugadores-de-america-ante-dim-segun-hinchas-curiosidades-de-futbol","status":"publish","type":"post","link":"https:\/\/noticiasveraces.com\/?p=32724","title":{"rendered":"Ni por el honor: 3 peores jugadores de Am\u00e9rica ante DIM, seg\u00fan hinchas | Curiosidades de f\u00fatbol"},"content":{"rendered":"<p> \n<\/p>\n<div id=\"cuerpoArticulo\">\n<p class=\"texto intro\" id=\"p249242-m565-564-566\"><b>Rodrigo Holgado, Joider Micolta y Sebasti\u00e1n Navarro fueron los 3 peores jugadores del Am\u00e9rica de Cali<\/b>seg\u00fan los hinchas, en el empate 1-1 ante Independiente Medell\u00edn por la \u00faltima fecha de los cuadrangulares de la Liga BetPlay 2025-I. \u2018La Mechita\u2019 ya no ten\u00eda chances de clasificar a la final del FPC, pero Duv\u00e1n Vergara jugaba su \u00faltimo partido como futbolista del Am\u00e9rica. As\u00ed y todo, el partido fue malo y los fan\u00e1ticos mostraron su enojo en la red social de X.<\/p>\n<p class=\"texto contenido-parrafo-articulo\" id=\"p249242-m583-2-584\"><b>1. Rodrigo Holgado<\/b><\/p>\n<p class=\"texto contenido-parrafo-articulo\" id=\"p249242-m589-3-590\">Sin lugar a dudas, el peor jugador del equipo seg\u00fan los hinchas. <b>Err\u00f3 varias oportunidades de gol y tuvo una puntuaci\u00f3n de 6.3 sobre 10 en <i>Sof\u00e1s<\/i><\/b>: \u201cHolgado se firm\u00f3 su salida hoy\u201d, \u201cManden a Holgado a Malasia, tronco asqueroso\u201d, \u201cHolgado se tiene que ir\u201d, \u201cVer correr a Holgado es un suplicio&#8230; Que displicente ese tipo\u2026\u201d, \u201cHolgado no es capaz ni de retener un bal\u00f3n\u201d. Por otro lado, el \u2018Polilla\u2019 da Silva se despidi\u00f3 del Am\u00e9rica.<\/p>\n<div class=\"fotografia caja-articulo\" id=\"p249242-m595-4-596\">\n<div class=\"imagen-cuerpo-bk\">\n<figure itemscope=\"\" itemtype=\"https:\/\/schema.org\/ImageObject\" itemprop=\"image\" id=\"m600-599-601\" class=\"foto-galeria-articulo imagen-articulo foto-texto-articulo-galeria\"><img decoding=\"async\" alt=\"Rodrigo Holgado\" src=\"data:image\/png;base64,iVBORw0KGgoAAAANSUhEUgAAAAEAAAABCAQAAAC1HAwCAAAAC0lEQVR42mP8\/x0AAvsB+DlKarAAAAAASUVORK5CYII=\" style=\" display: inline;\" data-original=\"\/files\/article_content\/uploads\/2025\/02\/15\/67b1120648cbe.jpeg\"\/><meta itemprop=\"width\" content=\"600\"\/><meta itemprop=\"height\" content=\"450\"\/> <meta itemprop=\"url\" content=\"https:\/\/www.futbolred.com\/files\/article_content\/uploads\/2025\/02\/15\/67b1120648cbe.jpeg\"\/><\/figure>\n<\/div>\n<div class=\"figcaption-cuerpo-bk credito-image-bk\"><figcaption class=\"foto-info\">\n<div class=\"titulo-foto-bk\">\n<p id=\"m607-1-608\" class=\"titulo pie-de-foto\">Rodrigo Holgado en Am\u00e9rica<\/p>\n<\/div>\n<p class=\"credito\">\n                            <span class=\"linea pre_credito\">Foto:<\/span><\/p>\n<p>                        <span id=\"m613-2-614\" class=\"autor\">@juanfotosadn<\/span><\/p>\n<\/figcaption><\/div>\n<\/p><\/div>\n<p class=\"texto contenido-parrafo-articulo\" id=\"p249242-m621-5-622\"><b>2. Jugo Micolta<\/b><\/p>\n<p class=\"texto contenido-parrafo-articulo\" id=\"p249242-m627-6-628\">Ingres\u00f3 en el minuto 76 en lugar de Holgado para cambiar el partido, pero <b>su rendimiento pas\u00f3 desapercibido<\/b>: \u201cAnimo gente, si Joider Micolta es futbolista profesional, nosotros todav\u00eda podemos\u201d, \u201cLa verdad necesitamos extremos, Micolta de extremo no da miedo a nadie\u201d, \u201cAdi\u00f3s Joider Micolta\u201d, \u201cMicolta es un paquete muy bravo\u201d, \u201c\u00bfHasta cu\u00e1ndo con Micolta? Que pelao para ser tan tronco\u201d, expresaron los aficionados.<\/p>\n<p class=\"texto contenido-parrafo-articulo\" id=\"p249242-m678-8-679\"><b>3. Sebasti\u00e1n Navarro<\/b><\/p>\n<p class=\"texto contenido-parrafo-articulo\" id=\"p249242-m684-9-685\">Si bien es cierto que jug\u00f3 los 90 minutos, <b>el mediocampista no tuvo un gran partido<\/b>donde incluso <i>Sof\u00e1s <\/i>le dio una puntuaci\u00f3n de 6.8 sobre 10, siendo el peor futbolista de Am\u00e9rica en la mitad de la cancha. Los hinchas no se lo perdonaron: \u201cNavarro es la decepci\u00f3n, le pesa la camiseta\u201d, \u201cSaquen al tronco de Navarro de mi equipo\u201d, fueron algunos comentarios de los aficionados enfurecidos.<\/p>\n<p>                                                    <span class=\"articulo-subtitulo subtitulo2 espacio-contenido\" id=\"p249242-m690-10-691\">\u00bfCu\u00e1ndo volver\u00e1 a jugar Am\u00e9rica de Cali un partido oficial?<br \/><\/span><\/p>\n<p class=\"texto contenido-parrafo-articulo\" id=\"p249242-m696-11-697\">Con la Liga BetPlay 2025-I ya finalizada para \u2018La Mechita\u2019, ahora deber\u00e1 esperar a la reanudaci\u00f3n de la Copa Sudamericana. Resulta que <b>el d\u00eda 15 de julio deber\u00e1 enfrentar a Bah\u00eda de Brasil en condici\u00f3n de visitante<\/b> por el partido de ida de los Playoffs de la Conmebol Sudamericana. La vuelta se jugar\u00e1 el 22 de julio en el Estadio Pascual Guerrero.<\/p>\n<\/p><\/div>\n\n","protected":false},"excerpt":{"rendered":"<p>Rodrigo Holgado, Joider Micolta y Sebasti\u00e1n Navarro fueron los 3 peores jugadores del Am\u00e9rica de Caliseg\u00fan los hinchas, en el empate 1-1 ante Independiente Medell\u00edn por la \u00faltima fecha de los cuadrangulares de la Liga BetPlay 2025-I. \u2018La Mechita\u2019 ya no ten\u00eda chances de clasificar a la final del FPC, pero Duv\u00e1n Vergara jugaba su &hellip;<\/p>\n","protected":false},"author":1,"featured_media":32725,"comment_status":"open","ping_status":"open","sticky":false,"template":"","format":"standard","meta":{"fifu_image_url":"https:\/\/www.futbolred.com\/files\/og_thumbnail\/uploads\/2025\/06\/20\/6855741ec2006.png","fifu_image_alt":"","footnotes":""},"categories":[6],"tags":[],"class_list":["post-32724","post","type-post","status-publish","format-standard","has-post-thumbnail","","category-deportes"],"_links":{"self":[{"href":"https:\/\/noticiasveraces.com\/index.php?rest_route=\/wp\/v2\/posts\/32724","targetHints":{"allow":["GET"]}}],"collection":[{"href":"https:\/\/noticiasveraces.com\/index.php?rest_route=\/wp\/v2\/posts"}],"about":[{"href":"https:\/\/noticiasveraces.com\/index.php?rest_route=\/wp\/v2\/types\/post"}],"author":[{"embeddable":true,"href":"https:\/\/noticiasveraces.com\/index.php?rest_route=\/wp\/v2\/users\/1"}],"replies":[{"embeddable":true,"href":"https:\/\/noticiasveraces.com\/index.php?rest_route=%2Fwp%2Fv2%2Fcomments&post=32724"}],"version-history":[{"count":0,"href":"https:\/\/noticiasveraces.com\/index.php?rest_route=\/wp\/v2\/posts\/32724\/revisions"}],"wp:featuredmedia":[{"embeddable":true,"href":"https:\/\/noticiasveraces.com\/index.php?rest_route=\/wp\/v2\/media\/32725"}],"wp:attachment":[{"href":"https:\/\/noticiasveraces.com\/index.php?rest_route=%2Fwp%2Fv2%2Fmedia&parent=32724"}],"wp:term":[{"taxonomy":"category","embeddable":true,"href":"https:\/\/noticiasveraces.com\/index.php?rest_route=%2Fwp%2Fv2%2Fcategories&post=32724"},{"taxonomy":"post_tag","embeddable":true,"href":"https:\/\/noticiasveraces.com\/index.php?rest_route=%2Fwp%2Fv2%2Ftags&post=32724"}],"curies":[{"name":"wp","href":"https:\/\/api.w.org\/{rel}","templated":true}]}}