{"id":32660,"date":"2025-06-21T15:35:12","date_gmt":"2025-06-21T19:35:12","guid":{"rendered":"https:\/\/noticiasveraces.com\/?p=32660"},"modified":"2025-06-21T15:35:12","modified_gmt":"2025-06-21T19:35:12","slug":"daniel-munoz-jugador-en-seleccion-colombia-se-caso-tras-15-anos-de-relacion-asi-fue-su-matrimonio-curiosidades-de-futbol","status":"publish","type":"post","link":"https:\/\/noticiasveraces.com\/?p=32660","title":{"rendered":"Daniel Mu\u00f1oz, jugador en Selecci\u00f3n Colombia, se cas\u00f3 tras 15 a\u00f1os de relaci\u00f3n: as\u00ed fue su matrimonio | Curiosidades de f\u00fatbol"},"content":{"rendered":"<p> \n<\/p>\n<div id=\"cuerpoArticulo\">\n<p class=\"texto intro\" id=\"p249269-m603-602-604\">Daniel Mu\u00f1oz no solo brilla en la Premier League y Selecci\u00f3n Colombia, sino tambi\u00e9n, lo hace al lado de su familia. Y en especial, lo hizo hace algunos d\u00edas, cuando, finalmente, pudo oficializar su relaci\u00f3n con Manuela \u00c1ngel Jim\u00e9nez, quien es su pareja sentimental desde hace 15 a\u00f1os. <\/p>\n<p>La pareja, por diferentes circunstancias, no hab\u00eda podido realizar su boda, sin embargo, en el marco de las vacaciones del futbolista, aprovecharon para dar el \u00absi\u00bb el pasado 18 de junio.<\/p>\n<p class=\"texto contenido-parrafo-articulo\" id=\"p249269-m679-3-680\">A trav\u00e9s de las redes sociales, la pareja comparti\u00f3 algunas fotograf\u00edas del momento y dej\u00f3 un emotivo mensaje. <\/p>\n<p>\u201cDespu\u00e9s de 15 a\u00f1os de amor, aventuras, pruebas y crecimiento, tomamos la decisi\u00f3n m\u00e1s importante: dar nuestro \u201cs\u00ed\u201d ante Dios\u201d, se lee en la publicaci\u00f3n que fue compartida tanto por Mu\u00f1oz como por su pareja sentimental. <\/p>\n<div class=\"fotografia caja-articulo\" id=\"p249269-m685-4-686\">\n<div class=\"imagen-cuerpo-bk\">\n<figure itemscope=\"\" itemtype=\"https:\/\/schema.org\/ImageObject\" itemprop=\"image\" id=\"m690-689-691\" class=\"foto-galeria-articulo imagen-articulo foto-texto-articulo-galeria\"><img decoding=\"async\" alt=\"Matrimonio Daniel Mu\u00f1oz\" src=\"data:image\/png;base64,iVBORw0KGgoAAAANSUhEUgAAAAEAAAABCAQAAAC1HAwCAAAAC0lEQVR42mP8\/x0AAvsB+DlKarAAAAAASUVORK5CYII=\" style=\" display: inline;\" data-original=\"\/files\/article_content\/uploads\/2025\/06\/20\/6855c839392ac.jpeg\"\/><meta itemprop=\"width\" content=\"600\"\/><meta itemprop=\"height\" content=\"450\"\/> <meta itemprop=\"url\" content=\"https:\/\/www.futbolred.com\/files\/article_content\/uploads\/2025\/06\/20\/6855c839392ac.jpeg\"\/><\/figure>\n<\/div>\n<div class=\"figcaption-cuerpo-bk credito-image-bk\"><figcaption class=\"foto-info\">\n<p class=\"credito\">\n                            <span class=\"linea pre_credito\">Foto:<\/span><\/p>\n<p>                        <span id=\"m703-2-704\" class=\"autor\">Tomado de @Daniel.chitiva<\/span><\/p>\n<\/figcaption><\/div>\n<\/p><\/div>\n<p class=\"texto contenido-parrafo-articulo\" id=\"p249269-m711-5-712\">As\u00ed mismo, resaltaron que fue \u00abun momento sagrado, lleno de emoci\u00f3n y gratitud\u201d. <\/p>\n<p>\u201cHoy empieza un nuevo cap\u00edtulo, con el mismo amor de siempre, pero m\u00e1s fuerte que nunca\u201d, concluye el mensaje que ya generado miles de reacciones y comentarios por parte de seguidores y amigos. <\/p>\n<p>Vale resaltar que la pareja ya se encontraba casada por lo civil y producto de esta relaci\u00f3n, ya tienen dos hijos.<\/p>\n<p>Por ahora, se desconocen detalles de la celebraci\u00f3n, invitados y dem\u00e1s, pues fue una ceremonia privada. <\/p>\n<\/p><\/div>\n\n","protected":false},"excerpt":{"rendered":"<p>Daniel Mu\u00f1oz no solo brilla en la Premier League y Selecci\u00f3n Colombia, sino tambi\u00e9n, lo hace al lado de su familia. Y en especial, lo hizo hace algunos d\u00edas, cuando, finalmente, pudo oficializar su relaci\u00f3n con Manuela \u00c1ngel Jim\u00e9nez, quien es su pareja sentimental desde hace 15 a\u00f1os. La pareja, por diferentes circunstancias, no hab\u00eda &hellip;<\/p>\n","protected":false},"author":1,"featured_media":32661,"comment_status":"open","ping_status":"open","sticky":false,"template":"","format":"standard","meta":{"fifu_image_url":"https:\/\/www.futbolred.com\/files\/og_thumbnail\/uploads\/2025\/06\/20\/6855c49da0fe5.jpeg","fifu_image_alt":"","footnotes":""},"categories":[6],"tags":[],"class_list":["post-32660","post","type-post","status-publish","format-standard","has-post-thumbnail","","category-deportes"],"_links":{"self":[{"href":"https:\/\/noticiasveraces.com\/index.php?rest_route=\/wp\/v2\/posts\/32660","targetHints":{"allow":["GET"]}}],"collection":[{"href":"https:\/\/noticiasveraces.com\/index.php?rest_route=\/wp\/v2\/posts"}],"about":[{"href":"https:\/\/noticiasveraces.com\/index.php?rest_route=\/wp\/v2\/types\/post"}],"author":[{"embeddable":true,"href":"https:\/\/noticiasveraces.com\/index.php?rest_route=\/wp\/v2\/users\/1"}],"replies":[{"embeddable":true,"href":"https:\/\/noticiasveraces.com\/index.php?rest_route=%2Fwp%2Fv2%2Fcomments&post=32660"}],"version-history":[{"count":0,"href":"https:\/\/noticiasveraces.com\/index.php?rest_route=\/wp\/v2\/posts\/32660\/revisions"}],"wp:featuredmedia":[{"embeddable":true,"href":"https:\/\/noticiasveraces.com\/index.php?rest_route=\/wp\/v2\/media\/32661"}],"wp:attachment":[{"href":"https:\/\/noticiasveraces.com\/index.php?rest_route=%2Fwp%2Fv2%2Fmedia&parent=32660"}],"wp:term":[{"taxonomy":"category","embeddable":true,"href":"https:\/\/noticiasveraces.com\/index.php?rest_route=%2Fwp%2Fv2%2Fcategories&post=32660"},{"taxonomy":"post_tag","embeddable":true,"href":"https:\/\/noticiasveraces.com\/index.php?rest_route=%2Fwp%2Fv2%2Ftags&post=32660"}],"curies":[{"name":"wp","href":"https:\/\/api.w.org\/{rel}","templated":true}]}}