{"id":32638,"date":"2025-06-21T12:15:42","date_gmt":"2025-06-21T16:15:42","guid":{"rendered":"https:\/\/noticiasveraces.com\/?p=32638"},"modified":"2025-06-21T12:15:42","modified_gmt":"2025-06-21T16:15:42","slug":"el-posible-procedimiento-de-estiramiento-facial-de-plano-profundo-de-kris-jenner-explicado-por-los-cirujanos","status":"publish","type":"post","link":"https:\/\/noticiasveraces.com\/?p=32638","title":{"rendered":"El posible procedimiento de estiramiento facial de plano profundo de Kris Jenner explicado por los cirujanos"},"content":{"rendered":"<p> \n<\/p>\n<div>\n<div id=\"beyondwords-wrapper\" class=\"beyondwords-wrapper\">\n<p><span class=\"label-bg\">NUEVO<\/span>\u00a1Ahora puedes escuchar art\u00edculos de Fox News!\n  <\/p>\n<\/div>\n<p class=\"speakable\">Kris Jenner, conocido como el \u00abMomager\u00bb del Imperio Kardashian-Jenner, ha aparecido en los titulares en las \u00faltimas semanas por su apariencia m\u00e1s juvenil, lo que provoc\u00f3 rumores de un posible lavado de cara de plano profundo.<\/p>\n<p class=\"speakable\">Un representante de Jenner confirm\u00f3 a otro medio que el Dr. Steven Levine de la ciudad de Nueva York realiz\u00f3 el trabajo reciente de Jenner, pero no especific\u00f3 el tipo de procedimiento. (Fox News Digital contact\u00f3 a Levine y Jenner para hacer comentarios).<\/p>\n<p>El Dr. Patrick Davis, un cirujano pl\u00e1stico facial de Beverly Hills, dijo que Jenner parece \u00abjuvenil y natural\u00bb, que es el sello distintivo de un \u00abprocedimiento bien realizado\u00bb. <\/p>\n<p><strong><u>Las tendencias de cirug\u00eda pl\u00e1stica dan un giro sorprendente ya que los m\u00e9dicos ven a m\u00e1s pacientes &#8216;down&#8217;<\/u><\/strong><\/p>\n<p>\u00abEs dif\u00edcil comentar espec\u00edficamente sobre qu\u00e9 t\u00e9cnica se realiz\u00f3, aunque de alguna manera, los elementos estructurales de su rostro fueron levantados para reiniciar sus tejidos de la piel\u00bb, Davis, quien no ha tratado a Jenner, plante\u00f3 la hip\u00f3tesis en una entrevista con Fox News Digital. <\/p>\n<p>\u00abTiene una distribuci\u00f3n de grasa de aspecto saludable que contribuye a este nuevo aspecto, que podr\u00eda ser el efecto de una transferencia de grasa adem\u00e1s de un lavado de cara\u00bb.<\/p>\n<div class=\"image-ct inline\">\n<div class=\"m\"><picture><source media=\"(max-width: 767px)\" srcset=\"https:\/\/a57.foxnews.com\/static.foxnews.com\/foxnews.com\/content\/uploads\/2025\/06\/343\/192\/kris-jenner.jpg?ve=1&amp;tl=1, https:\/\/a57.foxnews.com\/static.foxnews.com\/foxnews.com\/content\/uploads\/2025\/06\/686\/384\/kris-jenner.jpg?ve=1&amp;tl=1 2x\" height=\"192\" width=\"343\"><source media=\"(min-width: 768px) and (max-width: 1023px)\" srcset=\"https:\/\/a57.foxnews.com\/static.foxnews.com\/foxnews.com\/content\/uploads\/2025\/06\/672\/378\/kris-jenner.jpg?ve=1&amp;tl=1, https:\/\/a57.foxnews.com\/static.foxnews.com\/foxnews.com\/content\/uploads\/2025\/06\/1344\/756\/kris-jenner.jpg?ve=1&amp;tl=1 2x\" height=\"378\" width=\"672\"><source media=\"(min-width: 1024px) and (max-width: 1279px)\" srcset=\"https:\/\/a57.foxnews.com\/static.foxnews.com\/foxnews.com\/content\/uploads\/2025\/06\/931\/523\/kris-jenner.jpg?ve=1&amp;tl=1, https:\/\/a57.foxnews.com\/static.foxnews.com\/foxnews.com\/content\/uploads\/2025\/06\/1862\/1046\/kris-jenner.jpg?ve=1&amp;tl=1 2x\" height=\"523\" width=\"931\"><source media=\"(min-width: 1280px)\" srcset=\"https:\/\/a57.foxnews.com\/static.foxnews.com\/foxnews.com\/content\/uploads\/2025\/06\/720\/405\/kris-jenner.jpg?ve=1&amp;tl=1, https:\/\/a57.foxnews.com\/static.foxnews.com\/foxnews.com\/content\/uploads\/2025\/06\/1440\/810\/kris-jenner.jpg?ve=1&amp;tl=1 2x\" height=\"405\" width=\"720\"><img loading=\"lazy\" decoding=\"async\" src=\"https:\/\/a57.foxnews.com\/static.foxnews.com\/foxnews.com\/content\/uploads\/2025\/06\/1200\/675\/kris-jenner.jpg?ve=1&amp;tl=1\" alt=\"Kris Jenner\" width=\"1200\" height=\"675\"\/><\/source><\/source><\/source><\/source><\/picture><\/div>\n<div class=\"info\">\n<div class=\"caption\">\n<p><span>Kris Jenner es fotografiado en Par\u00eds, Francia, el 13 de mayo de 2025. Jenner ha aparecido en los titulares en las \u00faltimas semanas por su apariencia m\u00e1s juvenil, lo que provoc\u00f3 rumores de un posible lavado de cara de plano profundo.<\/span> <span>(Reuters)<\/span><\/p>\n<\/div>\n<\/div>\n<\/div>\n<p>El Dr. Jonathan Kaplan, un cirujano pl\u00e1stico certificado por la junta con cirug\u00eda pl\u00e1stica de Pacific Heights en San Francisco, estuvo de acuerdo en que Jenner ha obtenido un \u00abresultado incre\u00edble\u00bb de lo que \u00abparece ser\u00bb un estiramiento facial de avi\u00f3n profundo.<\/p>\n<h2><strong>Facelifa tradicional versus plano profundo<\/strong><\/h2>\n<p>Con un estiramiento facial est\u00e1ndar o tradicional, tambi\u00e9n conocido como estiramiento facial de SMAS, o un sistema de lavado de cara musgoaponeur\u00f3tica superficial, el cirujano hace incisiones detr\u00e1s de la l\u00ednea del cabello y alrededor de la parte delantera de la oreja, levantando y apretando los tejidos y m\u00fasculos m\u00e1s profundos y luego elimina el exceso de piel.<\/p>\n<p>Esto puede eliminar las arrugas, la piel ca\u00edda y el efecto \u00abparecido a la canal\u00bb, logrando un contorno m\u00e1s juvenil de la cara y el cuello, seg\u00fan la Junta Americana de Cirug\u00eda Cosm\u00e9tica.<\/p>\n<p><strong><u>&#8216;Cirug\u00eda de seis paquetes&#8217; ganando popularidad entre los hombres, dicen los cirujanos pl\u00e1sticos<\/u><\/strong><\/p>\n<p>Davis dijo que la mayor parte de su educaci\u00f3n y capacitaci\u00f3n se ha centrado en los estiramientos favoritos del plano profundo.<\/p>\n<p>\u00abUn lavado de cara de plano profundo implica una disecci\u00f3n m\u00e1s amplia bajo los elementos estructurales de la cara, lo que luego permite al cirujano reiniciar una mayor proporci\u00f3n de tejidos faciales\u00bb, dijo Davis.<\/p>\n<p>\u00abEl beneficio de esta t\u00e9cnica es que se puede lograr un reinicio vertical m\u00e1s natural, y lo que es m\u00e1s importante, los tejidos se vuelven a unir de una manera m\u00e1s amplia, lo que permite un resultado m\u00e1s duradero\u00bb.<\/p>\n<div class=\"image-ct inline\">\n<div class=\"m\"><picture><source media=\"(max-width: 767px)\" srcset=\"https:\/\/a57.foxnews.com\/static.foxnews.com\/foxnews.com\/content\/uploads\/2025\/06\/343\/192\/kris-jenner-facelift-rumors.jpg?ve=1&amp;tl=1, https:\/\/a57.foxnews.com\/static.foxnews.com\/foxnews.com\/content\/uploads\/2025\/06\/686\/384\/kris-jenner-facelift-rumors.jpg?ve=1&amp;tl=1 2x\" height=\"192\" width=\"343\"><source media=\"(min-width: 768px) and (max-width: 1023px)\" srcset=\"https:\/\/a57.foxnews.com\/static.foxnews.com\/foxnews.com\/content\/uploads\/2025\/06\/672\/378\/kris-jenner-facelift-rumors.jpg?ve=1&amp;tl=1, https:\/\/a57.foxnews.com\/static.foxnews.com\/foxnews.com\/content\/uploads\/2025\/06\/1344\/756\/kris-jenner-facelift-rumors.jpg?ve=1&amp;tl=1 2x\" height=\"378\" width=\"672\"><source media=\"(min-width: 1024px) and (max-width: 1279px)\" srcset=\"https:\/\/a57.foxnews.com\/static.foxnews.com\/foxnews.com\/content\/uploads\/2025\/06\/931\/523\/kris-jenner-facelift-rumors.jpg?ve=1&amp;tl=1, https:\/\/a57.foxnews.com\/static.foxnews.com\/foxnews.com\/content\/uploads\/2025\/06\/1862\/1046\/kris-jenner-facelift-rumors.jpg?ve=1&amp;tl=1 2x\" height=\"523\" width=\"931\"><source media=\"(min-width: 1280px)\" srcset=\"https:\/\/a57.foxnews.com\/static.foxnews.com\/foxnews.com\/content\/uploads\/2025\/06\/720\/405\/kris-jenner-facelift-rumors.jpg?ve=1&amp;tl=1, https:\/\/a57.foxnews.com\/static.foxnews.com\/foxnews.com\/content\/uploads\/2025\/06\/1440\/810\/kris-jenner-facelift-rumors.jpg?ve=1&amp;tl=1 2x\" height=\"405\" width=\"720\"><img loading=\"lazy\" decoding=\"async\" src=\"https:\/\/a57.foxnews.com\/static.foxnews.com\/foxnews.com\/content\/uploads\/2025\/06\/1200\/675\/kris-jenner-facelift-rumors.jpg?ve=1&amp;tl=1\" alt=\"Kris Jenner\" width=\"1200\" height=\"675\"\/><\/source><\/source><\/source><\/source><\/picture><\/div>\n<div class=\"info\">\n<div class=\"caption\">\n<p><span>Kris Jenner es visto en Nobu el 7 de junio de 2025 en Malibu, California. El Dr. Jonathan Kaplan, un cirujano pl\u00e1stico certificado por la junta con cirug\u00eda pl\u00e1stica de Pacific Heights en San Francisco, estuvo de acuerdo en que Jenner ha obtenido un \u00abresultado incre\u00edble\u00bb de lo que \u00abparece ser\u00bb un estiramiento facial de avi\u00f3n profundo.<\/span> <span>(Getty Images)<\/span><\/p>\n<\/div>\n<\/div>\n<\/div>\n<p>Es importante elegir un lavado de cara adecuado para el paciente y que se encuentre dentro de la experiencia del cirujano, se\u00f1al\u00f3 Davis.<\/p>\n<p>\u00abEn aquellos pacientes que han tenido m\u00faltiples estiramientos faciales en el pasado, podr\u00eda ser aconsejable realizar un lavado de cara SMAS m\u00e1s simple con menos disecci\u00f3n, ya que los tejidos se han manipulado en el pasado\u00bb, aconsej\u00f3.<\/p>\n<h2><strong>Riesgos y recuperaci\u00f3n<\/strong><\/h2>\n<p>Cualquier cirug\u00eda electiva o no elegida conlleva cierto grado de riesgo, los expertos est\u00e1n de acuerdo.<\/p>\n<p>\u00abEn cualquier cirug\u00eda dada, existe un riesgo de infecci\u00f3n, da\u00f1o nervioso o hematomas e hinchaz\u00f3n\u00bb, advirti\u00f3 Davis. \u00abEstos se minimizan en funci\u00f3n de la experiencia del cirujano y la frecuencia con la que realizan el procedimiento\u00bb.<\/p>\n<p><strong><u>Esta rutina de belleza diaria podr\u00eda estar arruinando tu cabello, advierten los expertos.<\/u><\/strong><\/p>\n<p>Es importante que el cirujano repita estos riesgos con el paciente en persona, seg\u00fan Davis. <\/p>\n<p>Debido a que la t\u00e9cnica del plano profundo implica una disecci\u00f3n m\u00e1s extensa de tejidos debajo y alrededor de los nervios faciales, Kaplan advirti\u00f3 que el mayor riesgo es la par\u00e1lisis facial, que puede ser temporal o permanente.<\/p>\n<div class=\"image-ct inline\">\n<div class=\"m\"><picture><source media=\"(max-width: 767px)\" srcset=\"https:\/\/a57.foxnews.com\/static.foxnews.com\/foxnews.com\/content\/uploads\/2025\/06\/343\/192\/facelift-markings-scaled.jpg?ve=1&amp;tl=1, https:\/\/a57.foxnews.com\/static.foxnews.com\/foxnews.com\/content\/uploads\/2025\/06\/686\/384\/facelift-markings-scaled.jpg?ve=1&amp;tl=1 2x\" height=\"192\" width=\"343\"><source media=\"(min-width: 768px) and (max-width: 1023px)\" srcset=\"https:\/\/a57.foxnews.com\/static.foxnews.com\/foxnews.com\/content\/uploads\/2025\/06\/672\/378\/facelift-markings-scaled.jpg?ve=1&amp;tl=1, https:\/\/a57.foxnews.com\/static.foxnews.com\/foxnews.com\/content\/uploads\/2025\/06\/1344\/756\/facelift-markings-scaled.jpg?ve=1&amp;tl=1 2x\" height=\"378\" width=\"672\"><source media=\"(min-width: 1024px) and (max-width: 1279px)\" srcset=\"https:\/\/a57.foxnews.com\/static.foxnews.com\/foxnews.com\/content\/uploads\/2025\/06\/931\/523\/facelift-markings-scaled.jpg?ve=1&amp;tl=1, https:\/\/a57.foxnews.com\/static.foxnews.com\/foxnews.com\/content\/uploads\/2025\/06\/1862\/1046\/facelift-markings-scaled.jpg?ve=1&amp;tl=1 2x\" height=\"523\" width=\"931\"><source media=\"(min-width: 1280px)\" srcset=\"https:\/\/a57.foxnews.com\/static.foxnews.com\/foxnews.com\/content\/uploads\/2025\/06\/720\/405\/facelift-markings-scaled.jpg?ve=1&amp;tl=1, https:\/\/a57.foxnews.com\/static.foxnews.com\/foxnews.com\/content\/uploads\/2025\/06\/1440\/810\/facelift-markings-scaled.jpg?ve=1&amp;tl=1 2x\" height=\"405\" width=\"720\"><img loading=\"lazy\" decoding=\"async\" src=\"https:\/\/a57.foxnews.com\/static.foxnews.com\/foxnews.com\/content\/uploads\/2025\/06\/1200\/675\/facelift-markings-scaled.jpg?ve=1&amp;tl=1\" alt=\"Marcas de estiramiento facial\" width=\"1200\" height=\"675\"\/><\/source><\/source><\/source><\/source><\/picture><\/div>\n<div class=\"info\">\n<div class=\"caption\">\n<p><span>\u00abUn lavado de cara de plano profundo implica una disecci\u00f3n m\u00e1s amplia bajo los elementos estructurales de la cara, lo que permite al cirujano restablecer una mayor proporci\u00f3n de tejidos faciales\u00bb, dijo un cirujano.<\/span> <span>(Istock)<\/span><\/p>\n<\/div>\n<\/div>\n<\/div>\n<p>\u00abEs una variaci\u00f3n m\u00e1s nueva que requiere una mayor comprensi\u00f3n de la anatom\u00eda para tener \u00e9xito\u00bb, dijo.<\/p>\n<p>Davis les dice a sus pacientes que un lavado de cara de plano profundo tiene un tiempo de recuperaci\u00f3n t\u00edpico de aproximadamente seis meses para obtener resultados completos, aunque muchos pueden volver al trabajo y otras funciones dentro de tres a cuatro semanas. <\/p>\n<p><strong><u>Los estilistas y el experto m\u00e9dico confirman la p\u00e9rdida temporal del cabello que afecta a los usuarios de Ozempic<\/u><\/strong><\/p>\n<p>\u00abEstos procedimientos no son debilitantes; sin embargo, hay alg\u00fan tiempo de inactividad cosm\u00e9tica, que var\u00eda de paciente a paciente\u00bb, se\u00f1al\u00f3.<\/p>\n<p>En la pr\u00e1ctica de Kaplan, alienta a la mayor\u00eda de los pacientes a estar fuera y aproximadamente dos semanas despu\u00e9s de la cirug\u00eda.<\/p>\n<p>\u00abTodav\u00eda pueden tener algunos moretones, pero generalmente est\u00e1 en la parte inferior del cuello o la parte superior del pecho en ese punto y se pueden cubrir\u00bb, dijo.<\/p>\n<div class=\"image-ct inline\">\n<div class=\"m\"><picture><source media=\"(max-width: 767px)\" srcset=\"https:\/\/a57.foxnews.com\/static.foxnews.com\/foxnews.com\/content\/uploads\/2018\/11\/343\/192\/surgeon.jpg?ve=1&amp;tl=1, https:\/\/a57.foxnews.com\/static.foxnews.com\/foxnews.com\/content\/uploads\/2018\/11\/686\/384\/surgeon.jpg?ve=1&amp;tl=1 2x\" height=\"192\" width=\"343\"><source media=\"(min-width: 768px) and (max-width: 1023px)\" srcset=\"https:\/\/a57.foxnews.com\/static.foxnews.com\/foxnews.com\/content\/uploads\/2018\/11\/672\/378\/surgeon.jpg?ve=1&amp;tl=1, https:\/\/a57.foxnews.com\/static.foxnews.com\/foxnews.com\/content\/uploads\/2018\/11\/1344\/756\/surgeon.jpg?ve=1&amp;tl=1 2x\" height=\"378\" width=\"672\"><source media=\"(min-width: 1024px) and (max-width: 1279px)\" srcset=\"https:\/\/a57.foxnews.com\/static.foxnews.com\/foxnews.com\/content\/uploads\/2018\/11\/931\/523\/surgeon.jpg?ve=1&amp;tl=1, https:\/\/a57.foxnews.com\/static.foxnews.com\/foxnews.com\/content\/uploads\/2018\/11\/1862\/1046\/surgeon.jpg?ve=1&amp;tl=1 2x\" height=\"523\" width=\"931\"><source media=\"(min-width: 1280px)\" srcset=\"https:\/\/a57.foxnews.com\/static.foxnews.com\/foxnews.com\/content\/uploads\/2018\/11\/720\/405\/surgeon.jpg?ve=1&amp;tl=1, https:\/\/a57.foxnews.com\/static.foxnews.com\/foxnews.com\/content\/uploads\/2018\/11\/1440\/810\/surgeon.jpg?ve=1&amp;tl=1 2x\" height=\"405\" width=\"720\"><img loading=\"lazy\" decoding=\"async\" src=\"https:\/\/a57.foxnews.com\/static.foxnews.com\/foxnews.com\/content\/uploads\/2018\/11\/1200\/675\/surgeon.jpg?ve=1&amp;tl=1\" alt=\"Herramientas del cirujano\" width=\"1200\" height=\"675\"\/><\/source><\/source><\/source><\/source><\/picture><\/div>\n<div class=\"info\">\n<div class=\"caption\">\n<p><span>Al optar por un estiramiento facial, es importante elegir un cirujano pl\u00e1stico facial certificado por la junta que est\u00e9 espec\u00edficamente capacitado en estiramientos faciales de tejido SMAS profundo, acordaron los m\u00e9dicos.<\/span> <span>(Istock)<\/span><\/p>\n<\/div>\n<\/div>\n<\/div>\n<p>Varios factores pueden afectar la l\u00ednea de tiempo de recuperaci\u00f3n de un paciente, dicen los expertos. Algunos, como la gen\u00e9tica, no se pueden controlar.<\/p>\n<p>\u00abSin embargo, otras cosas, como una dieta baja en sal, ejercicio, masaje linf\u00e1tico, tratamientos de ox\u00edgeno hiperb\u00e1rico y mantenidos al d\u00eda con la atenci\u00f3n postoperatoria adecuada, est\u00e1n bajo nuestro control\u00bb, dijo Davis.<\/p>\n<p><strong><u>Haga clic aqu\u00ed para obtener la aplicaci\u00f3n Fox News<\/u><\/strong><\/p>\n<p>Kaplan se\u00f1al\u00f3 que la mayor\u00eda de los cirujanos har\u00e1n que el paciente use una prenda de compresi\u00f3n de la cabeza y el cuello durante dos semanas. <\/p>\n<p>\u00abEn general, el paciente no debe tener mucho dolor, si lo son, eso en realidad puede ser un signo de hematoma (sangrado debajo de la piel)\u00bb, dijo. <\/p>\n<h2><strong>Qu\u00e9 discutir antes de la cirug\u00eda<\/strong><\/h2>\n<p>Al optar por un estiramiento facial, es importante elegir un cirujano pl\u00e1stico facial certificado por la junta que est\u00e9 espec\u00edficamente capacitado en estiramientos faciales de tejido SMAS profundo, acordaron los m\u00e9dicos. <\/p>\n<p>Antes de someterse a un lavado de cara, Davis enfatiz\u00f3 la necesidad de que el paciente compartiera tantos detalles posible sobre su historial m\u00e9dico, estilo de vida y objetivos est\u00e9ticos. <\/p>\n<p><strong><u>Haga clic aqu\u00ed para registrarse en nuestro bolet\u00edn de salud<\/u><\/strong><\/p>\n<p>\u00abCuando tenemos consultas con posibles clientes, queremos saber m\u00e1s sobre su dieta, estilo de vida, sistema de apoyo y cualquier condici\u00f3n de salud que pueda afectar una cirug\u00eda\u00bb, dijo.<\/p>\n<p>Kaplan se\u00f1al\u00f3 que es importante decirle al cirujano si est\u00e1 tomando alg\u00fan medicamento para p\u00e9rdida de peso GLP-1, ya que pueden pedirle que se detenga una semana antes de la cirug\u00eda.<\/p>\n<div class=\"image-ct inline\">\n<div class=\"m\"><picture><source media=\"(max-width: 767px)\" srcset=\"https:\/\/a57.foxnews.com\/static.foxnews.com\/foxnews.com\/content\/uploads\/2025\/02\/343\/192\/gettyimages-186561045.jpg?ve=1&amp;tl=1, https:\/\/a57.foxnews.com\/static.foxnews.com\/foxnews.com\/content\/uploads\/2025\/02\/686\/384\/gettyimages-186561045.jpg?ve=1&amp;tl=1 2x\" height=\"192\" width=\"343\"><source media=\"(min-width: 768px) and (max-width: 1023px)\" srcset=\"https:\/\/a57.foxnews.com\/static.foxnews.com\/foxnews.com\/content\/uploads\/2025\/02\/672\/378\/gettyimages-186561045.jpg?ve=1&amp;tl=1, https:\/\/a57.foxnews.com\/static.foxnews.com\/foxnews.com\/content\/uploads\/2025\/02\/1344\/756\/gettyimages-186561045.jpg?ve=1&amp;tl=1 2x\" height=\"378\" width=\"672\"><source media=\"(min-width: 1024px) and (max-width: 1279px)\" srcset=\"https:\/\/a57.foxnews.com\/static.foxnews.com\/foxnews.com\/content\/uploads\/2025\/02\/931\/523\/gettyimages-186561045.jpg?ve=1&amp;tl=1, https:\/\/a57.foxnews.com\/static.foxnews.com\/foxnews.com\/content\/uploads\/2025\/02\/1862\/1046\/gettyimages-186561045.jpg?ve=1&amp;tl=1 2x\" height=\"523\" width=\"931\"><source media=\"(min-width: 1280px)\" srcset=\"https:\/\/a57.foxnews.com\/static.foxnews.com\/foxnews.com\/content\/uploads\/2025\/02\/720\/405\/gettyimages-186561045.jpg?ve=1&amp;tl=1, https:\/\/a57.foxnews.com\/static.foxnews.com\/foxnews.com\/content\/uploads\/2025\/02\/1440\/810\/gettyimages-186561045.jpg?ve=1&amp;tl=1 2x\" height=\"405\" width=\"720\"><img loading=\"lazy\" decoding=\"async\" src=\"https:\/\/a57.foxnews.com\/static.foxnews.com\/foxnews.com\/content\/uploads\/2025\/02\/1200\/675\/gettyimages-186561045.jpg?ve=1&amp;tl=1\" alt=\"Un m\u00e9dico que habla con la paciente sobre cirug\u00eda pl\u00e1stica\" width=\"1200\" height=\"675\"\/><\/source><\/source><\/source><\/source><\/picture><\/div>\n<div class=\"info\">\n<div class=\"caption\">\n<p><span>Antes de someterse a un lavado de cara, es importante que el paciente compartiera tantos detalles como sea posible sobre su historial m\u00e9dico, estilo de vida y objetivos est\u00e9ticos, aconsej\u00f3 un cirujano.<\/span> <span>(Istock)<\/span><\/p>\n<\/div>\n<\/div>\n<\/div>\n<p>Las cosas m\u00e1s importantes para preguntarle a un posible cirujano, seg\u00fan Davis, son donde ponen sus incisiones, c\u00f3mo cierran sus incisiones, detalles sobre su t\u00e9cnica individual y cualquier informaci\u00f3n que proporcione una mejor visi\u00f3n de sus antecedentes, experiencia y frecuencia con los que realizan ese procedimiento espec\u00edfico. <\/p>\n<p><i><strong><u>Para m\u00e1s art\u00edculos de salud, visite <\/u><\/strong><\/i><i><strong><u>www.foxnews.com\/Health<\/u><\/strong><\/i><\/p>\n<p>\u00abDesea encontrar un cirujano que tenga un amplio conocimiento en la cirug\u00eda pl\u00e1stica facial y pueda proporcionar a sus pacientes incisiones ordenadas que est\u00e9n bien ocultas\u00bb, aconsej\u00f3. <\/p>\n<p>\u00abSobre todo, es importante que se sienta c\u00f3modo con su cirujano, ya que no solo estar\u00e1n con usted para el procedimiento, sino que estar\u00e1n a su lado en el viaje de recuperaci\u00f3n\u00bb.<\/p>\n<p> <!----> <\/p>\n<div class=\"article-meta\">\n<div class=\"author-bio\">\n<p>Melissa Rudy es editora de salud senior y miembro del equipo de estilo de vida en Fox News Digital. Los consejos de la historia se pueden enviar a melissa.rudy@fox.com.<\/p>\n<\/div>\n<\/div>\n<\/div>\n\n","protected":false},"excerpt":{"rendered":"<p>NUEVO\u00a1Ahora puedes escuchar art\u00edculos de Fox News! Kris Jenner, conocido como el \u00abMomager\u00bb del Imperio Kardashian-Jenner, ha aparecido en los titulares en las \u00faltimas semanas por su apariencia m\u00e1s juvenil, lo que provoc\u00f3 rumores de un posible lavado de cara de plano profundo. Un representante de Jenner confirm\u00f3 a otro medio que el Dr. Steven &hellip;<\/p>\n","protected":false},"author":1,"featured_media":32640,"comment_status":"open","ping_status":"open","sticky":false,"template":"","format":"standard","meta":{"fifu_image_url":"https:\/\/a57.foxnews.com\/static.foxnews.com\/foxnews.com\/content\/uploads\/2025\/06\/1200\/675\/kris-jenner.jpg?ve=1&tl=1","fifu_image_alt":"","footnotes":""},"categories":[8],"tags":[],"class_list":["post-32638","post","type-post","status-publish","format-standard","has-post-thumbnail","","category-salud"],"_links":{"self":[{"href":"https:\/\/noticiasveraces.com\/index.php?rest_route=\/wp\/v2\/posts\/32638","targetHints":{"allow":["GET"]}}],"collection":[{"href":"https:\/\/noticiasveraces.com\/index.php?rest_route=\/wp\/v2\/posts"}],"about":[{"href":"https:\/\/noticiasveraces.com\/index.php?rest_route=\/wp\/v2\/types\/post"}],"author":[{"embeddable":true,"href":"https:\/\/noticiasveraces.com\/index.php?rest_route=\/wp\/v2\/users\/1"}],"replies":[{"embeddable":true,"href":"https:\/\/noticiasveraces.com\/index.php?rest_route=%2Fwp%2Fv2%2Fcomments&post=32638"}],"version-history":[{"count":0,"href":"https:\/\/noticiasveraces.com\/index.php?rest_route=\/wp\/v2\/posts\/32638\/revisions"}],"wp:featuredmedia":[{"embeddable":true,"href":"https:\/\/noticiasveraces.com\/index.php?rest_route=\/wp\/v2\/media\/32640"}],"wp:attachment":[{"href":"https:\/\/noticiasveraces.com\/index.php?rest_route=%2Fwp%2Fv2%2Fmedia&parent=32638"}],"wp:term":[{"taxonomy":"category","embeddable":true,"href":"https:\/\/noticiasveraces.com\/index.php?rest_route=%2Fwp%2Fv2%2Fcategories&post=32638"},{"taxonomy":"post_tag","embeddable":true,"href":"https:\/\/noticiasveraces.com\/index.php?rest_route=%2Fwp%2Fv2%2Ftags&post=32638"}],"curies":[{"name":"wp","href":"https:\/\/api.w.org\/{rel}","templated":true}]}}