{"id":32632,"date":"2025-06-21T12:01:17","date_gmt":"2025-06-21T16:01:17","guid":{"rendered":"https:\/\/noticiasveraces.com\/?p=32632"},"modified":"2025-06-21T12:01:17","modified_gmt":"2025-06-21T16:01:17","slug":"familias-de-los-rehenes-de-hamas-publican-una-carta-abierta-a-trump-on-truth-social","status":"publish","type":"post","link":"https:\/\/noticiasveraces.com\/?p=32632","title":{"rendered":"Familias de los rehenes de Hamas publican una carta abierta a Trump on Truth Social"},"content":{"rendered":"<p> \n<\/p>\n<div>\n<div id=\"beyondwords-wrapper\" class=\"beyondwords-wrapper\">\n<p><span class=\"label-bg\">NUEVO<\/span>\u00a1Ahora puedes escuchar art\u00edculos de Fox News!\n  <\/p>\n<\/div>\n<p class=\"speakable\">Jerusal\u00e9n: los miembros de la familia de los rehenes israel\u00edes mantenidos en cautiverio por el movimiento terrorista designado por los Estados Unidos, Hamas, public\u00f3 una carta abierta el jueves al presidente Trump, inst\u00e1ndolo a intervenir para ayudar a liberar a las 53 personas restantes en Gaza.<\/p>\n<p class=\"speakable\"> \u00abA medida que los misiles iran\u00edes rayan por el cielo sobre nosotros, nuestros corazones permanecen consumidos por los pensamientos de nuestra familia amada que soportan el cautiverio brutal de Hamas. 53 almas preciosas: nuestros hijos, padres, hermanos y c\u00f3nyuges, surgieron atrapados en el infierno. <\/p>\n<p>\u00abDurante m\u00e1s de 620 d\u00edas interminables, no han tenido refugio, ning\u00fan abrazo de la familia, ni palabras de consuelo susurradas. Su tiempo se est\u00e1 agotando. Le escribimos a usted unido en esta angustia \u00fanica, pero obligado por la fe inquebrantable en su liderazgo y compromiso de traer a nuestros seres queridos a casa\u00bb, escribi\u00f3 el Foro de la Compa\u00f1\u00eda de las Familias de la Compa\u00f1\u00eda Israel\u00ed y el Foro de Familias Fallecidos en el Grupo de Media y Tecnolog\u00eda de la Transportaci\u00f3n de la Trabajo Social (TMTG).<\/p>\n<p><strong>El reh\u00e9n estadounidense Edan Alexander lanzado por Hamas despu\u00e9s de m\u00e1s de 580 d\u00edas en cautiverio<\/strong><\/p>\n<div class=\"image-ct inline\">\n<div class=\"m\"><picture><source media=\"(max-width: 767px)\" srcset=\"https:\/\/a57.foxnews.com\/static.foxnews.com\/foxnews.com\/content\/uploads\/2025\/03\/343\/192\/photo-2025-03-05-18-04-21.jpg?ve=1&amp;tl=1, https:\/\/a57.foxnews.com\/static.foxnews.com\/foxnews.com\/content\/uploads\/2025\/03\/686\/384\/photo-2025-03-05-18-04-21.jpg?ve=1&amp;tl=1 2x\" height=\"192\" width=\"343\"><source media=\"(min-width: 768px) and (max-width: 1023px)\" srcset=\"https:\/\/a57.foxnews.com\/static.foxnews.com\/foxnews.com\/content\/uploads\/2025\/03\/672\/378\/photo-2025-03-05-18-04-21.jpg?ve=1&amp;tl=1, https:\/\/a57.foxnews.com\/static.foxnews.com\/foxnews.com\/content\/uploads\/2025\/03\/1344\/756\/photo-2025-03-05-18-04-21.jpg?ve=1&amp;tl=1 2x\" height=\"378\" width=\"672\"><source media=\"(min-width: 1024px) and (max-width: 1279px)\" srcset=\"https:\/\/a57.foxnews.com\/static.foxnews.com\/foxnews.com\/content\/uploads\/2025\/03\/931\/523\/photo-2025-03-05-18-04-21.jpg?ve=1&amp;tl=1, https:\/\/a57.foxnews.com\/static.foxnews.com\/foxnews.com\/content\/uploads\/2025\/03\/1862\/1046\/photo-2025-03-05-18-04-21.jpg?ve=1&amp;tl=1 2x\" height=\"523\" width=\"931\"><source media=\"(min-width: 1280px)\" srcset=\"https:\/\/a57.foxnews.com\/static.foxnews.com\/foxnews.com\/content\/uploads\/2025\/03\/720\/405\/photo-2025-03-05-18-04-21.jpg?ve=1&amp;tl=1, https:\/\/a57.foxnews.com\/static.foxnews.com\/foxnews.com\/content\/uploads\/2025\/03\/1440\/810\/photo-2025-03-05-18-04-21.jpg?ve=1&amp;tl=1 2x\" height=\"405\" width=\"720\"><img loading=\"lazy\" decoding=\"async\" src=\"https:\/\/a57.foxnews.com\/static.foxnews.com\/foxnews.com\/content\/uploads\/2025\/03\/1200\/675\/photo-2025-03-05-18-04-21.jpg?ve=1&amp;tl=1\" alt=\"Trump se re\u00fane con los rehenes de Hamas liberados\" width=\"1200\" height=\"675\"\/><\/source><\/source><\/source><\/source><\/picture><\/div>\n<div class=\"info\">\n<div class=\"caption\">\n<p><span>El presidente Donald Trump se reuni\u00f3 con siete rehenes liberados del cautiverio de Hamas, Match 7, 2025.<\/span> <span>(Foto proporcionada por el foro de familias de rehenes)<\/span><\/p>\n<\/div>\n<\/div>\n<\/div>\n<p>Los miembros de la familia instaron al presidente a \u00abaprovechar la oportunidad mientras Ir\u00e1n y Hamas est\u00e1n en su punto m\u00e1s d\u00e9bil\u00bb.<\/p>\n<p>El presidente Trump asegur\u00f3 la libertad del Edan Alexander estadounidense-israel\u00ed de 21 a\u00f1os del cautiverio de Hamas el 12 de mayo. Eden regres\u00f3 a su ciudad natal en Nueva Jersey el jueves despu\u00e9s de casi 600 d\u00edas en cautiverio.<\/p>\n<p>Fox News Digital envi\u00f3 consultas de prensa a la Casa Blanca y al Departamento de Estado de los Estados Unidos, buscando comentarios sobre la carta abierta publicada sobre Truth Social al presidente Trump.<\/p>\n<div class=\"image-ct inline\">\n<div class=\"m\"><picture><source media=\"(max-width: 767px)\" srcset=\"https:\/\/a57.foxnews.com\/static.foxnews.com\/foxnews.com\/content\/uploads\/2025\/02\/343\/192\/hamas.png?ve=1&amp;tl=1, https:\/\/a57.foxnews.com\/static.foxnews.com\/foxnews.com\/content\/uploads\/2025\/02\/686\/384\/hamas.png?ve=1&amp;tl=1 2x\" height=\"192\" width=\"343\"><source media=\"(min-width: 768px) and (max-width: 1023px)\" srcset=\"https:\/\/a57.foxnews.com\/static.foxnews.com\/foxnews.com\/content\/uploads\/2025\/02\/672\/378\/hamas.png?ve=1&amp;tl=1, https:\/\/a57.foxnews.com\/static.foxnews.com\/foxnews.com\/content\/uploads\/2025\/02\/1344\/756\/hamas.png?ve=1&amp;tl=1 2x\" height=\"378\" width=\"672\"><source media=\"(min-width: 1024px) and (max-width: 1279px)\" srcset=\"https:\/\/a57.foxnews.com\/static.foxnews.com\/foxnews.com\/content\/uploads\/2025\/02\/931\/523\/hamas.png?ve=1&amp;tl=1, https:\/\/a57.foxnews.com\/static.foxnews.com\/foxnews.com\/content\/uploads\/2025\/02\/1862\/1046\/hamas.png?ve=1&amp;tl=1 2x\" height=\"523\" width=\"931\"><source media=\"(min-width: 1280px)\" srcset=\"https:\/\/a57.foxnews.com\/static.foxnews.com\/foxnews.com\/content\/uploads\/2025\/02\/720\/405\/hamas.png?ve=1&amp;tl=1, https:\/\/a57.foxnews.com\/static.foxnews.com\/foxnews.com\/content\/uploads\/2025\/02\/1440\/810\/hamas.png?ve=1&amp;tl=1 2x\" height=\"405\" width=\"720\"><img loading=\"lazy\" decoding=\"async\" src=\"https:\/\/a57.foxnews.com\/static.foxnews.com\/foxnews.com\/content\/uploads\/2025\/02\/1200\/675\/hamas.png?ve=1&amp;tl=1\" alt=\"Terroristas de Hamas\" width=\"1200\" height=\"675\"\/><\/source><\/source><\/source><\/source><\/picture><\/div>\n<div class=\"info\">\n<div class=\"caption\">\n<p><span>Los terroristas de Hamas toman posiciones antes de un lanzamiento de rehenes en Deir al-Balah, Central Gaza Strip, s\u00e1bado 8 de febrero de 2025.<\/span> <span>(AP)<\/span><\/p>\n<\/div>\n<\/div>\n<\/div>\n<p>El primer ministro de Israel, Benjamin Netanyahu, dijo a los periodistas en el Hospital Soroka en Be&#8217;er Sheva, el sitio de una huelga de misiles iran\u00edes, que \u00abla verdadera barrera de Hamas es Ir\u00e1n. Bajar\u00e1 a Ir\u00e1n &#8230; Hamas se est\u00e1 muriendo, e indudablemente ayudar\u00e1 a regresar a los rehenes\u00bb.<\/p>\n<p>Netanyahu dijo que la campa\u00f1a militar de Israel contra la Rep\u00fablica Isl\u00e1mica de Ir\u00e1n est\u00e1 ayudando a los esfuerzos del estado jud\u00edo para asegurar la liberaci\u00f3n de rehenes en poder de la Organizaci\u00f3n Terrorista Hamas respaldada por Ir\u00e1n en Gaza.<\/p>\n<div class=\"image-ct inline\">\n<div class=\"m\"><picture><source media=\"(max-width: 767px)\" srcset=\"https:\/\/a57.foxnews.com\/static.foxnews.com\/foxnews.com\/content\/uploads\/2025\/06\/343\/192\/edan-alexander_01.jpg?ve=1&amp;tl=1, https:\/\/a57.foxnews.com\/static.foxnews.com\/foxnews.com\/content\/uploads\/2025\/06\/686\/384\/edan-alexander_01.jpg?ve=1&amp;tl=1 2x\" height=\"192\" width=\"343\"><source media=\"(min-width: 768px) and (max-width: 1023px)\" srcset=\"https:\/\/a57.foxnews.com\/static.foxnews.com\/foxnews.com\/content\/uploads\/2025\/06\/672\/378\/edan-alexander_01.jpg?ve=1&amp;tl=1, https:\/\/a57.foxnews.com\/static.foxnews.com\/foxnews.com\/content\/uploads\/2025\/06\/1344\/756\/edan-alexander_01.jpg?ve=1&amp;tl=1 2x\" height=\"378\" width=\"672\"><source media=\"(min-width: 1024px) and (max-width: 1279px)\" srcset=\"https:\/\/a57.foxnews.com\/static.foxnews.com\/foxnews.com\/content\/uploads\/2025\/06\/931\/523\/edan-alexander_01.jpg?ve=1&amp;tl=1, https:\/\/a57.foxnews.com\/static.foxnews.com\/foxnews.com\/content\/uploads\/2025\/06\/1862\/1046\/edan-alexander_01.jpg?ve=1&amp;tl=1 2x\" height=\"523\" width=\"931\"><source media=\"(min-width: 1280px)\" srcset=\"https:\/\/a57.foxnews.com\/static.foxnews.com\/foxnews.com\/content\/uploads\/2025\/06\/720\/405\/edan-alexander_01.jpg?ve=1&amp;tl=1, https:\/\/a57.foxnews.com\/static.foxnews.com\/foxnews.com\/content\/uploads\/2025\/06\/1440\/810\/edan-alexander_01.jpg?ve=1&amp;tl=1 2x\" height=\"405\" width=\"720\"><img loading=\"lazy\" decoding=\"async\" src=\"https:\/\/a57.foxnews.com\/static.foxnews.com\/foxnews.com\/content\/uploads\/2025\/06\/1200\/675\/edan-alexander_01.jpg?ve=1&amp;tl=1\" alt=\"Edan Alexander regresa a NJ\" width=\"1200\" height=\"675\"\/><\/source><\/source><\/source><\/source><\/picture><\/div>\n<div class=\"info\">\n<div class=\"caption\">\n<p><span>Edan Alexander, un estadounidense tomado como reh\u00e9n durante el ataque de Hamas el 7 de octubre de 2023 contra Israel, regres\u00f3 a su ciudad natal de Tenafly, Nueva Jersey, el 19 de junio, despu\u00e9s de que fue liberado el 12 de mayo en un acuerdo. La gente se reuni\u00f3 en las calles para rendir homenaje, muchos agitando banderas israel\u00edes y estadounidenses.<\/span> <span>(Foto de Lokman Vural Elibol\/Anadolu a trav\u00e9s de Getty Images)<\/span><\/p>\n<\/div>\n<\/div>\n<\/div>\n<p><strong>Encuesta de Fox News: los votantes piensan que Ir\u00e1n plantea una amenaza real para la seguridad de los Estados Unidos<\/strong><\/p>\n<p>Agreg\u00f3: \u00abNo cierro los ojos por un momento\u00bb sobre los rehenes. Netanyahu le dijo a la emisora \u200b\u200bp\u00fablica Kan de Isarel que \u00abHamas conf\u00eda en Ir\u00e1n\u00bb.<\/p>\n<p>La recalcitrancia de Hamas sobre aceptar un alto el fuego que permitir\u00eda a los rehenes que sean liberados ha sido el principal obst\u00e1culo para los esfuerzos de Estados Unidos para asegurar su libertad despu\u00e9s de 623 d\u00edas de guerra. Hamas invadi\u00f3 Israel el 7 de octubre de 2023, y masacr\u00f3 a m\u00e1s de 1.200 personas, incluidos los estadounidenses. y secuestr\u00f3 a m\u00e1s de 250 personas. <\/p>\n<p>Netanyahu enfatiz\u00f3, con respecto a los rehenes y la guerra contra Ir\u00e1n, que \u00abestoy decidido a llevarlos a todos a casa &#8230; no me rendir\u00e9 sobre esto, y tambi\u00e9n hay pasos que tomaremos en estos momentos para este objetivo &#8230; la destrucci\u00f3n de las armas nucleares, la destrucci\u00f3n de los misiles, la eliminaci\u00f3n de nuestros objetivos\u00bb.<\/p>\n<div class=\"image-ct inline\">\n<div class=\"m\"><picture><source media=\"(max-width: 767px)\" srcset=\"https:\/\/a57.foxnews.com\/static.foxnews.com\/foxnews.com\/content\/uploads\/2025\/02\/343\/192\/israel-hostages.png?ve=1&amp;tl=1, https:\/\/a57.foxnews.com\/static.foxnews.com\/foxnews.com\/content\/uploads\/2025\/02\/686\/384\/israel-hostages.png?ve=1&amp;tl=1 2x\" height=\"192\" width=\"343\"><source media=\"(min-width: 768px) and (max-width: 1023px)\" srcset=\"https:\/\/a57.foxnews.com\/static.foxnews.com\/foxnews.com\/content\/uploads\/2025\/02\/672\/378\/israel-hostages.png?ve=1&amp;tl=1, https:\/\/a57.foxnews.com\/static.foxnews.com\/foxnews.com\/content\/uploads\/2025\/02\/1344\/756\/israel-hostages.png?ve=1&amp;tl=1 2x\" height=\"378\" width=\"672\"><source media=\"(min-width: 1024px) and (max-width: 1279px)\" srcset=\"https:\/\/a57.foxnews.com\/static.foxnews.com\/foxnews.com\/content\/uploads\/2025\/02\/931\/523\/israel-hostages.png?ve=1&amp;tl=1, https:\/\/a57.foxnews.com\/static.foxnews.com\/foxnews.com\/content\/uploads\/2025\/02\/1862\/1046\/israel-hostages.png?ve=1&amp;tl=1 2x\" height=\"523\" width=\"931\"><source media=\"(min-width: 1280px)\" srcset=\"https:\/\/a57.foxnews.com\/static.foxnews.com\/foxnews.com\/content\/uploads\/2025\/02\/720\/405\/israel-hostages.png?ve=1&amp;tl=1, https:\/\/a57.foxnews.com\/static.foxnews.com\/foxnews.com\/content\/uploads\/2025\/02\/1440\/810\/israel-hostages.png?ve=1&amp;tl=1 2x\" height=\"405\" width=\"720\"><img loading=\"lazy\" decoding=\"async\" src=\"https:\/\/a57.foxnews.com\/static.foxnews.com\/foxnews.com\/content\/uploads\/2025\/02\/1200\/675\/israel-hostages.png?ve=1&amp;tl=1\" alt=\"reh\u00e9n\" width=\"1200\" height=\"675\"\/><\/source><\/source><\/source><\/source><\/picture><\/div>\n<div class=\"info\">\n<div class=\"caption\">\n<p><span>Los partidarios de los israel\u00edes se rehusieron en la Franja de Gaza desde octubre de 2023, levantan carteles y banderas durante una manifestaci\u00f3n que llama para completar el acuerdo de intercambio con el Grupo Palestino Hamas para devolver a los cautivos restantes, frente a la oficina del primer ministro en Jerusal\u00e9n el 11 de febrero de 2025.<\/span> <span>(Menahem Kahana\/AFP a trav\u00e9s de Getty Images)<\/span><\/p>\n<\/div>\n<\/div>\n<\/div>\n<p>La sede del Foro de Familias y Familias faltantes emiti\u00f3 un comunicado de miembros de la familia sobre el entierro de los rehenes asesinados de Yair Yaakov el viernes, quien fue enterrado en Kibbutz Nir Oz despu\u00e9s de 623 d\u00edas en cautiverio. <\/p>\n<p>O Yaakov, el hijo de Yair, que fue liberado del cautiverio de Hamas como parte de un acuerdo, dijo: \u00abPap\u00e1, fuiste una persona tan especial. Un padre ejemplar, un verdadero amigo. Dejaste atr\u00e1s un enorme vac\u00edo que nada podr\u00e1 llenar. Pero te prometo que mantendr\u00e9 tus recuerdos vivos dentro de m\u00ed. Voy a contar tus historias, me re\u00edr\u00e9 y con tus bromas, y lo m\u00e1s importante, lo har\u00e9, me mantendr\u00e9 vivos. Simplicidad y satisfacci\u00f3n.<\/p>\n<div class=\"image-ct inline\">\n<div class=\"m\"><picture><source media=\"(max-width: 767px)\" srcset=\"https:\/\/a57.foxnews.com\/static.foxnews.com\/foxnews.com\/content\/uploads\/2025\/06\/343\/192\/smoke-rises-israel-iran-conflict.jpg?ve=1&amp;tl=1, https:\/\/a57.foxnews.com\/static.foxnews.com\/foxnews.com\/content\/uploads\/2025\/06\/686\/384\/smoke-rises-israel-iran-conflict.jpg?ve=1&amp;tl=1 2x\" height=\"192\" width=\"343\"><source media=\"(min-width: 768px) and (max-width: 1023px)\" srcset=\"https:\/\/a57.foxnews.com\/static.foxnews.com\/foxnews.com\/content\/uploads\/2025\/06\/672\/378\/smoke-rises-israel-iran-conflict.jpg?ve=1&amp;tl=1, https:\/\/a57.foxnews.com\/static.foxnews.com\/foxnews.com\/content\/uploads\/2025\/06\/1344\/756\/smoke-rises-israel-iran-conflict.jpg?ve=1&amp;tl=1 2x\" height=\"378\" width=\"672\"><source media=\"(min-width: 1024px) and (max-width: 1279px)\" srcset=\"https:\/\/a57.foxnews.com\/static.foxnews.com\/foxnews.com\/content\/uploads\/2025\/06\/931\/523\/smoke-rises-israel-iran-conflict.jpg?ve=1&amp;tl=1, https:\/\/a57.foxnews.com\/static.foxnews.com\/foxnews.com\/content\/uploads\/2025\/06\/1862\/1046\/smoke-rises-israel-iran-conflict.jpg?ve=1&amp;tl=1 2x\" height=\"523\" width=\"931\"><source media=\"(min-width: 1280px)\" srcset=\"https:\/\/a57.foxnews.com\/static.foxnews.com\/foxnews.com\/content\/uploads\/2025\/06\/720\/405\/smoke-rises-israel-iran-conflict.jpg?ve=1&amp;tl=1, https:\/\/a57.foxnews.com\/static.foxnews.com\/foxnews.com\/content\/uploads\/2025\/06\/1440\/810\/smoke-rises-israel-iran-conflict.jpg?ve=1&amp;tl=1 2x\" height=\"405\" width=\"720\"><img loading=\"lazy\" decoding=\"async\" src=\"https:\/\/a57.foxnews.com\/static.foxnews.com\/foxnews.com\/content\/uploads\/2025\/06\/1200\/675\/smoke-rises-israel-iran-conflict.jpg?ve=1&amp;tl=1\" alt=\"El humo se eleva de la televisi\u00f3n estatal de Ir\u00e1n\" width=\"1200\" height=\"675\"\/><\/source><\/source><\/source><\/source><\/picture><\/div>\n<div class=\"info\">\n<div class=\"caption\">\n<p><span>El humo se eleva desde la construcci\u00f3n de la televisi\u00f3n estatal de Ir\u00e1n despu\u00e9s de una huelga israel\u00ed en Teher\u00e1n, Ir\u00e1n, el lunes 16 de junio de 2025. <\/span> <span>(Foto AP)<\/span><\/p>\n<\/div>\n<\/div>\n<\/div>\n<p><strong>Haga clic aqu\u00ed para obtener la aplicaci\u00f3n Fox News<\/strong><\/p>\n<p>The Times of Israel inform\u00f3 que la operaci\u00f3n para recuperar Yair Yaakov fue llevada a cabo por la 36 Divisi\u00f3n del Ej\u00e9rcito despu\u00e9s de la inteligencia precisa de la inteligencia militar y de seguridad. Reuters nombr\u00f3 a Aviv Atzili cuando la segunda persona se recuper\u00f3 durante la operaci\u00f3n. Atzili, un suboficial en las reservas y miembro del equipo de defensa civil de Kibbutz Nir Oz, fue asesinado a terroristas liderados por Hamas en la comunidad fronteriza de Gaza el 7 de octubre de 2023. <\/p>\n<p><i>Reuters contribuy\u00f3 a este informe.<\/i><\/p>\n<p> <!----> <\/p>\n<div class=\"article-meta\">\n<div class=\"author-bio\">\n<p>Benjamin Weinthal informa sobre Israel, Ir\u00e1n, Siria, Turqu\u00eda y Europa. Puede seguir a Benjamin en Twitter @benweinthal y enviarle un correo electr\u00f3nico a benjamin.weinthal@fox.com<\/p>\n<\/div>\n<\/div>\n<\/div>\n\n","protected":false},"excerpt":{"rendered":"<p>NUEVO\u00a1Ahora puedes escuchar art\u00edculos de Fox News! Jerusal\u00e9n: los miembros de la familia de los rehenes israel\u00edes mantenidos en cautiverio por el movimiento terrorista designado por los Estados Unidos, Hamas, public\u00f3 una carta abierta el jueves al presidente Trump, inst\u00e1ndolo a intervenir para ayudar a liberar a las 53 personas restantes en Gaza. \u00abA medida &hellip;<\/p>\n","protected":false},"author":1,"featured_media":32634,"comment_status":"open","ping_status":"open","sticky":false,"template":"","format":"standard","meta":{"fifu_image_url":"https:\/\/static.foxnews.com\/foxnews.com\/content\/uploads\/2023\/10\/9e58f94c-GettyImages-1734236099-e1697748151603.jpg","fifu_image_alt":"","footnotes":""},"categories":[13],"tags":[],"class_list":["post-32632","post","type-post","status-publish","format-standard","has-post-thumbnail","","category-mundo"],"_links":{"self":[{"href":"https:\/\/noticiasveraces.com\/index.php?rest_route=\/wp\/v2\/posts\/32632","targetHints":{"allow":["GET"]}}],"collection":[{"href":"https:\/\/noticiasveraces.com\/index.php?rest_route=\/wp\/v2\/posts"}],"about":[{"href":"https:\/\/noticiasveraces.com\/index.php?rest_route=\/wp\/v2\/types\/post"}],"author":[{"embeddable":true,"href":"https:\/\/noticiasveraces.com\/index.php?rest_route=\/wp\/v2\/users\/1"}],"replies":[{"embeddable":true,"href":"https:\/\/noticiasveraces.com\/index.php?rest_route=%2Fwp%2Fv2%2Fcomments&post=32632"}],"version-history":[{"count":0,"href":"https:\/\/noticiasveraces.com\/index.php?rest_route=\/wp\/v2\/posts\/32632\/revisions"}],"wp:featuredmedia":[{"embeddable":true,"href":"https:\/\/noticiasveraces.com\/index.php?rest_route=\/wp\/v2\/media\/32634"}],"wp:attachment":[{"href":"https:\/\/noticiasveraces.com\/index.php?rest_route=%2Fwp%2Fv2%2Fmedia&parent=32632"}],"wp:term":[{"taxonomy":"category","embeddable":true,"href":"https:\/\/noticiasveraces.com\/index.php?rest_route=%2Fwp%2Fv2%2Fcategories&post=32632"},{"taxonomy":"post_tag","embeddable":true,"href":"https:\/\/noticiasveraces.com\/index.php?rest_route=%2Fwp%2Fv2%2Ftags&post=32632"}],"curies":[{"name":"wp","href":"https:\/\/api.w.org\/{rel}","templated":true}]}}