{"id":32621,"date":"2025-06-21T09:32:22","date_gmt":"2025-06-21T13:32:22","guid":{"rendered":"https:\/\/noticiasveraces.com\/?p=32621"},"modified":"2025-06-21T09:32:22","modified_gmt":"2025-06-21T13:32:22","slug":"lo-ultimo-que-se-sabe-del-mercado-de-fichajes-real-madrid-y-barcelona-curiosidades-de-futbol","status":"publish","type":"post","link":"https:\/\/noticiasveraces.com\/?p=32621","title":{"rendered":"Lo \u00faltimo que se sabe del mercado de fichajes: Real Madrid y Barcelona | Curiosidades de f\u00fatbol"},"content":{"rendered":"<p> \n<\/p>\n<div id=\"cuerpoArticulo\">\n<p class=\"texto intro\" id=\"p249272-m319-318-320\"><b>El Real Madrid y el Barcelona quieren seguir dominando el mundo del f\u00fatbol<\/b> y buscan volver a ganar la UEFA Champions League. Para eso, buscan refuerzos de primer nivel mundial, como Franco Mastantuono, argentino compa\u00f1ero de Miguel Borja en River Plate.<\/p>\n<p class=\"texto contenido-parrafo-articulo\" id=\"p249272-m337-2-338\">El Bar\u00e7a tuvo una mejor temporada 2024\/25 pero no pudo levantar la \u2018Orejona\u2019, por lo que busca mejorar en los puestos donde le falt\u00f3 algo m\u00e1s, como su reciente incorporaci\u00f3n de 24 a\u00f1os por 25 millones de euros. <b>A continuaci\u00f3n, todos los detalles.<\/b><\/p>\n<div class=\"fotografia caja-articulo\" id=\"p249272-m458-3-459\">\n<div class=\"imagen-cuerpo-bk\">\n<figure itemscope=\"\" itemtype=\"https:\/\/schema.org\/ImageObject\" itemprop=\"image\" class=\"foto-galeria-articulo imagen-articulo foto-texto-articulo-galeria\" id=\"m463-462-464\"><img decoding=\"async\" style=\" display: inline;\" src=\"data:image\/png;base64,iVBORw0KGgoAAAANSUhEUgAAAAEAAAABCAQAAAC1HAwCAAAAC0lEQVR42mP8\/x0AAvsB+DlKarAAAAAASUVORK5CYII=\" alt=\"Trent Alexander-Arnold, jugador de Real Madrid\" data-original=\"\/files\/article_content\/uploads\/2025\/05\/30\/6839b7a71b509.jpeg\"\/><meta itemprop=\"width\" content=\"600\"\/><meta itemprop=\"height\" content=\"450\"\/> <meta itemprop=\"url\" content=\"https:\/\/www.futbolred.com\/files\/article_content\/uploads\/2025\/05\/30\/6839b7a71b509.jpeg\"\/><\/figure>\n<\/div>\n<div class=\"figcaption-cuerpo-bk credito-image-bk\"><figcaption class=\"foto-info\">\n<div class=\"titulo-foto-bk\">\n<p class=\"titulo pie-de-foto\" id=\"m470-1-471\">Trent Alexander-Arnold, jugador de Real Madrid<\/p>\n<\/div>\n<p class=\"credito\">\n                            <span class=\"linea pre_credito\">Foto:<\/span><\/p>\n<p>                        <span class=\"autor\" id=\"m476-2-477\">Tomado de X @realmadrid<\/span><\/p>\n<\/figcaption><\/div>\n<\/p><\/div>\n<p>                                                    <span class=\"articulo-subtitulo subtitulo2 espacio-contenido\" id=\"p249272-m379-3-380\" style=\"width: auto;\">Real Madrid: mercado de fichajes hasta ahora<br \/><\/span><\/p>\n<p class=\"texto contenido-parrafo-articulo\" id=\"p249272-m369-3-370\">El periodista Sergio L\u00f3pez de Vicente ha manifestado recientemente que el Real Madrid est\u00e1 en la b\u00fasqueda de un mediocentro creativo y que <b>sonaron nombres de peso como los argentinos Alexis Mac Allister y Enzo Fern\u00e1ndez<\/b>. No obstante, tanto el Liverpool como el Chelsea piden mucho dinero por ellos y el \u2018Merengue\u2019 no est\u00e1 dispuesto a gastarlo. \u201cStiller se le contempl\u00f3. Pero ha sido desestimado\u201d, sostuvo el reportero.<\/p>\n<p class=\"texto contenido-parrafo-articulo\" id=\"p249272-m391-5-392\">Cabe destacar que recientemente el equipo m\u00e1s ganador de la historia de la UEFA Champions League <b>fich\u00f3 al argentino Franco Mastantuono de River Plate<\/b>por una cifra de m\u00e1s de 50 millones de euros. El joven de 17 a\u00f1os, en tanto, es extremo, aunque tambi\u00e9n sabe generar juego ech\u00e1ndose atr\u00e1s. Tambi\u00e9n<b> llegaron Trent Alexander-Arnold (desde Liverpool por 10 millones) y Dean Huijsen (de Bournemouth por 62 millones).<\/b><\/p>\n<div class=\"fotografia caja-articulo\" id=\"p249272-m657-9-658\" style=\"position: relative; opacity: 1; background-color: rgba(0, 0, 0, 0.05); left: 0px; top: 0px;\">\n<div class=\"imagen-cuerpo-bk\">\n<figure itemscope=\"\" itemtype=\"https:\/\/schema.org\/ImageObject\" itemprop=\"image\" class=\"foto-galeria-articulo imagen-articulo foto-texto-articulo-galeria\" id=\"m662-661-663\"><img decoding=\"async\" style=\" display: inline;\" src=\"data:image\/png;base64,iVBORw0KGgoAAAANSUhEUgAAAAEAAAABCAQAAAC1HAwCAAAAC0lEQVR42mP8\/x0AAvsB+DlKarAAAAAASUVORK5CYII=\" alt=\"Franco Mastantuono con r\u00edo\" data-original=\"\/files\/article_content\/uploads\/2025\/01\/08\/677f0d642e2f0.jpeg\"\/><meta itemprop=\"width\" content=\"600\"\/><meta itemprop=\"height\" content=\"450\"\/> <meta itemprop=\"url\" content=\"https:\/\/www.futbolred.com\/files\/article_content\/uploads\/2025\/01\/08\/677f0d642e2f0.jpeg\"\/><\/figure>\n<\/div>\n<div class=\"figcaption-cuerpo-bk credito-image-bk\"><figcaption class=\"foto-info\">\n<div class=\"titulo-foto-bk\">\n<p class=\"titulo pie-de-foto\" id=\"m669-1-670\">Franco Mastantuono con r\u00edo<\/p>\n<\/div>\n<p class=\"credito\">\n                            <span class=\"linea pre_credito\">Foto:<\/span><\/p>\n<p>                        <span class=\"autor\" id=\"m675-2-676\">Alejandro Pagni &#8211; AFP<\/span><\/p>\n<\/figcaption><\/div>\n<\/p><\/div>\n<p class=\"texto contenido-parrafo-articulo\" id=\"p249272-m402-6-403\">En lo que refiere a salidas, es un hecho que Mario \u2018Supermario\u2019 de Luis, el portero del Real Madrid Castilla, no continuar\u00e1 en la pr\u00f3xima temporada, pero no afecta en nada al primer equipo. Adem\u00e1s,<b> el otro argentino Nico Paz es mirado desde la Bundesliga<\/b>seg\u00fan el <i>diario Ol\u00e9<\/i>.<\/p>\n<p>                                                    <span class=\"articulo-subtitulo subtitulo2 espacio-contenido\" id=\"p249272-m413-7-414\" style=\"width: auto;\">Barcelona: mercado de fichajes hasta ahora<br \/><\/span><\/p>\n<p class=\"texto contenido-parrafo-articulo\" id=\"p249272-m424-8-425\"><b>Se ha confirmado la llegada de Joan Garc\u00eda desde el Espanyol, por una cifra de 25 millones<\/b> de euros, seg\u00fan Transfermarkt.<b> La gran obsesi\u00f3n del FC Barcelona es conseguir el fichaje de Nico Williams,<\/b> que est\u00e1 cada vez m\u00e1s cerca de concretarse, seg\u00fan distintas fuentes. Si bien el colombiano Luis D\u00edaz estuvo en carpeta, este le gan\u00f3.<\/p>\n<div class=\"fotografia caja-articulo\" id=\"p249272-m711-12-712\">\n<div class=\"imagen-cuerpo-bk\">\n<figure itemscope=\"\" itemtype=\"https:\/\/schema.org\/ImageObject\" itemprop=\"image\" class=\"foto-galeria-articulo imagen-articulo foto-texto-articulo-galeria\" id=\"m716-715-717\"><img decoding=\"async\" style=\" display: inline;\" src=\"data:image\/png;base64,iVBORw0KGgoAAAANSUhEUgAAAAEAAAABCAQAAAC1HAwCAAAAC0lEQVR42mP8\/x0AAvsB+DlKarAAAAAASUVORK5CYII=\" alt=\"Joan Garc\u00eda\" data-original=\"\/files\/article_content\/uploads\/2025\/06\/20\/6855cad1c8c35.jpeg\"\/><meta itemprop=\"width\" content=\"600\"\/><meta itemprop=\"height\" content=\"450\"\/> <meta itemprop=\"url\" content=\"https:\/\/www.futbolred.com\/files\/article_content\/uploads\/2025\/06\/20\/6855cad1c8c35.jpeg\"\/><\/figure>\n<\/div>\n<div class=\"figcaption-cuerpo-bk credito-image-bk\"><figcaption class=\"foto-info\">\n<div class=\"titulo-foto-bk\">\n<p class=\"titulo pie-de-foto\" id=\"m723-1-724\">Joan Garc\u00eda es nuevo fichaje del FC Barcelona.<\/p>\n<\/div>\n<p class=\"credito\">\n                            <span class=\"linea pre_credito\">Foto:<\/span><\/p>\n<p>                        <span class=\"autor\" id=\"m729-2-730\">X: @FCBarcelona_IS<\/span><\/p>\n<\/figcaption><\/div>\n<\/p><\/div>\n<p class=\"texto contenido-parrafo-articulo\" id=\"p249272-m435-9-436\">El mismo sitio asegura que debe regresar de su pr\u00e9stamo Oriol Romeu, del Girona. En tanto, ya es un hecho que <b>Cl\u00e9ment Lenglet rescindi\u00f3 su contrato con el Bar\u00e7a y se fue libre al Atl\u00e9tico Madrid<\/b>. Por otro lado, el \u00faltimo de los cedidos, \u00c1lex Valle, fue vendido al Como de Italia por 6 millones de euros. El Eibar hizo oficial el fichaje de Aleix Garrido, quien supo ser canterano del Barcelona.<\/p>\n<\/p><\/div>\n\n","protected":false},"excerpt":{"rendered":"<p>El Real Madrid y el Barcelona quieren seguir dominando el mundo del f\u00fatbol y buscan volver a ganar la UEFA Champions League. Para eso, buscan refuerzos de primer nivel mundial, como Franco Mastantuono, argentino compa\u00f1ero de Miguel Borja en River Plate. El Bar\u00e7a tuvo una mejor temporada 2024\/25 pero no pudo levantar la \u2018Orejona\u2019, por &hellip;<\/p>\n","protected":false},"author":1,"featured_media":32622,"comment_status":"open","ping_status":"open","sticky":false,"template":"","format":"standard","meta":{"fifu_image_url":"https:\/\/www.futbolred.com\/files\/og_thumbnail\/uploads\/2025\/06\/20\/6855cd7c0fac9.jpeg","fifu_image_alt":"","footnotes":""},"categories":[6],"tags":[],"class_list":["post-32621","post","type-post","status-publish","format-standard","has-post-thumbnail","","category-deportes"],"_links":{"self":[{"href":"https:\/\/noticiasveraces.com\/index.php?rest_route=\/wp\/v2\/posts\/32621","targetHints":{"allow":["GET"]}}],"collection":[{"href":"https:\/\/noticiasveraces.com\/index.php?rest_route=\/wp\/v2\/posts"}],"about":[{"href":"https:\/\/noticiasveraces.com\/index.php?rest_route=\/wp\/v2\/types\/post"}],"author":[{"embeddable":true,"href":"https:\/\/noticiasveraces.com\/index.php?rest_route=\/wp\/v2\/users\/1"}],"replies":[{"embeddable":true,"href":"https:\/\/noticiasveraces.com\/index.php?rest_route=%2Fwp%2Fv2%2Fcomments&post=32621"}],"version-history":[{"count":0,"href":"https:\/\/noticiasveraces.com\/index.php?rest_route=\/wp\/v2\/posts\/32621\/revisions"}],"wp:featuredmedia":[{"embeddable":true,"href":"https:\/\/noticiasveraces.com\/index.php?rest_route=\/wp\/v2\/media\/32622"}],"wp:attachment":[{"href":"https:\/\/noticiasveraces.com\/index.php?rest_route=%2Fwp%2Fv2%2Fmedia&parent=32621"}],"wp:term":[{"taxonomy":"category","embeddable":true,"href":"https:\/\/noticiasveraces.com\/index.php?rest_route=%2Fwp%2Fv2%2Fcategories&post=32621"},{"taxonomy":"post_tag","embeddable":true,"href":"https:\/\/noticiasveraces.com\/index.php?rest_route=%2Fwp%2Fv2%2Ftags&post=32621"}],"curies":[{"name":"wp","href":"https:\/\/api.w.org\/{rel}","templated":true}]}}