{"id":32613,"date":"2025-06-21T07:54:49","date_gmt":"2025-06-21T11:54:49","guid":{"rendered":"https:\/\/noticiasveraces.com\/?p=32613"},"modified":"2025-06-21T07:54:49","modified_gmt":"2025-06-21T11:54:49","slug":"pakistan-propone-a-trump-como-nobel-de-la-paz-dw-21-06-2025","status":"publish","type":"post","link":"https:\/\/noticiasveraces.com\/?p=32613","title":{"rendered":"Pakist\u00e1n propone a Trump como Nobel de la Paz \u2013 DW \u2013 21\/06\/2025"},"content":{"rendered":"<p> \n<\/p>\n<div>\n<p>Pakist\u00e1n anunci\u00f3 este s\u00e1bado que nomin\u00f3 a Donald Trump como candidato al Premio Nobel de la Paz, un mes y medio despu\u00e9s de que el presidente estadounidense anunciara un alto al fuego en el conflicto entre los dos pa\u00edses asi\u00e1ticos.<\/p>\n<p>Entre el 6 y el 10 de mayo, las potencias nucleares vecinas, enfrentadas desde la partici\u00f3n e independencia de los territorios brit\u00e1nicos en el subcontinente indio en 1947, intercambiaron ataques en un conflicto que inquiet\u00f3 a la comunidad internacional.<\/p>\n<p>La escalada termin\u00f3 con el anuncio de un alto al fuego hecho por Trump en redes sociales, que seg\u00fan el l\u00edder de la Casa Blanca se produjo tras \u00abuna larga noche de negociaciones organizadas por Estados Unidos\u00bb.<\/p>\n<p><strong>\u00abDecisiva intervenci\u00f3n diplom\u00e1tica\u00bb y \u00abliderazgo\u00bb de Trump<\/strong><\/p>\n<p>Si bien Islamabad no para de elogiar la intervenci\u00f3n de Washington, el primer ministro indio Narendra Modi asegura que no hubo ninguna mediaci\u00f3n estadounidense para alcanzar el alto al fuego.<\/p>\n<p>En un comunicado, el gobierno de Pakist\u00e1n asegur\u00f3 que propon\u00eda entregar el Nobel de la Paz de 2026 a Trump \u00aben reconocimiento de su decisiva intervenci\u00f3n diplom\u00e1tica y su liderazgo\u00bb en el reciente conflicto.<\/p>\n<p>Trump, que dice estar detr\u00e1s de media docena de acuerdos de paz en los \u00faltimos a\u00f1os, se quej\u00f3 en un largo mensaje el viernes en redes sociales de no haber recibido un Nobel de la Paz por esto.<\/p>\n<p>RR AFP\/EFE<\/p>\n<\/div>\n\n","protected":false},"excerpt":{"rendered":"<p>Pakist\u00e1n anunci\u00f3 este s\u00e1bado que nomin\u00f3 a Donald Trump como candidato al Premio Nobel de la Paz, un mes y medio despu\u00e9s de que el presidente estadounidense anunciara un alto al fuego en el conflicto entre los dos pa\u00edses asi\u00e1ticos. Entre el 6 y el 10 de mayo, las potencias nucleares vecinas, enfrentadas desde la &hellip;<\/p>\n","protected":false},"author":1,"featured_media":32614,"comment_status":"open","ping_status":"open","sticky":false,"template":"","format":"standard","meta":{"fifu_image_url":"https:\/\/static.dw.com\/image\/72991744_6.jpg","fifu_image_alt":"","footnotes":""},"categories":[13],"tags":[],"class_list":["post-32613","post","type-post","status-publish","format-standard","has-post-thumbnail","","category-mundo"],"_links":{"self":[{"href":"https:\/\/noticiasveraces.com\/index.php?rest_route=\/wp\/v2\/posts\/32613","targetHints":{"allow":["GET"]}}],"collection":[{"href":"https:\/\/noticiasveraces.com\/index.php?rest_route=\/wp\/v2\/posts"}],"about":[{"href":"https:\/\/noticiasveraces.com\/index.php?rest_route=\/wp\/v2\/types\/post"}],"author":[{"embeddable":true,"href":"https:\/\/noticiasveraces.com\/index.php?rest_route=\/wp\/v2\/users\/1"}],"replies":[{"embeddable":true,"href":"https:\/\/noticiasveraces.com\/index.php?rest_route=%2Fwp%2Fv2%2Fcomments&post=32613"}],"version-history":[{"count":0,"href":"https:\/\/noticiasveraces.com\/index.php?rest_route=\/wp\/v2\/posts\/32613\/revisions"}],"wp:featuredmedia":[{"embeddable":true,"href":"https:\/\/noticiasveraces.com\/index.php?rest_route=\/wp\/v2\/media\/32614"}],"wp:attachment":[{"href":"https:\/\/noticiasveraces.com\/index.php?rest_route=%2Fwp%2Fv2%2Fmedia&parent=32613"}],"wp:term":[{"taxonomy":"category","embeddable":true,"href":"https:\/\/noticiasveraces.com\/index.php?rest_route=%2Fwp%2Fv2%2Fcategories&post=32613"},{"taxonomy":"post_tag","embeddable":true,"href":"https:\/\/noticiasveraces.com\/index.php?rest_route=%2Fwp%2Fv2%2Ftags&post=32613"}],"curies":[{"name":"wp","href":"https:\/\/api.w.org\/{rel}","templated":true}]}}