{"id":32606,"date":"2025-06-21T06:51:41","date_gmt":"2025-06-21T10:51:41","guid":{"rendered":"https:\/\/noticiasveraces.com\/?p=32606"},"modified":"2025-06-21T06:51:41","modified_gmt":"2025-06-21T10:51:41","slug":"el-papa-apoya-en-peru-con-un-mensaje-inedito-las-investigaciones-de-abusos-en-la-iglesia-necesitamos-a-los-periodistas-sociedad","status":"publish","type":"post","link":"https:\/\/noticiasveraces.com\/?p=32606","title":{"rendered":"El Papa apoya en Per\u00fa con un mensaje in\u00e9dito las investigaciones de abusos en la Iglesia: \u201cNecesitamos a los periodistas\u201d | Sociedad"},"content":{"rendered":"<p> \n<\/p>\n<div data-dtm-region=\"articulo_cuerpo\">\n<p class=\"\"><i>EL PA\u00cdS puso en marcha en 2018 una investigaci\u00f3n de la pederastia en la Iglesia espa\u00f1ola y tiene <\/i><i>una base de datos<\/i><i>  actualizada con todos los casos conocidos. Si conoce alg\u00fan caso que no haya visto la luz, nos puede escribir a: <\/i><i>abusos@elpais.es<\/i><i>. Si es un caso en Am\u00e9rica Latina, la direcci\u00f3n es: <\/i><i>abusasamerica@elpais.es<\/i><i>.<\/i><\/p>\n<p class=\"\">\u2500omo<\/p>\n<p class=\"\">Le\u00f3n XIV hizo p\u00fablico este viernes en Per\u00fa un en\u00e9rgico mensaje personal de tolerancia cero con la pederastia y los abusos sexuales, y que es in\u00e9dito sobre todo por su apoyo expl\u00edcito, con nombre y apellidos, a los periodistas que han investigado en este pa\u00eds un caso, el del grupo ultraconservador Sodalicio de Vida Cristiana (SCV), disuelto por Francisco en enero de este a\u00f1o: \u201cEs urgente arraigar en toda la Iglesia una cultura de la prevenci\u00f3n que no tolere ninguna forma de abuso, ni de poder o de autoridad, ni de conciencia o espiritual, ni sexual. Esta cultura solo ser\u00e1 aut\u00e9ntica si nace de una vigilancia activa, de procesos transparentes y de una escucha sincera a los que han sido heridos. Para ello necesitamos a los periodistas\u201d.<\/p>\n<p class=\"\">El mensaje, que apunta a que su mandato reforzar\u00e1 la lucha contra los abusos, fue le\u00eddo en la representaci\u00f3n de la obra teatral <i>Proyecto Ugaz<\/i>en una de las sedes del teatro La Plaza, en el distrito lime\u00f1o de Barranco. Es un texto inspirado en el trabajo de la periodista Paola Ugaz y otros reporteros, acosados judicial y medi\u00e1ticamente en Per\u00fa desde 2015 por sus investigaciones. El Sodalicio, con rasgos de secta y muy extendido en clases altas del pa\u00eds, era tambi\u00e9n un imperio econ\u00f3mico con influyentes conexiones en los medios y las instituciones peruanas. <\/p>\n<p class=\"\">El Papa, que ha vivido muchos a\u00f1os en el pa\u00eds andino, fue obispo en Chiclayo hasta 2023 y conoce bien lo ocurrido, los mencion\u00f3 expresamente: \u201cHoy quisiera agradecer particularmente a Paola Ugaz por su valent\u00eda en acudir el 10 de noviembre de 2022 al Papa Francisco y pedirle amparo ante unos ataques injustos que sufr\u00eda junto a otros tres periodistas, Pedro Salinas, Daniel Yovera y Patricia Lachira por denunciar los abusos cometidos por parte de un grupo eclesial radicado en varios pa\u00edses pero nacido en Per\u00fa. Entre las numerosas v\u00edctimas de abusos, tambi\u00e9n las hab\u00eda de abusos econ\u00f3micos, los comuneros de Catacaos y Castilla, lo cual hac\u00eda a\u00fan m\u00e1s intolerable lo denunciado\u201d. El encuentro de los periodistas con Francisco cambi\u00f3 todo: a los pocos meses el papa argentino envi\u00f3 una misi\u00f3n especial para investigar el caso.<\/p>\n<figure class=\"a_m a_m-h \"><span class=\"_db a_m_w\"><img alt=\"Le\u00f3n XIV, cuando era el cardenal Robert Prevost, con los periodistas peruanos Paola Ugaz y Pedro Salinas, en el Dicasterio de los Obispos del Vaticano en octubre de 2024, cedida por el autor.\" decoding=\"auto\" class=\"_re lazyload a_m-h\" height=\"311\" srcset=\"https:\/\/imagenes.elpais.com\/resizer\/v2\/LW3647DCABHLFJFXUSHYNERH5M.jpg?auth=26f76ffe69ce227e204263400af03128780d330db16179a0d0b2b6b953b6dc1b&amp;width=414 414w,https:\/\/imagenes.elpais.com\/resizer\/v2\/LW3647DCABHLFJFXUSHYNERH5M.jpg?auth=26f76ffe69ce227e204263400af03128780d330db16179a0d0b2b6b953b6dc1b&amp;width=828 640w,https:\/\/imagenes.elpais.com\/resizer\/v2\/LW3647DCABHLFJFXUSHYNERH5M.jpg?auth=26f76ffe69ce227e204263400af03128780d330db16179a0d0b2b6b953b6dc1b&amp;width=980 1000w,https:\/\/imagenes.elpais.com\/resizer\/v2\/LW3647DCABHLFJFXUSHYNERH5M.jpg?auth=26f76ffe69ce227e204263400af03128780d330db16179a0d0b2b6b953b6dc1b&amp;width=1960 1960w\" width=\"414\" sizes=\"auto, (min-width:1199px) 1155px,(min-width:1001px) calc(100vw - 44px),(min-width:768px) 767px, 100vw\" src=\"https:\/\/imagenes.elpais.com\/resizer\/v2\/LW3647DCABHLFJFXUSHYNERH5M.jpg?auth=26f76ffe69ce227e204263400af03128780d330db16179a0d0b2b6b953b6dc1b&amp;width=414\" loading=\"lazy\"\/><\/span><figcaption class=\"a_m_p\" aria-hidden=\"true\"><span>Le\u00f3n XIV, cuando era el cardenal Robert Prevost, con los periodistas peruanos Paola Ugaz y Pedro Salinas, en el Dicasterio de los Obispos del Vaticano en octubre de 2024, cedida por el autor.<\/span><\/figcaption><\/figure>\n<p class=\"\">La carta fue le\u00edda al final del espect\u00e1culo por uno los miembros de esa misi\u00f3n especial, el sacerdote espa\u00f1ol Jordi Bertomeu \u2015el otro fue el malt\u00e9s Charles Scicluna\u2015, que tambi\u00e9n ha sido objeto de ataques judiciales y medi\u00e1ticos. Le\u00f3n XIV hizo en su mensaje un alegato de defensa de la labor de la prensa a la hora de descubrir los esc\u00e1ndalos, tarea en la que tambi\u00e9n ha colaborado EL PA\u00cdS, que el pasado mes de enero destap\u00f3 el caso del cardenal y exarzobispo de Lima, Juan Luis Cipriani, del Opus Dei. \u201cLa libertad de prensa es un bien com\u00fan irrenunciable. Los que ejercen esta vocaci\u00f3n con conciencia no pueden ver apagada su voz por intereses mezquinos o por miedo a la verdad. A todos los comunicadores peruanos me atrevo a decirles con afecto pastoral: no teman. Con su trabajo pueden ser art\u00edfices de paz, unidad y di\u00e1logo social. Sean sembradores de luz en medio de las sombras\u201d, dijo el Papa.<\/p>\n<p class=\"\">El propio papa conoce bien estas sombras, pues \u00e9l mismo ha sido objetivo de una campa\u00f1a medi\u00e1tica por ponerse del lado de las v\u00edctimas y de los periodistas en Per\u00fa, que lleg\u00f3 incluso hasta el momento de su elecci\u00f3n, el pasado 8 de mayo. La investigaci\u00f3n sobre el Sodalicio comenz\u00f3 cuando Pedro Salinas, periodista que hab\u00eda sido sod\u00e1lite (miembro de la organizaci\u00f3n), le propuso a Paola Ugaz trabajar juntos en una empresa dif\u00edcil: adentrarse en los secretos del Sodalicio. Ser\u00edan solo cuatro meses, le dijo. Conoc\u00eda testimonios, en su mayor\u00eda an\u00f3nimos, de personas que aseguraban haber sufrido abusos de todo tipo de propia mano de sus fundadores, laicos consagrados y sacerdotes. <\/p>\n<p class=\"\">Ugaz acept\u00f3. Los cuatro meses se convirtieron en 15 a\u00f1os. Juntos publicaron un libro en 2015 que destap\u00f3 el caso. Luego fue querellada, visit\u00f3 juzgados, recibi\u00f3 condecoraciones, volvi\u00f3 a ser querellada, y continu\u00f3. Despu\u00e9s de haber dejado mucha vida en el camino, en este 2025 se hizo la luz: el papa Francisco disolvi\u00f3 de forma definitiva el Sodalicio y Robert Prevost, el obispo de Chiclayo que acompa\u00f1\u00f3 todo el proceso de cerca y se convirti\u00f3 en su gran aliado en la Santa Sede, fue elegido su sucesor.<\/p>\n<p class=\"\">La obra teatral, escrita por Vera Casta\u00f1o y Roc\u00edo Limo, actrices y dramaturgas, y dirigida por Diego Garguervich, recoge la lucha de la periodista. En la sala se encontraban varios de los protagonistas de esta historia, como Pedro Salinas y Jos\u00e9 Enrique Escard\u00f3, el primer periodista que denunci\u00f3 los abusos de decenas de jovencitos en las casas de formaci\u00f3n de la organizaci\u00f3n.<\/p>\n<p class=\"\">Tambi\u00e9n estaba Jordi Bertomeu, que fue quien dio la sorpresa a la platea al leer el mensaje de Le\u00f3n XIV, escrito especialmente para la obra. Un espaldarazo que confirma que no ha perdido de vista el caso. \u201cEsta obra no es solo teatro: es memoria, denuncia, y sobre todo, un acto de justicia. A trav\u00e9s de ella, las v\u00edctimas de la extinta familia espiritual del Sodalicio y los periodistas que las han acompa\u00f1ado \u2014con valent\u00eda, paciencia y fidelidad a la verdad\u2014 iluminan el rostro herido pero esperanzado de la Iglesia. La lucha de ustedes por la justicia es tambi\u00e9n la lucha de la Iglesia\u201d, expres\u00f3 el Papa. <\/p>\n<p class=\"\">\u201cHoy, vuelvo a elevar la voz con preocupaci\u00f3n y esperanza al mirar hacia mi amado pueblo del Per\u00fa. En este tiempo de profundas tensiones institucionales y sociales, defender el periodismo libre y \u00e9tico no es solo un acto de justicia, sino un deber de todos aquellos que anhelan una democracia s\u00f3lida y participativa. La cultura del encuentro no se edifica con discursos vac\u00edos ni con relatos manipulados, sino con hechos narrados con objetividad, rigor, respeto y valent\u00eda. Exhortamos, pues, a las autoridades del Per\u00fa, a la sociedad civil y a cada ciudadano a proteger a quienes, desde las radios comunitarias hasta los grandes medios, desde las zonas rurales hasta la capital, informan con integridad y coraje. Donde se silencia a un periodista, se debilita el alma democr\u00e1tica de un pa\u00eds\u201d, se\u00f1al\u00f3 el Pont\u00edfice, agustino estadounidense que comenz\u00f3 su misi\u00f3n en el Per\u00fa a mediados de los ochenta en la localidad de Chulucanas y que en 2015 se nacionaliz\u00f3 peruano. <\/p>\n<h3 class=\"\">\u201cUn acto de memoria\u201d<\/h3>\n<p class=\"\">El papa Le\u00f3n XIV concluy\u00f3 su mensaje con una exhortaci\u00f3n: \u201cHago mis votos para que esta obra sea un acto de memoria, pero tambi\u00e9n un signo prof\u00e9tico. Que despierte corazones, remueva conciencias, y nos ayude a construir una Iglesia donde nadie m\u00e1s deba sufrir en silencio, y donde la verdad no sea vista como amenaza, sino como camino de liberaci\u00f3n\u201d. Los asistentes respondieron con un sonoro aplauso. Bertomeu valor\u00f3 el gesto: \u201cEsta carta pod\u00eda estar o no estar y ha querido estar para una obra de teatro que se hace en Lima. El Papa ha querido estar presente\u201d. <\/p>\n<p class=\"\">Para Bertomeu, quien fue designado por el papa Francisco para liderar el proceso de liquidaci\u00f3n de los bienes del Sodalicio, lo que est\u00e1 faltando en la Iglesia y la sociedad es \u201cuna profunda reflexi\u00f3n sobre el poder\u201d. \u201cTenemos que entender c\u00f3mo es el poder que origina el abuso. \u00bfPor qu\u00e9 hay gente que necesita abusar de otros para vivir? Es lo contrario al cristianismo. El poder se encarna para que el otro tenga vida. En cambio, en el poder pervertido t\u00fa est\u00e1s a mi servicio\u201d, reflexion\u00f3. <\/p>\n<p class=\"\">El sacerdote espa\u00f1ol levant\u00f3 tambi\u00e9n la voz sobre la inacci\u00f3n de las instituciones republicanas del Per\u00fa que no han sabido acoger a las v\u00edctimas y ha alertado sobre la peligrosidad de este grupo que lo ha atacado en los \u00faltimos meses, descalificando su labor: \u201cSi a un enviado por el papa con nacionalidad espa\u00f1ola, pasaporte diplom\u00e1tico, con la estructura del Vaticano detr\u00e1s se atreven a llevarlo a los tribunales\u2026 moraleja: \u00bfqu\u00e9 no har\u00e1n con cualquier desgraciado que no tiene ning\u00fan tipo de influencia?\u201d.<\/p>\n<p class=\"\">Paola Ugaz y otros asistentes al evento remarcaron que si bien el Sodalicio ha sido disuelto, su maquinaria no ha perdido poder: \u201cSon due\u00f1os de muchas empresas. Nueve cementerios son manejados en un fideicomiso a trav\u00e9s del alcalde de Lima Rafael L\u00f3pez Aliaga, que quiere ser candidato a la presidencia en el 2026. Es un mat\u00f3n. Maneja dinero y sabe que puede ayudar a su amigo Jaime Baertl (sacerdote y cerebro de las finanzas de la agrupaci\u00f3n)\u201d. Algunos participantes tambi\u00e9n se\u00f1alaron que denunciar a la Iglesia no les convierte en menos cristiano y que las v\u00edctimas deben estar en el centro de las reparaciones. El Proyecto Ugaz, bendecido por Le\u00f3n XIV, ir\u00e1 hasta el 29 de junio en el teatro La Plaza. <\/p>\n<\/div>\n\n","protected":false},"excerpt":{"rendered":"<p>EL PA\u00cdS puso en marcha en 2018 una investigaci\u00f3n de la pederastia en la Iglesia espa\u00f1ola y tiene una base de datos actualizada con todos los casos conocidos. Si conoce alg\u00fan caso que no haya visto la luz, nos puede escribir a: abusos@elpais.es. Si es un caso en Am\u00e9rica Latina, la direcci\u00f3n es: abusasamerica@elpais.es. \u2500omo &hellip;<\/p>\n","protected":false},"author":1,"featured_media":32607,"comment_status":"open","ping_status":"open","sticky":false,"template":"","format":"standard","meta":{"fifu_image_url":"https:\/\/imagenes.elpais.com\/resizer\/v2\/UK5UJ7TRV5FFPOW5K4QIWR2R4U.jpg?auth=a039eb4f09887058570cdc9c47884f31747769be011b4376ba1007e2105dc0a6&width=1200","fifu_image_alt":"","footnotes":""},"categories":[11],"tags":[],"class_list":["post-32606","post","type-post","status-publish","format-standard","has-post-thumbnail","","category-viaje"],"_links":{"self":[{"href":"https:\/\/noticiasveraces.com\/index.php?rest_route=\/wp\/v2\/posts\/32606","targetHints":{"allow":["GET"]}}],"collection":[{"href":"https:\/\/noticiasveraces.com\/index.php?rest_route=\/wp\/v2\/posts"}],"about":[{"href":"https:\/\/noticiasveraces.com\/index.php?rest_route=\/wp\/v2\/types\/post"}],"author":[{"embeddable":true,"href":"https:\/\/noticiasveraces.com\/index.php?rest_route=\/wp\/v2\/users\/1"}],"replies":[{"embeddable":true,"href":"https:\/\/noticiasveraces.com\/index.php?rest_route=%2Fwp%2Fv2%2Fcomments&post=32606"}],"version-history":[{"count":0,"href":"https:\/\/noticiasveraces.com\/index.php?rest_route=\/wp\/v2\/posts\/32606\/revisions"}],"wp:featuredmedia":[{"embeddable":true,"href":"https:\/\/noticiasveraces.com\/index.php?rest_route=\/wp\/v2\/media\/32607"}],"wp:attachment":[{"href":"https:\/\/noticiasveraces.com\/index.php?rest_route=%2Fwp%2Fv2%2Fmedia&parent=32606"}],"wp:term":[{"taxonomy":"category","embeddable":true,"href":"https:\/\/noticiasveraces.com\/index.php?rest_route=%2Fwp%2Fv2%2Fcategories&post=32606"},{"taxonomy":"post_tag","embeddable":true,"href":"https:\/\/noticiasveraces.com\/index.php?rest_route=%2Fwp%2Fv2%2Ftags&post=32606"}],"curies":[{"name":"wp","href":"https:\/\/api.w.org\/{rel}","templated":true}]}}