{"id":32569,"date":"2025-06-20T23:40:39","date_gmt":"2025-06-21T03:40:39","guid":{"rendered":"https:\/\/noticiasveraces.com\/?p=32569"},"modified":"2025-06-20T23:40:39","modified_gmt":"2025-06-21T03:40:39","slug":"tropas-en-los-angeles-siguen-siendo-necesarias-dice-vance-dw-21-06-2025","status":"publish","type":"post","link":"https:\/\/noticiasveraces.com\/?p=32569","title":{"rendered":"Tropas en Los \u00c1ngeles \u00absiguen siendo necesarias\u00bb, dice Vance \u2013 DW \u2013 21\/06\/2025"},"content":{"rendered":"<p> \n<\/p>\n<div>\n<p>El vicepresidente estadounidense, JD Vance, dijo el viernes (20.06.2025) que los miles de soldados desplegados en Los \u00c1ngeles este mes siguen siendo necesarios, a pesar de una semana de relativa calma tras las protestas contra la pol\u00edtica migratoria del gobierno.<\/p>\n<p>El presidente Donald Trump envi\u00f3 4.000 miembros de la Guardia Nacional y 700 infantes de Marina a la megal\u00f3polis californiana, la segunda ciudad m\u00e1s grande de Estados Unidos y hogar de una enorme comunidad latina, despu\u00e9s de manifestaciones por las redadas de inmigraci\u00f3n.<\/p>\n<p>\u00abDesafortunadamente, los soldados y los marines siguen siendo muy necesarios (&#8230;) porque existe el temor de que la situaci\u00f3n pueda degenerar nuevamente\u00bb, dijo Vance a periodistas en Los \u00c1ngeles.<\/p>\n<blockquote class=\"tweet embed\" data-id=\"1936217503018963267\"\/>\n<p>El vicepresidente republicano celebr\u00f3 que una corte de apelaciones federal validara la v\u00edspera el despliegue de la Guardia Nacional. Esto demuestra que el env\u00edo de tropas \u00abfue completamente leg\u00edtimo y apropiado\u00bb, insisti\u00f3.<\/p>\n<p>Las manifestaciones fueron en gran parte pac\u00edficas y se concentraron en una peque\u00f1a zona de Los \u00c1ngeles, aunque hubo casos de violencia y vandalismo.<\/p>\n<p>Vance afirm\u00f3 que Trump volver\u00eda a desplegar soldados si fuera necesario.<\/p>\n<p>El despliegue de la Guardia Nacional, sin la aprobaci\u00f3n del gobernador del estado (quien tambi\u00e9n tiene autoridad sobre este cuerpo militar de reserva) no ocurr\u00eda desde 1965 en Estados Unidos.<\/p>\n<p>Estos soldados deben proteger a los edificios federales y a los agentes de la polic\u00eda de inmigraci\u00f3n (ICE).<\/p>\n<p>Pero la alcaldesa de Los \u00c1ngeles, Karen Bass, y el gobernador de California, Gavin Newsom, ambos dem\u00f3cratas, lo consideraron una medida extrema e injustificada, que \u00abcrea una crisis\u00bb.<\/p>\n<p>GS (AFP, AP)<\/p>\n<div class=\"vjs-wrapper embed big\">\n<h2 aria-label=\"Video integrado \u2014 A fondo - Militares en las calles de EE. UU.: \u00bfqu\u00e9 quiere Trump?\" class=\"headline\"><svg xmlns=\"http:\/\/www.w3.org\/2000\/svg\" viewbox=\"0 0 20 20\"><g fill-rule=\"evenodd\"><path d=\"M14.114 7.599H13.5l.002 4.706h.601l4.582 3.25-.005-11.11zM11.084 4.444l-9.007.002-1.336.797.002 9.514 1.334.793 9.007.006 1.509-.799-.004-9.516z\"\/><\/g><\/svg>A fondo &#8211; Militares en las calles de EE. UU.: \u00bfqu\u00e9 quiere Trump?<\/h2>\n<p><video id=\"video-72890024\" controls=\"\" playsinline=\"\" preload=\"none\" poster=\"data:image\/png;base64,iVBORw0KGgoAAAANSUhEUgAAAAEAAAABCAQAAAC1HAwCAAAAC0lEQVR42mNkYAAAAAYAAjCB0C8AAAAASUVORK5CYII=\" data-id=\"72890024\" data-posterurl=\"https:\/\/static.dw.com\/image\/50130757_605.webp\" data-duration=\"42:34\"><source src=\"https:\/\/hlsvod.dw.com\/i\/dwtv_video\/flv\/cua\/cua250612_AFondoNEUGESAMT_,AVC_480x270,AVC_512x288,AVC_640x360,AVC_960x540,AVC_1280x720,AVC_1920x1080,.mp4.csmil\/master.m3u8\" type=\"application\/x-mpegURL\"><source src=\"https:\/\/tvdownloaddw-a.akamaihd.net\/dwtv_video\/flv\/cua\/cua250612_AFondoNEUGESAMT_AVC_1920x1080.mp4\" type=\"video\/mp4\"><p class=\"vjs-no-js\">Para ver este video, habilite JavaScript y considere actualizar a un navegador web que admite el video HTML5<\/p>\n<p><\/source><\/source><\/video><\/div>\n<\/div>\n\n","protected":false},"excerpt":{"rendered":"<p>El vicepresidente estadounidense, JD Vance, dijo el viernes (20.06.2025) que los miles de soldados desplegados en Los \u00c1ngeles este mes siguen siendo necesarios, a pesar de una semana de relativa calma tras las protestas contra la pol\u00edtica migratoria del gobierno. El presidente Donald Trump envi\u00f3 4.000 miembros de la Guardia Nacional y 700 infantes de &hellip;<\/p>\n","protected":false},"author":1,"featured_media":32570,"comment_status":"open","ping_status":"open","sticky":false,"template":"","format":"standard","meta":{"fifu_image_url":"https:\/\/static.dw.com\/image\/72990857_6.jpg","fifu_image_alt":"","footnotes":""},"categories":[13],"tags":[],"class_list":["post-32569","post","type-post","status-publish","format-standard","has-post-thumbnail","","category-mundo"],"_links":{"self":[{"href":"https:\/\/noticiasveraces.com\/index.php?rest_route=\/wp\/v2\/posts\/32569","targetHints":{"allow":["GET"]}}],"collection":[{"href":"https:\/\/noticiasveraces.com\/index.php?rest_route=\/wp\/v2\/posts"}],"about":[{"href":"https:\/\/noticiasveraces.com\/index.php?rest_route=\/wp\/v2\/types\/post"}],"author":[{"embeddable":true,"href":"https:\/\/noticiasveraces.com\/index.php?rest_route=\/wp\/v2\/users\/1"}],"replies":[{"embeddable":true,"href":"https:\/\/noticiasveraces.com\/index.php?rest_route=%2Fwp%2Fv2%2Fcomments&post=32569"}],"version-history":[{"count":0,"href":"https:\/\/noticiasveraces.com\/index.php?rest_route=\/wp\/v2\/posts\/32569\/revisions"}],"wp:featuredmedia":[{"embeddable":true,"href":"https:\/\/noticiasveraces.com\/index.php?rest_route=\/wp\/v2\/media\/32570"}],"wp:attachment":[{"href":"https:\/\/noticiasveraces.com\/index.php?rest_route=%2Fwp%2Fv2%2Fmedia&parent=32569"}],"wp:term":[{"taxonomy":"category","embeddable":true,"href":"https:\/\/noticiasveraces.com\/index.php?rest_route=%2Fwp%2Fv2%2Fcategories&post=32569"},{"taxonomy":"post_tag","embeddable":true,"href":"https:\/\/noticiasveraces.com\/index.php?rest_route=%2Fwp%2Fv2%2Ftags&post=32569"}],"curies":[{"name":"wp","href":"https:\/\/api.w.org\/{rel}","templated":true}]}}