{"id":32558,"date":"2025-06-20T21:27:39","date_gmt":"2025-06-21T01:27:39","guid":{"rendered":"https:\/\/noticiasveraces.com\/?p=32558"},"modified":"2025-06-20T21:27:39","modified_gmt":"2025-06-21T01:27:39","slug":"asi-reaparecio-jhon-jader-duran-tras-polemica-en-colombia-noble-gesto","status":"publish","type":"post","link":"https:\/\/noticiasveraces.com\/?p=32558","title":{"rendered":"As\u00ed reapareci\u00f3 Jhon Jader Dur\u00e1n tras pol\u00e9mica en Colombia: noble gesto"},"content":{"rendered":"<p> \n<br \/><img decoding=\"async\" src=\"https:\/\/www.futbolred.com\/files\/article_graphic\/uploads\/2025\/06\/20\/6855db4e6ad75.jpeg\" \/><\/p>\n<header>\n<figure>\n<p>                        Formaci\u00f3n<\/p>\n<\/figure>\n<h3>\n<p>                Curiosidades de f\u00fatbol<br \/>\n            <\/h3>\n<h1>\n<p>            As\u00ed reapareci\u00f3 Jhon Jader Dur\u00e1n tras pol\u00e9mica en Colombia: noble gesto<br \/>\n        <\/h1>\n<address>\n            <a>Cesar David Linares Ricaurte<br \/>\n        <\/address>\n<p>            20 de junio 2025 , 05:19 p.\u00a0m.<\/p>\n<\/header>\n<p>El delantero fue protagonista de un acto solidario en compa\u00f1\u00eda de su fundaci\u00f3n.<\/p>\n\n","protected":false},"excerpt":{"rendered":"<p>Formaci\u00f3n Curiosidades de f\u00fatbol As\u00ed reapareci\u00f3 Jhon Jader Dur\u00e1n tras pol\u00e9mica en Colombia: noble gesto Cesar David Linares Ricaurte 20 de junio 2025 , 05:19 p.\u00a0m. El delantero fue protagonista de un acto solidario en compa\u00f1\u00eda de su fundaci\u00f3n.<\/p>\n","protected":false},"author":1,"featured_media":32560,"comment_status":"open","ping_status":"open","sticky":false,"template":"","format":"standard","meta":{"fifu_image_url":"https:\/\/www.futbolred.com\/files\/og_thumbnail\/uploads\/2025\/06\/20\/6855db4e6ad75.jpeg","fifu_image_alt":"","footnotes":""},"categories":[6],"tags":[],"class_list":["post-32558","post","type-post","status-publish","format-standard","has-post-thumbnail","","category-deportes"],"_links":{"self":[{"href":"https:\/\/noticiasveraces.com\/index.php?rest_route=\/wp\/v2\/posts\/32558","targetHints":{"allow":["GET"]}}],"collection":[{"href":"https:\/\/noticiasveraces.com\/index.php?rest_route=\/wp\/v2\/posts"}],"about":[{"href":"https:\/\/noticiasveraces.com\/index.php?rest_route=\/wp\/v2\/types\/post"}],"author":[{"embeddable":true,"href":"https:\/\/noticiasveraces.com\/index.php?rest_route=\/wp\/v2\/users\/1"}],"replies":[{"embeddable":true,"href":"https:\/\/noticiasveraces.com\/index.php?rest_route=%2Fwp%2Fv2%2Fcomments&post=32558"}],"version-history":[{"count":0,"href":"https:\/\/noticiasveraces.com\/index.php?rest_route=\/wp\/v2\/posts\/32558\/revisions"}],"wp:featuredmedia":[{"embeddable":true,"href":"https:\/\/noticiasveraces.com\/index.php?rest_route=\/wp\/v2\/media\/32560"}],"wp:attachment":[{"href":"https:\/\/noticiasveraces.com\/index.php?rest_route=%2Fwp%2Fv2%2Fmedia&parent=32558"}],"wp:term":[{"taxonomy":"category","embeddable":true,"href":"https:\/\/noticiasveraces.com\/index.php?rest_route=%2Fwp%2Fv2%2Fcategories&post=32558"},{"taxonomy":"post_tag","embeddable":true,"href":"https:\/\/noticiasveraces.com\/index.php?rest_route=%2Fwp%2Fv2%2Ftags&post=32558"}],"curies":[{"name":"wp","href":"https:\/\/api.w.org\/{rel}","templated":true}]}}