{"id":32542,"date":"2025-06-20T20:27:41","date_gmt":"2025-06-21T00:27:41","guid":{"rendered":"https:\/\/noticiasveraces.com\/?p=32542"},"modified":"2025-06-20T20:27:41","modified_gmt":"2025-06-21T00:27:41","slug":"los-corredores-de-trump-ruanda-congo-tratado-como-pakistan-lo-nominan-para-nobel","status":"publish","type":"post","link":"https:\/\/noticiasveraces.com\/?p=32542","title":{"rendered":"Los corredores de Trump Ruanda-Congo Tratado como Pakist\u00e1n lo nominan para Nobel"},"content":{"rendered":"<p> \n<\/p>\n<div>\n<div id=\"beyondwords-wrapper\" class=\"beyondwords-wrapper\">\n<p><span class=\"label-bg\">NUEVO<\/span>\u00a1Ahora puedes escuchar art\u00edculos de Fox News!\n  <\/p>\n<\/div>\n<p class=\"speakable\">El presidente Donald Trump anunci\u00f3 el viernes que \u00e9l y el secretario de Estado Marco Rubio hab\u00edan asegurado un tratado \u00abmaravilloso\u00bb entre Ruanda y el Congo, ya que Pakist\u00e1n lo nomin\u00f3 formalmente para el Premio Nobel de la Paz 2026.<\/p>\n<p class=\"speakable\">\u00abEstoy muy feliz de informar que he arreglado, junto con el Secretario de Estado Marco Rubio, un maravilloso tratado entre la Rep\u00fablica Democr\u00e1tica del Congo y la Rep\u00fablica de Ruanda, en su guerra, que era conocida por el violento derramamiento de sangre y la muerte, m\u00e1s que la mayor\u00eda de las otras guerras, y ha continuado durante d\u00e9cadas\u00bb, escribi\u00f3 Trump en un anuncio social de verdad. <\/p>\n<p>El presidente se\u00f1al\u00f3 que representantes de Ruanda y el Congo estar\u00e1n en Washington el lunes para firmar documentos. <\/p>\n<div class=\"image-ct inline\">\n<div class=\"m\"><picture><source media=\"(max-width: 767px)\" srcset=\"https:\/\/a57.foxnews.com\/static.foxnews.com\/foxnews.com\/content\/uploads\/2025\/06\/343\/192\/donald-trump.jpg?ve=1&amp;tl=1, https:\/\/a57.foxnews.com\/static.foxnews.com\/foxnews.com\/content\/uploads\/2025\/06\/686\/384\/donald-trump.jpg?ve=1&amp;tl=1 2x\" height=\"192\" width=\"343\"><source media=\"(min-width: 768px) and (max-width: 1023px)\" srcset=\"https:\/\/a57.foxnews.com\/static.foxnews.com\/foxnews.com\/content\/uploads\/2025\/06\/672\/378\/donald-trump.jpg?ve=1&amp;tl=1, https:\/\/a57.foxnews.com\/static.foxnews.com\/foxnews.com\/content\/uploads\/2025\/06\/1344\/756\/donald-trump.jpg?ve=1&amp;tl=1 2x\" height=\"378\" width=\"672\"><source media=\"(min-width: 1024px) and (max-width: 1279px)\" srcset=\"https:\/\/a57.foxnews.com\/static.foxnews.com\/foxnews.com\/content\/uploads\/2025\/06\/931\/523\/donald-trump.jpg?ve=1&amp;tl=1, https:\/\/a57.foxnews.com\/static.foxnews.com\/foxnews.com\/content\/uploads\/2025\/06\/1862\/1046\/donald-trump.jpg?ve=1&amp;tl=1 2x\" height=\"523\" width=\"931\"><source media=\"(min-width: 1280px)\" srcset=\"https:\/\/a57.foxnews.com\/static.foxnews.com\/foxnews.com\/content\/uploads\/2025\/06\/720\/405\/donald-trump.jpg?ve=1&amp;tl=1, https:\/\/a57.foxnews.com\/static.foxnews.com\/foxnews.com\/content\/uploads\/2025\/06\/1440\/810\/donald-trump.jpg?ve=1&amp;tl=1 2x\" height=\"405\" width=\"720\"><img loading=\"lazy\" decoding=\"async\" src=\"https:\/\/a57.foxnews.com\/static.foxnews.com\/foxnews.com\/content\/uploads\/2025\/06\/1200\/675\/donald-trump.jpg?ve=1&amp;tl=1\" alt=\"Donald Trump mira preocupado por el c\u00e9sped de la Casa Blanca\" width=\"1200\" height=\"675\"\/><\/source><\/source><\/source><\/source><\/picture><\/div>\n<div class=\"info\">\n<div class=\"caption\">\n<p><span>El presidente Donald Trump dijo que se firmar\u00eda un tratado de paz de Ruanda-Congo la pr\u00f3xima semana.<\/span> <span>(Tom Williams\/CQ-Roll Call, Inc)<\/span><\/p>\n<\/div>\n<\/div>\n<\/div>\n<p><strong><u>Estados Unidos espera la propuesta de cese del fuego de Putin despu\u00e9s de la llamada telef\u00f3nica de Trump, dice Rubio<\/u><\/strong><\/p>\n<p>Luego discuti\u00f3 sus posibilidades de ganar un premio Nobel de la Paz, alegando que no obtendr\u00eda uno, \u00abNo importa lo que haga\u00bb.<\/p>\n<p>\u00abEste es un gran d\u00eda para \u00c1frica y, francamente, un gran d\u00eda para el mundo\u00bb, escribi\u00f3 Trump en la publicaci\u00f3n. \u00abNo obtendr\u00e9 un premio Nobel de la Paz por esto, no recibir\u00e9 un premio Nobel de la Paz por detener la guerra entre India y Pakist\u00e1n, no obtendr\u00e9 un premio Nobel de la Paz por detener la guerra entre Serbia y Kosovo, no obtendr\u00e9 un premio Nobel de la Paz por mantener la paz entre Egipto y Etiop\u00eda (un Massive Etiopian Built Dam, est\u00fapido financiado por los Estados Unidos de Estados Unidos, sustancialmente, la reducci\u00f3n del agua y el agua que no se fluyen y no se infligen en el agua y no lo influyen en el agua y no lo infiren, y no se pueden reducir el agua y el agua, y no lo infiren, y no lo influyen en el agua, y no lo infiren, y no lo infiren, y no lo infiren, y no lo infiren, y no lo infiren, y no lo infiren, y no lo infiren, el agua, y no lo infiren, y no lo infiren, y no lo infiren, el agua, y no lo infiren. Obtenga un Premio Nobel de la Paz por hacer los Acuerdos de Abraham en el Medio Oriente que, si todo va bien, se cargar\u00e1 hasta el borde con pa\u00edses adicionales firmando, y unificar\u00e1 el Medio Oriente por primera vez en \u00ab\u00a1Las edades!\u00bb<\/p>\n<p>\u00abNo, no obtendr\u00e9 un premio Nobel de la Paz, sin importar lo que haga, incluida Rusia\/Ucrania e Israel\/Ir\u00e1n, sean cuales sean esos resultados, pero la gente lo sabe, \u00a1y eso es todo lo que me importa!\u00bb<\/p>\n<div class=\"image-ct inline\">\n<div class=\"m\"><picture><source media=\"(max-width: 767px)\" srcset=\"https:\/\/a57.foxnews.com\/static.foxnews.com\/foxnews.com\/content\/uploads\/2025\/05\/343\/192\/india-pakistan.jpg?ve=1&amp;tl=1, https:\/\/a57.foxnews.com\/static.foxnews.com\/foxnews.com\/content\/uploads\/2025\/05\/686\/384\/india-pakistan.jpg?ve=1&amp;tl=1 2x\" height=\"192\" width=\"343\"><source media=\"(min-width: 768px) and (max-width: 1023px)\" srcset=\"https:\/\/a57.foxnews.com\/static.foxnews.com\/foxnews.com\/content\/uploads\/2025\/05\/672\/378\/india-pakistan.jpg?ve=1&amp;tl=1, https:\/\/a57.foxnews.com\/static.foxnews.com\/foxnews.com\/content\/uploads\/2025\/05\/1344\/756\/india-pakistan.jpg?ve=1&amp;tl=1 2x\" height=\"378\" width=\"672\"><source media=\"(min-width: 1024px) and (max-width: 1279px)\" srcset=\"https:\/\/a57.foxnews.com\/static.foxnews.com\/foxnews.com\/content\/uploads\/2025\/05\/931\/523\/india-pakistan.jpg?ve=1&amp;tl=1, https:\/\/a57.foxnews.com\/static.foxnews.com\/foxnews.com\/content\/uploads\/2025\/05\/1862\/1046\/india-pakistan.jpg?ve=1&amp;tl=1 2x\" height=\"523\" width=\"931\"><source media=\"(min-width: 1280px)\" srcset=\"https:\/\/a57.foxnews.com\/static.foxnews.com\/foxnews.com\/content\/uploads\/2025\/05\/720\/405\/india-pakistan.jpg?ve=1&amp;tl=1, https:\/\/a57.foxnews.com\/static.foxnews.com\/foxnews.com\/content\/uploads\/2025\/05\/1440\/810\/india-pakistan.jpg?ve=1&amp;tl=1 2x\" height=\"405\" width=\"720\"><img loading=\"lazy\" decoding=\"async\" src=\"https:\/\/a57.foxnews.com\/static.foxnews.com\/foxnews.com\/content\/uploads\/2025\/05\/1200\/675\/india-pakistan.jpg?ve=1&amp;tl=1\" alt=\"India y Pakist\u00e1n\" width=\"1200\" height=\"675\"\/><\/source><\/source><\/source><\/source><\/picture><\/div>\n<div class=\"info\">\n<div class=\"caption\">\n<p><span>India lanz\u00f3 huelgas en el vecino Pakist\u00e1n en mayo.<\/span> <span>(Foto de Narinder Nanu\/AFP a trav\u00e9s de Getty Images)<\/span><\/p>\n<\/div>\n<\/div>\n<\/div>\n<p>El mi\u00e9rcoles, India refut\u00f3 las afirmaciones de Trump que hab\u00eda detenido la guerra entre Pakist\u00e1n e India.<\/p>\n<p>El secretario de Relaciones Exteriores de la India, Vikram Misri, escribi\u00f3 en un comunicado de prensa que \u00ablas conversaciones para cesar la acci\u00f3n militar ocurrieron directamente entre India y Pakist\u00e1n a trav\u00e9s de los canales militares existentes, y sobre la insistencia de Pakist\u00e1n\u00bb, seg\u00fan un informe de Reuters.<\/p>\n<p>El primer ministro indio, Narendra Modi, reiter\u00f3 la India \u00abno ha aceptado la mediaci\u00f3n en el pasado y nunca lo har\u00e1\u00bb, se\u00f1al\u00f3 Misri en el comunicado.<\/p>\n<p><strong><u>Zelensky arroja detalles sobre la reuni\u00f3n con Vance, Rubio en Roma despu\u00e9s del puesto de conversaciones de paz de Rusia<\/u><\/strong><\/p>\n<p>La menci\u00f3n de un Premio Nobel de la Paz se produjo casi dos horas despu\u00e9s de que el Gobierno de Pakist\u00e1n publicara una larga publicaci\u00f3n sobre X, recomendando formalmente a Trump para el honor.<\/p>\n<p>\u00abEl Gobierno de Pakist\u00e1n ha decidido recomendar formalmente al presidente Donald J. Trump para el Premio Nobel de la Paz 2026, en reconocimiento de su decisiva intervenci\u00f3n diplom\u00e1tica y su liderazgo fundamental durante la reciente crisis de India-Pakist\u00e1n\u00bb, se lee en el puesto. \u00abLa comunidad internacional fue testigo de la agresi\u00f3n india no provocada e ilegal, que constitu\u00eda una grave violaci\u00f3n de la soberan\u00eda y la integridad territorial de Pakist\u00e1n, lo que result\u00f3 en la tr\u00e1gica p\u00e9rdida de vidas inocentes, incluidas mujeres, ni\u00f1os y ancianos\u00bb.<\/p>\n<div class=\"image-ct inline\">\n<div class=\"m\"><picture><source media=\"(max-width: 767px)\" srcset=\"https:\/\/a57.foxnews.com\/static.foxnews.com\/foxnews.com\/content\/uploads\/2024\/01\/343\/192\/Nobel-Prize.jpg?ve=1&amp;tl=1, https:\/\/a57.foxnews.com\/static.foxnews.com\/foxnews.com\/content\/uploads\/2024\/01\/686\/384\/Nobel-Prize.jpg?ve=1&amp;tl=1 2x\" height=\"192\" width=\"343\"><source media=\"(min-width: 768px) and (max-width: 1023px)\" srcset=\"https:\/\/a57.foxnews.com\/static.foxnews.com\/foxnews.com\/content\/uploads\/2024\/01\/672\/378\/Nobel-Prize.jpg?ve=1&amp;tl=1, https:\/\/a57.foxnews.com\/static.foxnews.com\/foxnews.com\/content\/uploads\/2024\/01\/1344\/756\/Nobel-Prize.jpg?ve=1&amp;tl=1 2x\" height=\"378\" width=\"672\"><source media=\"(min-width: 1024px) and (max-width: 1279px)\" srcset=\"https:\/\/a57.foxnews.com\/static.foxnews.com\/foxnews.com\/content\/uploads\/2024\/01\/931\/523\/Nobel-Prize.jpg?ve=1&amp;tl=1, https:\/\/a57.foxnews.com\/static.foxnews.com\/foxnews.com\/content\/uploads\/2024\/01\/1862\/1046\/Nobel-Prize.jpg?ve=1&amp;tl=1 2x\" height=\"523\" width=\"931\"><source media=\"(min-width: 1280px)\" srcset=\"https:\/\/a57.foxnews.com\/static.foxnews.com\/foxnews.com\/content\/uploads\/2024\/01\/720\/405\/Nobel-Prize.jpg?ve=1&amp;tl=1, https:\/\/a57.foxnews.com\/static.foxnews.com\/foxnews.com\/content\/uploads\/2024\/01\/1440\/810\/Nobel-Prize.jpg?ve=1&amp;tl=1 2x\" height=\"405\" width=\"720\"><img loading=\"lazy\" decoding=\"async\" src=\"https:\/\/a57.foxnews.com\/static.foxnews.com\/foxnews.com\/content\/uploads\/2024\/01\/1200\/675\/Nobel-Prize.jpg?ve=1&amp;tl=1\" alt=\"Premio Nobel\" width=\"1200\" height=\"675\"\/><\/source><\/source><\/source><\/source><\/picture><\/div>\n<div class=\"info\">\n<div class=\"caption\">\n<p><span>Se exhibe una medalla Nobel durante una ceremonia en Nueva York, el martes 8 de diciembre de 2020. Las puertas cierran el mi\u00e9rcoles 31 de enero de 2024 para las nominaciones para el Premio Nobel de la Paz 2024, con activistas de la paz conectados con las guerras en Gaza y Ucrania entre las entradas conocidas. El Comit\u00e9 Nobel de Noruega mantiene en secreto las nominaciones, pero aquellos con derechos de nominaci\u00f3n a veces hacen p\u00fablicas sus selecciones.<\/span> <span>(Foto de Angela Weiss\/Pool a trav\u00e9s de AP, archivo)<\/span><\/p>\n<\/div>\n<\/div>\n<\/div>\n<p><strong><u>Trump promete aumentar el comercio con India, Pakist\u00e1n despu\u00e9s de alabar el acuerdo de alto el fuego: \u00ab\u00a1Un trabajo bien hecho!\u00bb<\/u><\/strong><\/p>\n<p>Los l\u00edderes pakistan\u00edes dijeron en un momento de turbulencia regional elevada, Trump demostr\u00f3 \u00abgran previsi\u00f3n estrat\u00e9gica y estadismo estelar\u00bb a trav\u00e9s de un \u00abcompromiso diplom\u00e1tico robusto\u00bb con Islamabad y Nueva Delhi, lo que obtiene un alto el fuego.<\/p>\n<p>\u00abEsta intervenci\u00f3n es un testimonio de su papel de pacificador genuino y su compromiso con la resoluci\u00f3n de conflictos a trav\u00e9s del di\u00e1logo\u00bb, continu\u00f3 el puesto. \u00abEl gobierno de Pakist\u00e1n tambi\u00e9n reconoce y admira en gran medida las sinceras ofertas del presidente Trump para ayudar a resolver la disputa de larga data de Jammu y Cachemira entre India y Pakist\u00e1n, un tema que se encuentra en el coraz\u00f3n de la inestabilidad regional.<\/p>\n<p>\u00abEl liderazgo del presidente Trump durante la crisis de la India de Pakist\u00e1n de 2025 muestra manifiestamente la continuaci\u00f3n de su legado de diplomacia pragm\u00e1tica y construcci\u00f3n efectiva de la paz. Pakist\u00e1n sigue con la esperanza de que sus esfuerzos sinceros continuar\u00e1n contribuyendo a la estabilidad regional y regional, particularmente en el contexto de las crisas en curso en el Medio Oriente, incluida la humanitaria involucrada en la estabilidad regional y la estabilidad global.<\/p>\n<p><strong><u>Haga clic aqu\u00ed para obtener la aplicaci\u00f3n Fox News<\/u><\/strong><\/p>\n<p>Seg\u00fan el sitio web del Premio Nobel, para ser nominado para el Premio Nobel de la Paz, una persona debe ser un \u00abnominador calificado\u00bb, que incluye gobiernos nacionales, jefes de estado, ganadores de premios anteriores y miembros de organizaciones internacionales espec\u00edficas. <\/p>\n<p>El proceso de nominaci\u00f3n es confidencial, y las entradas deben presentarse antes del 31 de enero, de ah\u00ed la nominaci\u00f3n de 2026.<\/p>\n<p> <!----> <\/p>\n<div class=\"article-meta\">\n<div class=\"author-bio\">\n<p>Alexandra Koch es escritora de noticias de Fox News Digital. Antes de unirse a Fox News, Alexandra cubri\u00f3 Breaking News, Crime, Religion y los militares en el sureste.<\/p>\n<\/div>\n<\/div>\n<\/div>\n\n","protected":false},"excerpt":{"rendered":"<p>NUEVO\u00a1Ahora puedes escuchar art\u00edculos de Fox News! El presidente Donald Trump anunci\u00f3 el viernes que \u00e9l y el secretario de Estado Marco Rubio hab\u00edan asegurado un tratado \u00abmaravilloso\u00bb entre Ruanda y el Congo, ya que Pakist\u00e1n lo nomin\u00f3 formalmente para el Premio Nobel de la Paz 2026. \u00abEstoy muy feliz de informar que he arreglado, &hellip;<\/p>\n","protected":false},"author":1,"featured_media":32544,"comment_status":"open","ping_status":"open","sticky":false,"template":"","format":"standard","meta":{"fifu_image_url":"https:\/\/static.foxnews.com\/foxnews.com\/content\/uploads\/2025\/06\/4eaff69b-split.png","fifu_image_alt":"","footnotes":""},"categories":[13],"tags":[],"class_list":["post-32542","post","type-post","status-publish","format-standard","has-post-thumbnail","","category-mundo"],"_links":{"self":[{"href":"https:\/\/noticiasveraces.com\/index.php?rest_route=\/wp\/v2\/posts\/32542","targetHints":{"allow":["GET"]}}],"collection":[{"href":"https:\/\/noticiasveraces.com\/index.php?rest_route=\/wp\/v2\/posts"}],"about":[{"href":"https:\/\/noticiasveraces.com\/index.php?rest_route=\/wp\/v2\/types\/post"}],"author":[{"embeddable":true,"href":"https:\/\/noticiasveraces.com\/index.php?rest_route=\/wp\/v2\/users\/1"}],"replies":[{"embeddable":true,"href":"https:\/\/noticiasveraces.com\/index.php?rest_route=%2Fwp%2Fv2%2Fcomments&post=32542"}],"version-history":[{"count":0,"href":"https:\/\/noticiasveraces.com\/index.php?rest_route=\/wp\/v2\/posts\/32542\/revisions"}],"wp:featuredmedia":[{"embeddable":true,"href":"https:\/\/noticiasveraces.com\/index.php?rest_route=\/wp\/v2\/media\/32544"}],"wp:attachment":[{"href":"https:\/\/noticiasveraces.com\/index.php?rest_route=%2Fwp%2Fv2%2Fmedia&parent=32542"}],"wp:term":[{"taxonomy":"category","embeddable":true,"href":"https:\/\/noticiasveraces.com\/index.php?rest_route=%2Fwp%2Fv2%2Fcategories&post=32542"},{"taxonomy":"post_tag","embeddable":true,"href":"https:\/\/noticiasveraces.com\/index.php?rest_route=%2Fwp%2Fv2%2Ftags&post=32542"}],"curies":[{"name":"wp","href":"https:\/\/api.w.org\/{rel}","templated":true}]}}