{"id":32532,"date":"2025-06-20T19:25:15","date_gmt":"2025-06-20T23:25:15","guid":{"rendered":"https:\/\/noticiasveraces.com\/?p=32532"},"modified":"2025-06-20T19:25:15","modified_gmt":"2025-06-20T23:25:15","slug":"erdogan-recibe-al-primer-ministro-de-armania-en-estambul-dw-21-06-2025","status":"publish","type":"post","link":"https:\/\/noticiasveraces.com\/?p=32532","title":{"rendered":"Erdogan recibe al primer ministro de Armania en Estambul \u2013 DW \u2013 21\/06\/2025"},"content":{"rendered":"<p> \n<\/p>\n<div>\n<p>El presidente de Turqu\u00eda, Recep Tayyip Erdogan, recibi\u00f3 este viernes (20.06.2025) al primer ministro de Armenia, Nikol Pashini\u00e1n, en Estambul, en lo que es la primera visita bilateral oficial de un jefe de Gobierno armenio a Turqu\u00eda a lo largo la conflictiva relaci\u00f3n hist\u00f3rica de ambos pa\u00edses.<\/p>\n<p>Los mandatarios se reunieron poco despu\u00e9s de las 18.00 hora local (15.00 GMT) en el palacio Dolmabah\u00e7e a orillas del B\u00f3sforo, donde Pashini\u00e1n fue recibido con una ceremonia oficial, informa la agencia turca Anadolu. Curiosamente, este edificio fue construido por arquitectos armenios al servicio de los sultanes otomanos.<\/p>\n<p>La agencia muestra im\u00e1genes de una guardia de honor y de Erdogan y Pashini\u00e1n posando entre la bandera turca y la armenia, en un acto oficial que se produce por primera vez en esta forma en la historia de los dos pa\u00edses vecinos.<\/p>\n<p>Erdogan y Pashini\u00e1n evaluaron sobre todo el proceso de paz y di\u00e1logo en el C\u00e1ucaso sur, con el presidente turco subrayando la importancia de las negociaciones de paz entre Azerbaiy\u00e1n y Armenia, se\u00f1ala un comunicado de la oficina de comunicaci\u00f3n de la Presidencia turca.<\/p>\n<p>Agreg\u00f3 que Turqu\u00eda apoya este proceso desde la postura de que todos los implicados ganar\u00e1n con los acuerdos de paz y que Ankara utilizar\u00e1 todas las posibilidades de su diplomacia para conseguir la estabilidad no solo en el C\u00e1ucaso, sino en toda la regi\u00f3n.<\/p>\n<p>En la reuni\u00f3n tambi\u00e9n se evaluaron los pasos que Turqu\u00eda y Armenia pueden dar para el \u00abproceso de normalizaci\u00f3n\u00bb, agrega el citado comunicado, sin especificar m\u00e1s.<\/p>\n<p>Turqu\u00eda fue uno de los primeros pa\u00edses en reconocer la rep\u00fablica de Armenia al independizarse de la Uni\u00f3n Sovi\u00e9tica en 1991, pero el establecimiento de relaciones diplom\u00e1ticas plenas qued\u00f3 en suspenso debido a tensiones hist\u00f3ricas.<\/p>\n<p><span data-slot-id=\"Article_InContent-1\" class=\"rich-text-ad\"\/><\/p>\n<h2>Conflicto entre Armenia y\u00a0Azerbaiy\u00e1n<\/h2>\n<p>Por una parte, Ankara insist\u00eda en un expreso reconocimiento de la frontera turco-armenia, fijada por el tratado de Kars en 1921, contestada por algunos movimientos nacionalistas armenios, que consideran tierra armenia hist\u00f3rica una franja del este de Anatolia.<\/p>\n<p>Por otra parte, Turqu\u00eda niega el genocidio armenio de 1915, asegurando que las masacres de aquel a\u00f1o fueron meramente episodios de un conflicto con grupos armados armenios aliados con Rusia, y rechaza los esfuerzos de Erev\u00e1n de conseguir un reconocimiento legal internacional de la tragedia como \u00abgenocidio\u00bb.<\/p>\n<p>La guerra de Armenia contra Azerbaiy\u00e1n en Karabaj y la expulsi\u00f3n de la poblaci\u00f3n turcoparlante de este enclave contribuy\u00f3 a la tensi\u00f3n de los dos pa\u00edses vecinos.<\/p>\n<p>En 2008, el entonces presidente turco, Abdullah G\u00fcl, viaj\u00f3 a Erev\u00e1n para asistir junto a su hom\u00f3logo armenio, Serzh Sargsi\u00e1n, a un partido de f\u00fatbol y en 2009, Sargsi\u00e1n le devolvi\u00f3 la visita, viajando a la ciudad turca de Bursa para otro partido.<\/p>\n<p>Pero el proceso de acercamiento sigui\u00f3 congelado y solo se retom\u00f3 tras la victoria militar azerbaiyana en Karabaj en 2020, con Ankara se\u00f1alando su disposici\u00f3n a establecer plenas relaciones con Erev\u00e1n, si Armenia firmaba la paz con Azerbaiy\u00e1n.<\/p>\n<p>En 2022, Erdogan y Pashini\u00e1n se encontraron por primera vez en un foro europeo en Praga y un a\u00f1o despu\u00e9s el mandatario armenio viaj\u00f3 a Ankara para asistir a la investidura de Erdogan como presidente en su tercer mandato, junto a decenas de otros jefes de Estado y Gobierno.<\/p>\n<p>En el encuentro de hoy participan tambi\u00e9n el ministro de Exteriores turco, Hakan Fidan, y su hom\u00f3logo armenio, Ararat Mirzoyan.<\/p>\n<p>MG (EFE, DPA)<\/p>\n<\/p>\n<\/div>\n\n","protected":false},"excerpt":{"rendered":"<p>El presidente de Turqu\u00eda, Recep Tayyip Erdogan, recibi\u00f3 este viernes (20.06.2025) al primer ministro de Armenia, Nikol Pashini\u00e1n, en Estambul, en lo que es la primera visita bilateral oficial de un jefe de Gobierno armenio a Turqu\u00eda a lo largo la conflictiva relaci\u00f3n hist\u00f3rica de ambos pa\u00edses. Los mandatarios se reunieron poco despu\u00e9s de las &hellip;<\/p>\n","protected":false},"author":1,"featured_media":32533,"comment_status":"open","ping_status":"open","sticky":false,"template":"","format":"standard","meta":{"fifu_image_url":"https:\/\/static.dw.com\/image\/72990198_6.jpg","fifu_image_alt":"","footnotes":""},"categories":[13],"tags":[],"class_list":["post-32532","post","type-post","status-publish","format-standard","has-post-thumbnail","","category-mundo"],"_links":{"self":[{"href":"https:\/\/noticiasveraces.com\/index.php?rest_route=\/wp\/v2\/posts\/32532","targetHints":{"allow":["GET"]}}],"collection":[{"href":"https:\/\/noticiasveraces.com\/index.php?rest_route=\/wp\/v2\/posts"}],"about":[{"href":"https:\/\/noticiasveraces.com\/index.php?rest_route=\/wp\/v2\/types\/post"}],"author":[{"embeddable":true,"href":"https:\/\/noticiasveraces.com\/index.php?rest_route=\/wp\/v2\/users\/1"}],"replies":[{"embeddable":true,"href":"https:\/\/noticiasveraces.com\/index.php?rest_route=%2Fwp%2Fv2%2Fcomments&post=32532"}],"version-history":[{"count":0,"href":"https:\/\/noticiasveraces.com\/index.php?rest_route=\/wp\/v2\/posts\/32532\/revisions"}],"wp:featuredmedia":[{"embeddable":true,"href":"https:\/\/noticiasveraces.com\/index.php?rest_route=\/wp\/v2\/media\/32533"}],"wp:attachment":[{"href":"https:\/\/noticiasveraces.com\/index.php?rest_route=%2Fwp%2Fv2%2Fmedia&parent=32532"}],"wp:term":[{"taxonomy":"category","embeddable":true,"href":"https:\/\/noticiasveraces.com\/index.php?rest_route=%2Fwp%2Fv2%2Fcategories&post=32532"},{"taxonomy":"post_tag","embeddable":true,"href":"https:\/\/noticiasveraces.com\/index.php?rest_route=%2Fwp%2Fv2%2Ftags&post=32532"}],"curies":[{"name":"wp","href":"https:\/\/api.w.org\/{rel}","templated":true}]}}