{"id":32492,"date":"2025-06-20T12:12:13","date_gmt":"2025-06-20T16:12:13","guid":{"rendered":"https:\/\/noticiasveraces.com\/?p=32492"},"modified":"2025-06-20T12:12:13","modified_gmt":"2025-06-20T16:12:13","slug":"bill-gates-comparte-la-esperanza-del-progreso-de-alzheimer-despues-de-la-batalla-del-padre","status":"publish","type":"post","link":"https:\/\/noticiasveraces.com\/?p=32492","title":{"rendered":"Bill Gates comparte la esperanza del progreso de Alzheimer despu\u00e9s de la batalla del padre"},"content":{"rendered":"<p> \n<\/p>\n<div>\n<div id=\"beyondwords-wrapper\" class=\"beyondwords-wrapper\">\n<p><span class=\"label-bg\">NUEVO<\/span>\u00a1Ahora puedes escuchar art\u00edculos de Fox News!\n  <\/p>\n<\/div>\n<p class=\"speakable\">Bill Gates est\u00e1 hablando sobre su experiencia personal con la de Alzheimer, y su esperanza de progreso en la lucha contra la enfermedad.<\/p>\n<p class=\"speakable\">En un ensayo publicado esta semana en su blog en GatesNotes.com, el cofundador y multimillonario de Tech, de 69 a\u00f1os, reflexion\u00f3 sobre la dificultad de pasar otro d\u00eda del padre sin su padre, Bill Gates Sr.<\/p>\n<p>El anciano Gates falleci\u00f3 en 2020 a la edad de 94 a\u00f1os despu\u00e9s de luchar contra el Alzheimer.<\/p>\n<p><strong><u>Las tasas de demencia son m\u00e1s bajas en las personas que comen esta dieta espec\u00edfica, muestra la investigaci\u00f3n<\/u><\/strong><\/p>\n<p>\u00abFue una experiencia brutal, ver a mi brillante y amoroso padre ir cuesta abajo y desaparecer\u00bb, escribi\u00f3 Gates en la publicaci\u00f3n del blog.<\/p>\n<p>Hoy, motivado por su propia experiencia con la demencia com\u00fan, Gates, que se desempe\u00f1a como presidente de la Fundaci\u00f3n Gates, se compromete a trabajar hacia una cura para la demencia com\u00fan, que actualmente afecta a m\u00e1s de siete millones de estadounidenses, o uno de cada nueve personas mayores de 65 a\u00f1os.<\/p>\n<div class=\"image-ct inline\">\n<div class=\"m\"><picture><source media=\"(max-width: 767px)\" srcset=\"https:\/\/a57.foxnews.com\/static.foxnews.com\/foxnews.com\/content\/uploads\/2025\/06\/343\/192\/3165c6e6-b9e72000-bill-gates-and-bill-gates-sr._2008-scaled.jpg?ve=1&amp;tl=1, https:\/\/a57.foxnews.com\/static.foxnews.com\/foxnews.com\/content\/uploads\/2025\/06\/686\/384\/3165c6e6-b9e72000-bill-gates-and-bill-gates-sr._2008-scaled.jpg?ve=1&amp;tl=1 2x\" height=\"192\" width=\"343\"><source media=\"(min-width: 768px) and (max-width: 1023px)\" srcset=\"https:\/\/a57.foxnews.com\/static.foxnews.com\/foxnews.com\/content\/uploads\/2025\/06\/672\/378\/3165c6e6-b9e72000-bill-gates-and-bill-gates-sr._2008-scaled.jpg?ve=1&amp;tl=1, https:\/\/a57.foxnews.com\/static.foxnews.com\/foxnews.com\/content\/uploads\/2025\/06\/1344\/756\/3165c6e6-b9e72000-bill-gates-and-bill-gates-sr._2008-scaled.jpg?ve=1&amp;tl=1 2x\" height=\"378\" width=\"672\"><source media=\"(min-width: 1024px) and (max-width: 1279px)\" srcset=\"https:\/\/a57.foxnews.com\/static.foxnews.com\/foxnews.com\/content\/uploads\/2025\/06\/931\/523\/3165c6e6-b9e72000-bill-gates-and-bill-gates-sr._2008-scaled.jpg?ve=1&amp;tl=1, https:\/\/a57.foxnews.com\/static.foxnews.com\/foxnews.com\/content\/uploads\/2025\/06\/1862\/1046\/3165c6e6-b9e72000-bill-gates-and-bill-gates-sr._2008-scaled.jpg?ve=1&amp;tl=1 2x\" height=\"523\" width=\"931\"><source media=\"(min-width: 1280px)\" srcset=\"https:\/\/a57.foxnews.com\/static.foxnews.com\/foxnews.com\/content\/uploads\/2025\/06\/720\/405\/3165c6e6-b9e72000-bill-gates-and-bill-gates-sr._2008-scaled.jpg?ve=1&amp;tl=1, https:\/\/a57.foxnews.com\/static.foxnews.com\/foxnews.com\/content\/uploads\/2025\/06\/1440\/810\/3165c6e6-b9e72000-bill-gates-and-bill-gates-sr._2008-scaled.jpg?ve=1&amp;tl=1 2x\" height=\"405\" width=\"720\"><img loading=\"lazy\" decoding=\"async\" src=\"https:\/\/a57.foxnews.com\/static.foxnews.com\/foxnews.com\/content\/uploads\/2025\/06\/1200\/675\/3165c6e6-b9e72000-bill-gates-and-bill-gates-sr._2008-scaled.jpg?ve=1&amp;tl=1\" alt=\"Bill Gates Sr. y Jr.\" width=\"1200\" height=\"675\"\/><\/source><\/source><\/source><\/source><\/picture><\/div>\n<div class=\"info\">\n<div class=\"caption\">\n<p><span>Bill Gates y Bill Gates Sr. posan en una sala de reuniones en la sede de Seattle de la Fundaci\u00f3n Bill y Melinda Gates en 2008.<\/span> <span>(Gates Ventures)<\/span><\/p>\n<\/div>\n<\/div>\n<\/div>\n<p>En su blog, Gates expres\u00f3 su optimismo sobre el \u00abprogreso masivo\u00bb realizado en la lucha contra el Alzheimer y otras demencias.<\/p>\n<p>El a\u00f1o pasado, Gates dijo que visit\u00f3 la Facultad de Medicina de la Universidad de Indiana en Indian\u00e1polis para recorrer los laboratorios donde los equipos han estado investigando los biomarcadores de Alzheimer.<\/p>\n<p><strong><u>Bill Gates probablemente ten\u00eda autismo cuando era ni\u00f1o, revela: \u00abno fue ampliamente entendido\u00bb<\/u><\/strong><\/p>\n<p>\u00abTambi\u00e9n tuve la oportunidad de mirar debajo del cap\u00f3 de nuevas m\u00e1quinas automatizadas que pronto ejecutar\u00e1n diagn\u00f3sticos en todo el mundo\u00bb, escribi\u00f3. \u00abEs un momento emocionante en un espacio desafiante\u00bb.<\/p>\n<p>Uno de los mayores avances en la investigaci\u00f3n de Alzheimer, seg\u00fan Gates, son las pruebas de diagn\u00f3stico basadas en la sangre, que detectan la relaci\u00f3n de las placas amiloides en el cerebro. (Las placas amiloides, grupos de prote\u00ednas que se acumulan en el cerebro, son una de las caracter\u00edsticas del Alzheimer).<\/p>\n<div class=\"image-ct inline\">\n<div class=\"m\"><picture><source media=\"(max-width: 767px)\" srcset=\"https:\/\/a57.foxnews.com\/static.foxnews.com\/foxnews.com\/content\/uploads\/2025\/06\/343\/192\/bill-sr.-bill-lakeside-graduation-1973.jpg?ve=1&amp;tl=1, https:\/\/a57.foxnews.com\/static.foxnews.com\/foxnews.com\/content\/uploads\/2025\/06\/686\/384\/bill-sr.-bill-lakeside-graduation-1973.jpg?ve=1&amp;tl=1 2x\" height=\"192\" width=\"343\"><source media=\"(min-width: 768px) and (max-width: 1023px)\" srcset=\"https:\/\/a57.foxnews.com\/static.foxnews.com\/foxnews.com\/content\/uploads\/2025\/06\/672\/378\/bill-sr.-bill-lakeside-graduation-1973.jpg?ve=1&amp;tl=1, https:\/\/a57.foxnews.com\/static.foxnews.com\/foxnews.com\/content\/uploads\/2025\/06\/1344\/756\/bill-sr.-bill-lakeside-graduation-1973.jpg?ve=1&amp;tl=1 2x\" height=\"378\" width=\"672\"><source media=\"(min-width: 1024px) and (max-width: 1279px)\" srcset=\"https:\/\/a57.foxnews.com\/static.foxnews.com\/foxnews.com\/content\/uploads\/2025\/06\/931\/523\/bill-sr.-bill-lakeside-graduation-1973.jpg?ve=1&amp;tl=1, https:\/\/a57.foxnews.com\/static.foxnews.com\/foxnews.com\/content\/uploads\/2025\/06\/1862\/1046\/bill-sr.-bill-lakeside-graduation-1973.jpg?ve=1&amp;tl=1 2x\" height=\"523\" width=\"931\"><source media=\"(min-width: 1280px)\" srcset=\"https:\/\/a57.foxnews.com\/static.foxnews.com\/foxnews.com\/content\/uploads\/2025\/06\/720\/405\/bill-sr.-bill-lakeside-graduation-1973.jpg?ve=1&amp;tl=1, https:\/\/a57.foxnews.com\/static.foxnews.com\/foxnews.com\/content\/uploads\/2025\/06\/1440\/810\/bill-sr.-bill-lakeside-graduation-1973.jpg?ve=1&amp;tl=1 2x\" height=\"405\" width=\"720\"><img loading=\"lazy\" decoding=\"async\" src=\"https:\/\/a57.foxnews.com\/static.foxnews.com\/foxnews.com\/content\/uploads\/2025\/06\/1200\/675\/bill-sr.-bill-lakeside-graduation-1973.jpg?ve=1&amp;tl=1\" alt=\"Bill Gates Sr. y Jr.\" width=\"1200\" height=\"675\"\/><\/source><\/source><\/source><\/source><\/picture><\/div>\n<div class=\"info\">\n<div class=\"caption\">\n<p><span>Bill Gates Jr. (derecha) posa con su padre en su ceremonia de graduaci\u00f3n en 1973.<\/span> <span>(Familia Gates)<\/span><\/p>\n<\/div>\n<\/div>\n<\/div>\n<p>\u00abSoy optimista de que estas pruebas ser\u00e1n un cambio de juego\u00bb, escribi\u00f3 Gates. <\/p>\n<p>El mes pasado, la Administraci\u00f3n de Drogas y Alimentos de los Estados Unidos (FDA) aprob\u00f3 la primera prueba basada en la sangre para pacientes de 55 a\u00f1os o m\u00e1s, como inform\u00f3 Fox News Digital en ese momento.<\/p>\n<blockquote class=\"pull-quote\">\n<p class=\"quote-text\">\u00abUn an\u00e1lisis de sangre simple, preciso y f\u00e1cil de ejecutar podr\u00eda alg\u00fan d\u00eda hacer posible la detecci\u00f3n de rutina\u00bb.<\/p>\n<p> <!----><\/p><\/blockquote>\n<p>Tradicionalmente, se\u00f1al\u00f3 Gates, el camino principal al diagn\u00f3stico de Alzheimer era una exploraci\u00f3n PET (im\u00e1genes m\u00e9dicas) o un grifo espinal (punci\u00f3n lumbar), que generalmente solo se realizaban cuando surgieron s\u00edntomas.<\/p>\n<p>La esperanza es que las pruebas basadas en la sangre puedan hacer un mejor trabajo al atrapar la enfermedad temprano, comienza la disminuci\u00f3n.<\/p>\n<div class=\"image-ct inline\">\n<div class=\"m\"><picture><source media=\"(max-width: 767px)\" srcset=\"https:\/\/a57.foxnews.com\/static.foxnews.com\/foxnews.com\/content\/uploads\/2025\/06\/343\/192\/gates-family-portrait-wa-1965-scaled.jpg?ve=1&amp;tl=1, https:\/\/a57.foxnews.com\/static.foxnews.com\/foxnews.com\/content\/uploads\/2025\/06\/686\/384\/gates-family-portrait-wa-1965-scaled.jpg?ve=1&amp;tl=1 2x\" height=\"192\" width=\"343\"><source media=\"(min-width: 768px) and (max-width: 1023px)\" srcset=\"https:\/\/a57.foxnews.com\/static.foxnews.com\/foxnews.com\/content\/uploads\/2025\/06\/672\/378\/gates-family-portrait-wa-1965-scaled.jpg?ve=1&amp;tl=1, https:\/\/a57.foxnews.com\/static.foxnews.com\/foxnews.com\/content\/uploads\/2025\/06\/1344\/756\/gates-family-portrait-wa-1965-scaled.jpg?ve=1&amp;tl=1 2x\" height=\"378\" width=\"672\"><source media=\"(min-width: 1024px) and (max-width: 1279px)\" srcset=\"https:\/\/a57.foxnews.com\/static.foxnews.com\/foxnews.com\/content\/uploads\/2025\/06\/931\/523\/gates-family-portrait-wa-1965-scaled.jpg?ve=1&amp;tl=1, https:\/\/a57.foxnews.com\/static.foxnews.com\/foxnews.com\/content\/uploads\/2025\/06\/1862\/1046\/gates-family-portrait-wa-1965-scaled.jpg?ve=1&amp;tl=1 2x\" height=\"523\" width=\"931\"><source media=\"(min-width: 1280px)\" srcset=\"https:\/\/a57.foxnews.com\/static.foxnews.com\/foxnews.com\/content\/uploads\/2025\/06\/720\/405\/gates-family-portrait-wa-1965-scaled.jpg?ve=1&amp;tl=1, https:\/\/a57.foxnews.com\/static.foxnews.com\/foxnews.com\/content\/uploads\/2025\/06\/1440\/810\/gates-family-portrait-wa-1965-scaled.jpg?ve=1&amp;tl=1 2x\" height=\"405\" width=\"720\"><img loading=\"lazy\" decoding=\"async\" src=\"https:\/\/a57.foxnews.com\/static.foxnews.com\/foxnews.com\/content\/uploads\/2025\/06\/1200\/675\/gates-family-portrait-wa-1965-scaled.jpg?ve=1&amp;tl=1\" alt=\"Familia Gates en 1965\" width=\"1200\" height=\"675\"\/><\/source><\/source><\/source><\/source><\/picture><\/div>\n<div class=\"info\">\n<div class=\"caption\">\n<p><span>La familia Gates posa para una foto en 1965. Las puertas mayores fallecieron en 2020 a la edad de 94 a\u00f1os despu\u00e9s de luchar contra el Alzheimer.<\/span> <span>(Familia Gates)<\/span><\/p>\n<\/div>\n<\/div>\n<\/div>\n<p>\u00abAhora sabemos que la enfermedad comienza de 15 a 20 a\u00f1os antes de que comience a ver signos\u00bb, escribi\u00f3 Gates. <\/p>\n<p>\u00abUn an\u00e1lisis de sangre simple, preciso y f\u00e1cil de ejecutar podr\u00eda alg\u00fan d\u00eda hacer posible la detecci\u00f3n de rutina, identificando a los pacientes mucho antes de que experimenten un deterioro cognitivo\u00bb, afirm\u00f3.<\/p>\n<p>A Gates dijo que a menudo se le pregunta: \u00ab\u00bfCu\u00e1l es el punto de ser diagnosticado si no puedo hacer nada al respecto?\u00bb<\/p>\n<p><strong><u>Haga clic aqu\u00ed para obtener la aplicaci\u00f3n Fox News<\/u><\/strong><\/p>\n<p>Con ese fin, expres\u00f3 su optimismo por el futuro de los tratamientos de Alzheimer, se\u00f1alando que dos drogas, Lecanemab (Leqembi) y Donanemab (Kisunla), han obtenido la aprobaci\u00f3n de la FDA.<\/p>\n<p>\u00abAmbos han demostrado ralentizar modestamente la progresi\u00f3n de la enfermedad, pero lo que realmente me entusiasma es su potencial cuando se combina con un diagn\u00f3stico temprano\u00bb, se\u00f1al\u00f3 Gates.<\/p>\n<div class=\"image-ct inline\">\n<div class=\"m\"><picture><source media=\"(max-width: 767px)\" srcset=\"https:\/\/a57.foxnews.com\/static.foxnews.com\/foxnews.com\/content\/uploads\/2024\/02\/343\/192\/lupus-awareness.jpg?ve=1&amp;tl=1, https:\/\/a57.foxnews.com\/static.foxnews.com\/foxnews.com\/content\/uploads\/2024\/02\/686\/384\/lupus-awareness.jpg?ve=1&amp;tl=1 2x\" height=\"192\" width=\"343\"><source media=\"(min-width: 768px) and (max-width: 1023px)\" srcset=\"https:\/\/a57.foxnews.com\/static.foxnews.com\/foxnews.com\/content\/uploads\/2024\/02\/672\/378\/lupus-awareness.jpg?ve=1&amp;tl=1, https:\/\/a57.foxnews.com\/static.foxnews.com\/foxnews.com\/content\/uploads\/2024\/02\/1344\/756\/lupus-awareness.jpg?ve=1&amp;tl=1 2x\" height=\"378\" width=\"672\"><source media=\"(min-width: 1024px) and (max-width: 1279px)\" srcset=\"https:\/\/a57.foxnews.com\/static.foxnews.com\/foxnews.com\/content\/uploads\/2024\/02\/931\/523\/lupus-awareness.jpg?ve=1&amp;tl=1, https:\/\/a57.foxnews.com\/static.foxnews.com\/foxnews.com\/content\/uploads\/2024\/02\/1862\/1046\/lupus-awareness.jpg?ve=1&amp;tl=1 2x\" height=\"523\" width=\"931\"><source media=\"(min-width: 1280px)\" srcset=\"https:\/\/a57.foxnews.com\/static.foxnews.com\/foxnews.com\/content\/uploads\/2024\/02\/720\/405\/lupus-awareness.jpg?ve=1&amp;tl=1, https:\/\/a57.foxnews.com\/static.foxnews.com\/foxnews.com\/content\/uploads\/2024\/02\/1440\/810\/lupus-awareness.jpg?ve=1&amp;tl=1 2x\" height=\"405\" width=\"720\"><img loading=\"lazy\" decoding=\"async\" src=\"https:\/\/a57.foxnews.com\/static.foxnews.com\/foxnews.com\/content\/uploads\/2024\/02\/1200\/675\/lupus-awareness.jpg?ve=1&amp;tl=1\" alt=\"Conciencia de lupus\" width=\"1200\" height=\"675\"\/><\/source><\/source><\/source><\/source><\/picture><\/div>\n<div class=\"info\">\n<div class=\"caption\">\n<p><span>La enfermedad de Alzheimer actualmente afecta a m\u00e1s de siete millones de estadounidenses, o uno de cada nueve personas mayores de 65 a\u00f1os.<\/span> <span>(Istock)<\/span><\/p>\n<\/div>\n<\/div>\n<\/div>\n<p>Dijo que tambi\u00e9n tiene la esperanza de que los an\u00e1lisis de sangre ayuden a acelerar el proceso de inscripci\u00f3n de pacientes en ensayos cl\u00ednicos para nuevos medicamentos de Alzheimer.<\/p>\n<p>Para lograr esto, Gates est\u00e1 pidiendo una mayor financiaci\u00f3n para la investigaci\u00f3n, que a menudo proviene de subvenciones federales.<\/p>\n<p><strong><u>Haga clic aqu\u00ed para registrarse en nuestro bolet\u00edn de salud<\/u><\/strong><\/p>\n<p>\u00abEste es el momento para gastar m\u00e1s dinero en investigaci\u00f3n, no menos\u00bb, escribi\u00f3, tambi\u00e9n afirmando que \u00abla b\u00fasqueda para detener el Alzheimer nunca ha tenido m\u00e1s impulso\u00bb.<\/p>\n<p>\u00abTodav\u00eda hay una gran cantidad de trabajo por hacer, como profundizar nuestra comprensi\u00f3n de la patolog\u00eda de la enfermedad y desarrollar un diagn\u00f3stico a\u00fan mejor\u00bb, continu\u00f3 Gates. <\/p>\n<blockquote class=\"pull-quote\">\n<p class=\"quote-text\">\u00abEstoy impresionado por lo mucho que hemos aprendido sobre el Alzheimer en los \u00faltimos a\u00f1os\u00bb.<\/p>\n<p> <!----><\/p><\/blockquote>\n<p>Gates se\u00f1al\u00f3 que cuando su padre ten\u00eda Alzheimer, se consideraba una \u00absentencia de muerte\u00bb, pero eso est\u00e1 comenzando a cambiar.<\/p>\n<p>\u00abEstoy impresionado por lo mucho que hemos aprendido sobre el Alzheimer en los \u00faltimos a\u00f1os\u00bb, escribi\u00f3.<\/p>\n<p><i><strong><u>Para m\u00e1s art\u00edculos de salud, visite <\/u><\/strong><\/i><i><strong><u>www.foxnews.com\/Health<\/u><\/strong><\/i><\/p>\n<p>\u00abNo puedo evitar estar lleno de una sensaci\u00f3n de esperanza cuando pienso en todo el progreso que se realiza en el Alzheimer, incluso con tantos desaf\u00edos que suceden en todo el mundo. Estamos m\u00e1s cerca que nunca a un mundo donde nadie tiene que ver a alguien que aman sufrir de esta horrible enfermedad\u00bb.<\/p>\n<p> <!----> <\/p>\n<div class=\"article-meta\">\n<div class=\"author-bio\">\n<p>Melissa Rudy es editora de salud senior y miembro del equipo de estilo de vida en Fox News Digital. Los consejos de la historia se pueden enviar a melissa.rudy@fox.com.<\/p>\n<\/div>\n<\/div>\n<\/div>\n\n","protected":false},"excerpt":{"rendered":"<p>NUEVO\u00a1Ahora puedes escuchar art\u00edculos de Fox News! Bill Gates est\u00e1 hablando sobre su experiencia personal con la de Alzheimer, y su esperanza de progreso en la lucha contra la enfermedad. En un ensayo publicado esta semana en su blog en GatesNotes.com, el cofundador y multimillonario de Tech, de 69 a\u00f1os, reflexion\u00f3 sobre la dificultad de &hellip;<\/p>\n","protected":false},"author":1,"featured_media":32494,"comment_status":"open","ping_status":"open","sticky":false,"template":"","format":"standard","meta":{"fifu_image_url":"https:\/\/a57.foxnews.com\/static.foxnews.com\/foxnews.com\/content\/uploads\/2025\/06\/1200\/675\/3165c6e6-b9e72000-bill-gates-and-bill-gates-sr._2008-scaled.jpg?ve=1&tl=1","fifu_image_alt":"","footnotes":""},"categories":[8],"tags":[],"class_list":["post-32492","post","type-post","status-publish","format-standard","has-post-thumbnail","","category-salud"],"_links":{"self":[{"href":"https:\/\/noticiasveraces.com\/index.php?rest_route=\/wp\/v2\/posts\/32492","targetHints":{"allow":["GET"]}}],"collection":[{"href":"https:\/\/noticiasveraces.com\/index.php?rest_route=\/wp\/v2\/posts"}],"about":[{"href":"https:\/\/noticiasveraces.com\/index.php?rest_route=\/wp\/v2\/types\/post"}],"author":[{"embeddable":true,"href":"https:\/\/noticiasveraces.com\/index.php?rest_route=\/wp\/v2\/users\/1"}],"replies":[{"embeddable":true,"href":"https:\/\/noticiasveraces.com\/index.php?rest_route=%2Fwp%2Fv2%2Fcomments&post=32492"}],"version-history":[{"count":0,"href":"https:\/\/noticiasveraces.com\/index.php?rest_route=\/wp\/v2\/posts\/32492\/revisions"}],"wp:featuredmedia":[{"embeddable":true,"href":"https:\/\/noticiasveraces.com\/index.php?rest_route=\/wp\/v2\/media\/32494"}],"wp:attachment":[{"href":"https:\/\/noticiasveraces.com\/index.php?rest_route=%2Fwp%2Fv2%2Fmedia&parent=32492"}],"wp:term":[{"taxonomy":"category","embeddable":true,"href":"https:\/\/noticiasveraces.com\/index.php?rest_route=%2Fwp%2Fv2%2Fcategories&post=32492"},{"taxonomy":"post_tag","embeddable":true,"href":"https:\/\/noticiasveraces.com\/index.php?rest_route=%2Fwp%2Fv2%2Ftags&post=32492"}],"curies":[{"name":"wp","href":"https:\/\/api.w.org\/{rel}","templated":true}]}}