{"id":32478,"date":"2025-06-20T09:24:23","date_gmt":"2025-06-20T13:24:23","guid":{"rendered":"https:\/\/noticiasveraces.com\/?p=32478"},"modified":"2025-06-20T09:24:23","modified_gmt":"2025-06-20T13:24:23","slug":"insolito-millonarios-le-nego-la-entrada-a-los-directivos-de-santa-fe","status":"publish","type":"post","link":"https:\/\/noticiasveraces.com\/?p=32478","title":{"rendered":"Ins\u00f3lito: Millonarios le neg\u00f3 la entrada a los directivos de Santa Fe"},"content":{"rendered":"<p> \n<br \/><img decoding=\"async\" src=\"https:\/\/www.futbolred.com\/files\/article_graphic\/uploads\/2021\/04\/26\/608744b364655.jpeg\" \/><\/p>\n<header>\n<h3>\n<p>                Liga betplay<br \/>\n            <\/h3>\n<h1>\n<p>            Ins\u00f3lito: Millonarios le neg\u00f3 la entrada a los directivos de Santa Fe<br \/>\n        <\/h1>\n<address>\n            <a>Juan Pablo Ar\u00e9valo<br \/>\n        <\/address>\n<p>            19 de junio 2025 , 08:57 p.\u00a0m.<\/p>\n<\/header>\n<p>Eduardo M\u00e9ndez y su dirigencia no pudieron entrar al estadio El Camp\u00edn para el cl\u00e1sico de Liga I.<\/p>\n<p>Incre\u00edble: la dirigencia de Santa Fe, encabezada por el presidente Eduardo M\u00e9ndez, no pudo ingresar al estadio El Camp\u00edn para presenciar el cl\u00e1sico en el que Millonarios es local, y que define al finalista del cuadrangular B en la Liga BetPlay I-2025.<\/p>\n<p>La log\u00edstica del club embajador impidi\u00f3 la entrada de M\u00e9ndez y sus compa\u00f1eros de Junta Directiva al escenario deportivo y al palco oficial que tiene el club cardenal. Despu\u00e9s de unos minutos de espera, nadie apareci\u00f3 para autorizar el ingreso de los dirigentes de Santa Fe.<\/p>\n<p>\u201cQue no ten\u00edamos la aplicaci\u00f3n. El due\u00f1o de Millonarios nos orden\u00f3 sacar del palco porque no ten\u00edamos la boleta y nos toc\u00f3 venir a ver el partido aqu\u00ed en la oficina\u201d, le dijo M\u00e9ndez a <i>EL TIEMPO<\/i>.<\/p>\n<p>Tras el exabrupto, M\u00e9ndez decidi\u00f3 abandonar cuanto antes el sector de El Camp\u00edn y se fue a la sede administrativa del club, ubicada a unos dos kil\u00f3metros del estadio, para ver el partido por televisi\u00f3n.<\/p>\n<p>El primero en revelar el ins\u00f3lito hecho fue Carlos Antonio V\u00e9lez en la transmisi\u00f3n de <i>Ganar deportes<\/i>.<\/p>\n\n","protected":false},"excerpt":{"rendered":"<p>Liga betplay Ins\u00f3lito: Millonarios le neg\u00f3 la entrada a los directivos de Santa Fe Juan Pablo Ar\u00e9valo 19 de junio 2025 , 08:57 p.\u00a0m. Eduardo M\u00e9ndez y su dirigencia no pudieron entrar al estadio El Camp\u00edn para el cl\u00e1sico de Liga I. Incre\u00edble: la dirigencia de Santa Fe, encabezada por el presidente Eduardo M\u00e9ndez, no &hellip;<\/p>\n","protected":false},"author":1,"featured_media":32480,"comment_status":"open","ping_status":"open","sticky":false,"template":"","format":"standard","meta":{"fifu_image_url":"https:\/\/www.futbolred.com\/files\/og_thumbnail\/uploads\/2021\/04\/26\/608744b364655.jpeg","fifu_image_alt":"","footnotes":""},"categories":[6],"tags":[],"class_list":["post-32478","post","type-post","status-publish","format-standard","has-post-thumbnail","","category-deportes"],"_links":{"self":[{"href":"https:\/\/noticiasveraces.com\/index.php?rest_route=\/wp\/v2\/posts\/32478","targetHints":{"allow":["GET"]}}],"collection":[{"href":"https:\/\/noticiasveraces.com\/index.php?rest_route=\/wp\/v2\/posts"}],"about":[{"href":"https:\/\/noticiasveraces.com\/index.php?rest_route=\/wp\/v2\/types\/post"}],"author":[{"embeddable":true,"href":"https:\/\/noticiasveraces.com\/index.php?rest_route=\/wp\/v2\/users\/1"}],"replies":[{"embeddable":true,"href":"https:\/\/noticiasveraces.com\/index.php?rest_route=%2Fwp%2Fv2%2Fcomments&post=32478"}],"version-history":[{"count":0,"href":"https:\/\/noticiasveraces.com\/index.php?rest_route=\/wp\/v2\/posts\/32478\/revisions"}],"wp:featuredmedia":[{"embeddable":true,"href":"https:\/\/noticiasveraces.com\/index.php?rest_route=\/wp\/v2\/media\/32480"}],"wp:attachment":[{"href":"https:\/\/noticiasveraces.com\/index.php?rest_route=%2Fwp%2Fv2%2Fmedia&parent=32478"}],"wp:term":[{"taxonomy":"category","embeddable":true,"href":"https:\/\/noticiasveraces.com\/index.php?rest_route=%2Fwp%2Fv2%2Fcategories&post=32478"},{"taxonomy":"post_tag","embeddable":true,"href":"https:\/\/noticiasveraces.com\/index.php?rest_route=%2Fwp%2Fv2%2Ftags&post=32478"}],"curies":[{"name":"wp","href":"https:\/\/api.w.org\/{rel}","templated":true}]}}