{"id":32476,"date":"2025-06-20T09:13:38","date_gmt":"2025-06-20T13:13:38","guid":{"rendered":"https:\/\/noticiasveraces.com\/?p=32476"},"modified":"2025-06-20T09:13:38","modified_gmt":"2025-06-20T13:13:38","slug":"rusia-y-ucrania-realizan-un-nuevo-canje-de-prisioneros-dw-20-06-2025","status":"publish","type":"post","link":"https:\/\/noticiasveraces.com\/?p=32476","title":{"rendered":"Rusia y Ucrania realizan un nuevo canje de prisioneros \u2013 DW \u2013 20\/06\/2025"},"content":{"rendered":"<p> \n<\/p>\n<div>\n<p>Rusia y Ucrania efectuaron este viernes (20.06.2025) el sexto canje de prisioneros de guerra en el marco de lo acordado en la segunda ronda de negociaciones de Estambul a comienzos del mes, indicaron el Ministerio de Defensa ruso y el presidente ucraniano Volodimir Zelenski.<\/p>\n<p>\u00abRegres\u00f3 un grupo de militares rusos de los territorios controlados por el r\u00e9gimen de Kiev. A cambio fue entregado un grupo de militares del ej\u00e9rcito ucraniano\u00bb, se\u00f1al\u00f3 el mando militar ruso en Telegram. Es el segundo intercambio en dos d\u00edas.<\/p>\n<p>\u00abLa mayor\u00eda de los guerreros que regresan hoy del cautiverio ruso llevaban m\u00e1s de dos a\u00f1os retenidos. Y ahora, por fin, est\u00e1n en casa\u00bb, escribi\u00f3 Zelenski en la red social X.<\/p>\n<blockquote class=\"tweet embed\" data-id=\"1936023508837916826\"\/>\n<p>El departamento castrense public\u00f3 un video en el que se observa a los militares rusos, de uniforme y con banderas tricolores sobre sus hombros, abordando autobuses para su posterior traslado.<\/p>\n<p>Sin embargo, el ente no especific\u00f3 el n\u00famero de prisioneros canjeados ni la fecha de pr\u00f3ximos intercambios, que se efectuar\u00e1n en el formato \u00abtodos por todos\u00bb, pero no ser\u00e1n menos de 1.000, precis\u00f3 anteriormente el jefe negociador ruso Vladimir Medinski.<\/p>\n<p>Tampoco indic\u00f3 a cu\u00e1l de las categor\u00edas de prisioneros acordados para el intercambio (menores de 25 a\u00f1os, enfermos o gravemente heridos) pertenecen.<\/p>\n<p>RR Efe\/Reuters<\/p>\n<\/div>\n\n","protected":false},"excerpt":{"rendered":"<p>Rusia y Ucrania efectuaron este viernes (20.06.2025) el sexto canje de prisioneros de guerra en el marco de lo acordado en la segunda ronda de negociaciones de Estambul a comienzos del mes, indicaron el Ministerio de Defensa ruso y el presidente ucraniano Volodimir Zelenski. \u00abRegres\u00f3 un grupo de militares rusos de los territorios controlados por &hellip;<\/p>\n","protected":false},"author":1,"featured_media":32477,"comment_status":"open","ping_status":"open","sticky":false,"template":"","format":"standard","meta":{"fifu_image_url":"https:\/\/static.dw.com\/image\/72974014_6.jpg","fifu_image_alt":"","footnotes":""},"categories":[13],"tags":[],"class_list":["post-32476","post","type-post","status-publish","format-standard","has-post-thumbnail","","category-mundo"],"_links":{"self":[{"href":"https:\/\/noticiasveraces.com\/index.php?rest_route=\/wp\/v2\/posts\/32476","targetHints":{"allow":["GET"]}}],"collection":[{"href":"https:\/\/noticiasveraces.com\/index.php?rest_route=\/wp\/v2\/posts"}],"about":[{"href":"https:\/\/noticiasveraces.com\/index.php?rest_route=\/wp\/v2\/types\/post"}],"author":[{"embeddable":true,"href":"https:\/\/noticiasveraces.com\/index.php?rest_route=\/wp\/v2\/users\/1"}],"replies":[{"embeddable":true,"href":"https:\/\/noticiasveraces.com\/index.php?rest_route=%2Fwp%2Fv2%2Fcomments&post=32476"}],"version-history":[{"count":0,"href":"https:\/\/noticiasveraces.com\/index.php?rest_route=\/wp\/v2\/posts\/32476\/revisions"}],"wp:featuredmedia":[{"embeddable":true,"href":"https:\/\/noticiasveraces.com\/index.php?rest_route=\/wp\/v2\/media\/32477"}],"wp:attachment":[{"href":"https:\/\/noticiasveraces.com\/index.php?rest_route=%2Fwp%2Fv2%2Fmedia&parent=32476"}],"wp:term":[{"taxonomy":"category","embeddable":true,"href":"https:\/\/noticiasveraces.com\/index.php?rest_route=%2Fwp%2Fv2%2Fcategories&post=32476"},{"taxonomy":"post_tag","embeddable":true,"href":"https:\/\/noticiasveraces.com\/index.php?rest_route=%2Fwp%2Fv2%2Ftags&post=32476"}],"curies":[{"name":"wp","href":"https:\/\/api.w.org\/{rel}","templated":true}]}}