{"id":32468,"date":"2025-06-20T06:48:41","date_gmt":"2025-06-20T10:48:41","guid":{"rendered":"https:\/\/noticiasveraces.com\/?p=32468"},"modified":"2025-06-20T06:48:41","modified_gmt":"2025-06-20T10:48:41","slug":"la-fiscalia-pide-14-anos-de-carcel-a-un-hombre-por-agredir-sexualmente-de-manera-continuada-a-la-hija-de-su-pareja-sociedad","status":"publish","type":"post","link":"https:\/\/noticiasveraces.com\/?p=32468","title":{"rendered":"La Fiscal\u00eda pide 14 a\u00f1os de c\u00e1rcel a un hombre por agredir sexualmente de manera continuada a la hija de su pareja | Sociedad"},"content":{"rendered":"<p> \n<br \/><img decoding=\"async\" src=\"https:\/\/imagenes.elpais.com\/resizer\/v2\/4EAEBAGGP5DAFI33EGL2RPJCU4.jpg?auth=644d287548d2a050c2ba90ea6902fb7c814827111d0b664a498047a0c8af9ba0\" \/><\/p>\n<div data-dtm-region=\"articulo_cuerpo\">\n<p class=\"\">La ni\u00f1a apenas ten\u00eda diez a\u00f1os cuando la nueva pareja de su madre, de 21, empez\u00f3 a agredirla sexualmente hasta que cumpli\u00f3 los 15, seg\u00fan el relato de la Fiscal\u00eda. Este viernes da comienzo en Las Palmas de Gran Canaria el proceso que juzga estos hechos. El fiscal pide para el acusado 13 a\u00f1os de c\u00e1rcel por delitos de exhibicionismo y abusos sexuales a una menor de 16 a\u00f1os, y otros diez a\u00f1os y diez meses para su hermano, tambi\u00e9n acusado de violar a la misma menor.<\/p>\n<p class=\"\">El escrito de la acusaci\u00f3n, al que ha accedido este peri\u00f3dico, relata que el acusado inici\u00f3 una relaci\u00f3n con la madre de la menor en 2011 en la capital de Gran Canaria. Ella era la \u00fanica de la pareja con un trabajo estable, por lo que pasaba m\u00e1s tiempo fuera de casa. Al poco, comenz\u00f3 a lanzar comentarios a la ni\u00f1a, de 10 a\u00f1os, sobre el hecho de que le \u201cestaban creciendo los pechos, toc\u00e1ndoselos por encima de la ropa\u201d. No solo eso, el hombre se paseaba en ropa interior y con el pene erecto por la vivienda en que conviv\u00edan. Le dec\u00eda a la menor, relata el fiscal, que \u201cno pasaba nada porque lo viera as\u00ed, porque \u00e9l era como un padre para ella\u201d. En las semanas y meses siguientes, el acusado, \u201cperturbando la libre formaci\u00f3n de la libertad sexual de la menor\u201d, pas\u00f3 a bajarse los calzoncillos ense\u00f1ando su pene a la menor, \u201cagarr\u00e1ndole la mano para llevarla hacia \u00e9l y ense\u00f1\u00e1ndole la forma de masturbarlo\u201d.<\/p>\n<p class=\"\">Con el tiempo, explica el ministerio, \u201cla actitud controladora y en ocasiones violenta del acusado le llev\u00f3 a tomar el control de la mec\u00e1nica familiar, arrog\u00e1ndose la condici\u00f3n de padre de familia. Por ello, era a \u00e9l a quien se dirig\u00eda la menor para pedirle que le comprara algo o la dejara salir a jugar a la calle. <\/p>\n<p class=\"\">En esos a\u00f1os, con el solo prop\u00f3sito \u201dde satisfacer su deseo sexual\u00bb, instal\u00f3 una din\u00e1mica en el hogar conforme a la cual si la ni\u00f1a quer\u00eda salir con las amigas, o que \u00e9l le levantara un castigo o permitiera que alguna amiga fuera a su casa, la menor deb\u00eda practicarle una felaci\u00f3n, \u201ca lo que obedec\u00eda la menor con un intenso malestar\u201d. En una de las numerosas ocasiones en que sucedi\u00f3 lo descrito, \u201cel acusado meti\u00f3 brevemente un dedo en la vagina de la menor\u201d, asevera el fiscal. Estos hechos hicieron que quedara \u201cda\u00f1ado el normal proceso de formaci\u00f3n sexual de la menor\u201d. <\/p>\n<p class=\"\">El hermano del procesado tambi\u00e9n comenz\u00f3 a tener contacto con la menor. En diciembre de 2013, la ni\u00f1a ten\u00eda 12 a\u00f1os y el segundo acusado 18. En una de las celebraciones de Navidad en la casa que la familia de los acusados en el barrio de Tamaraceite (uno de los m\u00e1s humildes de la capital), \u201ceste condujo a la menor a una habitaci\u00f3n, la bes\u00f3, le pregunt\u00f3 si era virgen y, con intenci\u00f3n de satisfacer su deseo sexual y con perturbaci\u00f3n de la libre formaci\u00f3n de la libertad sexual de la menor, le baj\u00f3 el panti y la penetr\u00f3 vaginalmente\u201d.<\/p>\n<p class=\"\">Todos estos hechos, sostiene la Fiscal\u00eda, provocaron que a sus 12 a\u00f1os la v\u00edctima se iniciara en el consumo de hach\u00eds \u201ccomo forma de evasi\u00f3n de la situaci\u00f3n que estaba viviendo\u201d. Su desempe\u00f1o acad\u00e9mico empeor\u00f3 hasta el punto de que abandon\u00f3 la escolarizaci\u00f3n en 2\u00ba de la ESO, as\u00ed como la vivienda familiar cuando cumpli\u00f3 15 a\u00f1os. <\/p>\n<p class=\"\">En la actualidad la v\u00edctima presenta un \u00e1nimo inestable, fuerte sentimiento de culpa por no haber revelado los hechos y \u201csignificativa afectaci\u00f3n en su vida actual\u201d. Presenta adem\u00e1s sintomatolog\u00eda postraum\u00e1tica que cursa con un estado ansioso-depresivo, con alteraciones som\u00e1ticas y repercusiones a nivel personal, familiar y social. <\/p>\n<p class=\"\">La Fiscal\u00eda considera que los hechos atribuidos al entonces compa\u00f1ero sentimental de la madre de la v\u00edctima constituyen un delito continuado de exhibicionismo ante un menor de edad y otro de abuso sexual continuado a menor de 16 a\u00f1os. Por ello, solicita para \u00e9l penas de uno y 12 a\u00f1os de prisi\u00f3n, respectivamente.<\/p>\n<p class=\"\">En cuanto al hermano del acusado, el Ministerio P\u00fablico solicita una pena de diez a\u00f1os y diez meses de prisi\u00f3n, al considerar que los hechos que se le imputan constituyen, conforme al C\u00f3digo Penal vigente en aquel momento, un delito continuado de abuso sexual a menor de 16 a\u00f1os. Adem\u00e1s, la Fiscal\u00eda reclama que el primero indemnice a la v\u00edctima con 80.000 euros en concepto de responsabilidad civil por los perjuicios morales causados, y que el segundo abone una indemnizaci\u00f3n de 40.000 euros por el mismo motivo.<\/p>\n<p class=\"\"><i>El tel\u00e9fono 016 atiende a las v\u00edctimas de violencia machista, a sus familias y a su entorno las 24 horas del d\u00eda, todos los d\u00edas del a\u00f1o, en 53 idiomas diferentes. El n\u00famero no queda registrado en la factura telef\u00f3nica, pero hay que borrar la llamada del dispositivo. Tambi\u00e9n se puede contactar a trav\u00e9s del correo electr\u00f3nico <\/i><i>016-online@igualdad.gob.es<\/i><i>  y por WhatsApp en el n\u00famero 600 000 016. Los menores pueden dirigirse al tel\u00e9fono de la Fundaci\u00f3n ANAR 900 20 20 10. Si es una situaci\u00f3n de emergencia, se puede llamar al 112 o a los tel\u00e9fonos de la Polic\u00eda Nacional (091) y de la Guardia Civil (062). Y en caso de no poder llamar, se puede recurrir a la aplicaci\u00f3n ALERTCOPS, desde la que se env\u00eda una se\u00f1al de alerta a la Polic\u00eda con geolocalizaci\u00f3n.<\/i><\/p>\n<\/div>\n\n","protected":false},"excerpt":{"rendered":"<p>La ni\u00f1a apenas ten\u00eda diez a\u00f1os cuando la nueva pareja de su madre, de 21, empez\u00f3 a agredirla sexualmente hasta que cumpli\u00f3 los 15, seg\u00fan el relato de la Fiscal\u00eda. Este viernes da comienzo en Las Palmas de Gran Canaria el proceso que juzga estos hechos. El fiscal pide para el acusado 13 a\u00f1os de &hellip;<\/p>\n","protected":false},"author":1,"featured_media":32470,"comment_status":"open","ping_status":"open","sticky":false,"template":"","format":"standard","meta":{"fifu_image_url":"https:\/\/imagenes.elpais.com\/resizer\/v2\/4EAEBAGGP5DAFI33EGL2RPJCU4.jpg?auth=644d287548d2a050c2ba90ea6902fb7c814827111d0b664a498047a0c8af9ba0&width=1200","fifu_image_alt":"","footnotes":""},"categories":[11],"tags":[],"class_list":["post-32468","post","type-post","status-publish","format-standard","has-post-thumbnail","","category-viaje"],"_links":{"self":[{"href":"https:\/\/noticiasveraces.com\/index.php?rest_route=\/wp\/v2\/posts\/32468","targetHints":{"allow":["GET"]}}],"collection":[{"href":"https:\/\/noticiasveraces.com\/index.php?rest_route=\/wp\/v2\/posts"}],"about":[{"href":"https:\/\/noticiasveraces.com\/index.php?rest_route=\/wp\/v2\/types\/post"}],"author":[{"embeddable":true,"href":"https:\/\/noticiasveraces.com\/index.php?rest_route=\/wp\/v2\/users\/1"}],"replies":[{"embeddable":true,"href":"https:\/\/noticiasveraces.com\/index.php?rest_route=%2Fwp%2Fv2%2Fcomments&post=32468"}],"version-history":[{"count":0,"href":"https:\/\/noticiasveraces.com\/index.php?rest_route=\/wp\/v2\/posts\/32468\/revisions"}],"wp:featuredmedia":[{"embeddable":true,"href":"https:\/\/noticiasveraces.com\/index.php?rest_route=\/wp\/v2\/media\/32470"}],"wp:attachment":[{"href":"https:\/\/noticiasveraces.com\/index.php?rest_route=%2Fwp%2Fv2%2Fmedia&parent=32468"}],"wp:term":[{"taxonomy":"category","embeddable":true,"href":"https:\/\/noticiasveraces.com\/index.php?rest_route=%2Fwp%2Fv2%2Fcategories&post=32468"},{"taxonomy":"post_tag","embeddable":true,"href":"https:\/\/noticiasveraces.com\/index.php?rest_route=%2Fwp%2Fv2%2Ftags&post=32468"}],"curies":[{"name":"wp","href":"https:\/\/api.w.org\/{rel}","templated":true}]}}