{"id":32465,"date":"2025-06-20T06:09:33","date_gmt":"2025-06-20T10:09:33","guid":{"rendered":"https:\/\/noticiasveraces.com\/?p=32465"},"modified":"2025-06-20T06:09:33","modified_gmt":"2025-06-20T10:09:33","slug":"la-reforma-laboral-de-petro-a-punto-de-ser-una-realidad-por-que-es-tan-polemica","status":"publish","type":"post","link":"https:\/\/noticiasveraces.com\/?p=32465","title":{"rendered":"La reforma laboral de Petro, a punto de ser una realidad: \u00bfpor qu\u00e9 es tan pol\u00e9mica?"},"content":{"rendered":"<p> \n<br \/><img decoding=\"async\" src=\"https:\/\/s.france24.com\/media\/display\/a181c56a-4d13-11f0-b21c-005056bf30b7\/w:1024\/p:16x9\/000-372U4QG.jpg\" \/><br \/>El Senado de Colombia aprob\u00f3 finalmente la reforma laboral impulsada por el presidente Gustavo Petro, una de sus banderas sociales. Ahora solo resta una conciliaci\u00f3n con la C\u00e1mara de Representantes para que sea realidad. Despu\u00e9s de varios tire y afloje, el Legislativo aval\u00f3 la propuesta, que traer\u00e1 los cambios m\u00e1s profundos en materia de trabajo en 20 a\u00f1os en el pa\u00eds. Pero, pese al aval legislativo, Petro insiste en una consulta popular sobre el tema.<\/p>\n<p>.<br \/>\n<br \/>\n","protected":false},"excerpt":{"rendered":"<p>El Senado de Colombia aprob\u00f3 finalmente la reforma laboral impulsada por el presidente Gustavo Petro, una de sus banderas sociales. Ahora solo resta una conciliaci\u00f3n con la C\u00e1mara de Representantes para que sea realidad. Despu\u00e9s de varios tire y afloje, el Legislativo aval\u00f3 la propuesta, que traer\u00e1 los cambios m\u00e1s profundos en materia de trabajo &hellip;<\/p>\n","protected":false},"author":1,"featured_media":32467,"comment_status":"open","ping_status":"open","sticky":false,"template":"","format":"standard","meta":{"fifu_image_url":"https:\/\/s.france24.com\/media\/display\/a181c56a-4d13-11f0-b21c-005056bf30b7\/w:1024\/p:16x9\/000-372U4QG.jpg","fifu_image_alt":"","footnotes":""},"categories":[13],"tags":[],"class_list":["post-32465","post","type-post","status-publish","format-standard","has-post-thumbnail","","category-mundo"],"_links":{"self":[{"href":"https:\/\/noticiasveraces.com\/index.php?rest_route=\/wp\/v2\/posts\/32465","targetHints":{"allow":["GET"]}}],"collection":[{"href":"https:\/\/noticiasveraces.com\/index.php?rest_route=\/wp\/v2\/posts"}],"about":[{"href":"https:\/\/noticiasveraces.com\/index.php?rest_route=\/wp\/v2\/types\/post"}],"author":[{"embeddable":true,"href":"https:\/\/noticiasveraces.com\/index.php?rest_route=\/wp\/v2\/users\/1"}],"replies":[{"embeddable":true,"href":"https:\/\/noticiasveraces.com\/index.php?rest_route=%2Fwp%2Fv2%2Fcomments&post=32465"}],"version-history":[{"count":0,"href":"https:\/\/noticiasveraces.com\/index.php?rest_route=\/wp\/v2\/posts\/32465\/revisions"}],"wp:featuredmedia":[{"embeddable":true,"href":"https:\/\/noticiasveraces.com\/index.php?rest_route=\/wp\/v2\/media\/32467"}],"wp:attachment":[{"href":"https:\/\/noticiasveraces.com\/index.php?rest_route=%2Fwp%2Fv2%2Fmedia&parent=32465"}],"wp:term":[{"taxonomy":"category","embeddable":true,"href":"https:\/\/noticiasveraces.com\/index.php?rest_route=%2Fwp%2Fv2%2Fcategories&post=32465"},{"taxonomy":"post_tag","embeddable":true,"href":"https:\/\/noticiasveraces.com\/index.php?rest_route=%2Fwp%2Fv2%2Ftags&post=32465"}],"curies":[{"name":"wp","href":"https:\/\/api.w.org\/{rel}","templated":true}]}}