{"id":32434,"date":"2025-06-20T03:04:40","date_gmt":"2025-06-20T07:04:40","guid":{"rendered":"https:\/\/noticiasveraces.com\/?p=32434"},"modified":"2025-06-20T03:04:40","modified_gmt":"2025-06-20T07:04:40","slug":"quien-era-roberto-samcam-el-opositor-nicaraguense-asesinado-en-costa-rica","status":"publish","type":"post","link":"https:\/\/noticiasveraces.com\/?p=32434","title":{"rendered":"\u00bfQui\u00e9n era Roberto Samcam? El opositor nicarag\u00fcense asesinado en Costa Rica"},"content":{"rendered":"<p> \n<br \/><img decoding=\"async\" src=\"https:\/\/s.france24.com\/media\/display\/2f4c98d4-4d55-11f0-879b-005056bfb2b6\/w:1024\/p:16x9\/000-632U9KD.jpg\" \/><br \/>El opositor nicarag\u00fcense Roberto Samcam fue asesinado el jueves 19 de junio en la capital de Costa Rica. Varios colectivos disidentes vincularon al r\u00e9gimen de Daniel Ortega y Rosario Murillo con el hecho. Samcam era un antiguo partidario del sandinismo que se transform\u00f3 en un f\u00e9rreo adversario. Su muerte ha puesto en el centro del debate la situaci\u00f3n de seguridad de los exiliados nicarag\u00fcenses.<br \/>\n<br \/>\n","protected":false},"excerpt":{"rendered":"<p>El opositor nicarag\u00fcense Roberto Samcam fue asesinado el jueves 19 de junio en la capital de Costa Rica. Varios colectivos disidentes vincularon al r\u00e9gimen de Daniel Ortega y Rosario Murillo con el hecho. Samcam era un antiguo partidario del sandinismo que se transform\u00f3 en un f\u00e9rreo adversario. Su muerte ha puesto en el centro del &hellip;<\/p>\n","protected":false},"author":1,"featured_media":32436,"comment_status":"open","ping_status":"open","sticky":false,"template":"","format":"standard","meta":{"fifu_image_url":"https:\/\/s.france24.com\/media\/display\/2f4c98d4-4d55-11f0-879b-005056bfb2b6\/w:1024\/p:16x9\/000-632U9KD.jpg","fifu_image_alt":"","footnotes":""},"categories":[13],"tags":[],"class_list":["post-32434","post","type-post","status-publish","format-standard","has-post-thumbnail","","category-mundo"],"_links":{"self":[{"href":"https:\/\/noticiasveraces.com\/index.php?rest_route=\/wp\/v2\/posts\/32434","targetHints":{"allow":["GET"]}}],"collection":[{"href":"https:\/\/noticiasveraces.com\/index.php?rest_route=\/wp\/v2\/posts"}],"about":[{"href":"https:\/\/noticiasveraces.com\/index.php?rest_route=\/wp\/v2\/types\/post"}],"author":[{"embeddable":true,"href":"https:\/\/noticiasveraces.com\/index.php?rest_route=\/wp\/v2\/users\/1"}],"replies":[{"embeddable":true,"href":"https:\/\/noticiasveraces.com\/index.php?rest_route=%2Fwp%2Fv2%2Fcomments&post=32434"}],"version-history":[{"count":0,"href":"https:\/\/noticiasveraces.com\/index.php?rest_route=\/wp\/v2\/posts\/32434\/revisions"}],"wp:featuredmedia":[{"embeddable":true,"href":"https:\/\/noticiasveraces.com\/index.php?rest_route=\/wp\/v2\/media\/32436"}],"wp:attachment":[{"href":"https:\/\/noticiasveraces.com\/index.php?rest_route=%2Fwp%2Fv2%2Fmedia&parent=32434"}],"wp:term":[{"taxonomy":"category","embeddable":true,"href":"https:\/\/noticiasveraces.com\/index.php?rest_route=%2Fwp%2Fv2%2Fcategories&post=32434"},{"taxonomy":"post_tag","embeddable":true,"href":"https:\/\/noticiasveraces.com\/index.php?rest_route=%2Fwp%2Fv2%2Ftags&post=32434"}],"curies":[{"name":"wp","href":"https:\/\/api.w.org\/{rel}","templated":true}]}}