{"id":32424,"date":"2025-06-19T22:59:36","date_gmt":"2025-06-20T02:59:36","guid":{"rendered":"https:\/\/noticiasveraces.com\/?p=32424"},"modified":"2025-06-19T22:59:36","modified_gmt":"2025-06-20T02:59:36","slug":"biden-asiste-a-servicio-religioso-por-juneteenth-en-texas-dw-20-06-2025","status":"publish","type":"post","link":"https:\/\/noticiasveraces.com\/?p=32424","title":{"rendered":"Biden asiste a servicio religioso por Juneteenth en Texas \u2013 DW \u2013 20\/06\/2025"},"content":{"rendered":"<p> \n<\/p>\n<div>\n<p>El expresidente de Estados Unidos, Joe Biden, asisti\u00f3 el jueves (19.06.2025) a un servicio religioso en una hist\u00f3rica iglesia afroamericana en Galveston (Texas) para marcar el Juneteenth, la celebraci\u00f3n que el dem\u00f3crata convirti\u00f3 en un festivo nacional durante su mandato para conmemorar el final de la esclavitud.<\/p>\n<p>Su participaci\u00f3n hoy en la misa celebratoria anual en la iglesia episcopal metodista Capilla Reedy es una de las raras apariciones p\u00fablicas de Biden desde que dejara la presidencia en enero pasado y fuera diagnosticado meses despu\u00e9s con un agresivo c\u00e1ncer de pr\u00f3stata.<\/p>\n<p>De traje azul y corbata a rayas, el veterano pol\u00edtico de 82 a\u00f1os apareci\u00f3 sonriente ante la congregaci\u00f3n reunida para el servicio, el cual observ\u00f3 y aplaudi\u00f3 desde un lugar privilegiado junto al altar.<\/p>\n<figure class=\"placeholder-image master_landscape big\"><img data-format=\"MASTER_LANDSCAPE\" data-id=\"72979134\" data-url=\"https:\/\/static.dw.com\/image\/72979134_${formatId}.jpg\" data-aspect-ratio=\"16\/9\" alt=\"Biden particip\u00f3 el jueves (19.06.2025) en la misa celebratoria anual en la Capilla Reedy, en una de sus pocas apariciones p\u00fablicas desde que inform\u00f3 que padec\u00eda c\u00e1ncer. \" style=\"padding-bottom: 56.25%; height: 0; max-height: 0;\"\/><figcaption class=\"img-caption\">Biden particip\u00f3 el jueves (19.06.2025) en la misa celebratoria anual en la Capilla Reedy, en una de sus pocas apariciones p\u00fablicas desde que inform\u00f3 que padec\u00eda c\u00e1ncer. <small class=\"copyright\">Imagen: David J. Phillip\/AP Photo\/Picture Alliance<\/small><\/figcaption><\/figure>\n<p>En 2021, Biden promulg\u00f3 el Juneteenth como feriado federal en memoria del 19 de junio de 1865, cuando los esclavos de Texas celebraron su libertad despu\u00e9s de la guerra de Secesi\u00f3n. Durante su mandato (2021-2025) presidi\u00f3 un concierto en la Casa Blanca y ofreci\u00f3 discursos para marcar la festividad.<\/p>\n<p>La Capilla Reedy, considerada la primera y m\u00e1s antigua iglesia episcopal metodista africana en funcionamiento en Texas, fue uno de los primeros lugares donde se ley\u00f3 la orden que anunciaba oficialmente el fin de la esclavitud en el estado sure\u00f1o, lo que dio origen a la festividad.<\/p>\n<p>Para los feligreses y los l\u00edderes religiosos de la instituci\u00f3n, celebrar los 160 a\u00f1os de aquel momento junto a Biden es una oportunidad para agradecer al expresidente.<\/p>\n<p>\u00abQuiero que podamos mostrarle nuestra gratitud y, sin duda, reconocer su contribuci\u00f3n para que se convirtiera en un feriado federal\u00bb, dijo a The Daily News de Galveston una de las directivas de la iglesia, Sharon Batiste Gillins.<\/p>\n<p>GS (Efe, AP)<\/p>\n<\/div>\n\n","protected":false},"excerpt":{"rendered":"<p>El expresidente de Estados Unidos, Joe Biden, asisti\u00f3 el jueves (19.06.2025) a un servicio religioso en una hist\u00f3rica iglesia afroamericana en Galveston (Texas) para marcar el Juneteenth, la celebraci\u00f3n que el dem\u00f3crata convirti\u00f3 en un festivo nacional durante su mandato para conmemorar el final de la esclavitud. Su participaci\u00f3n hoy en la misa celebratoria anual &hellip;<\/p>\n","protected":false},"author":1,"featured_media":32425,"comment_status":"open","ping_status":"open","sticky":false,"template":"","format":"standard","meta":{"fifu_image_url":"https:\/\/static.dw.com\/image\/72979122_6.jpg","fifu_image_alt":"","footnotes":""},"categories":[13],"tags":[],"class_list":["post-32424","post","type-post","status-publish","format-standard","has-post-thumbnail","","category-mundo"],"_links":{"self":[{"href":"https:\/\/noticiasveraces.com\/index.php?rest_route=\/wp\/v2\/posts\/32424","targetHints":{"allow":["GET"]}}],"collection":[{"href":"https:\/\/noticiasveraces.com\/index.php?rest_route=\/wp\/v2\/posts"}],"about":[{"href":"https:\/\/noticiasveraces.com\/index.php?rest_route=\/wp\/v2\/types\/post"}],"author":[{"embeddable":true,"href":"https:\/\/noticiasveraces.com\/index.php?rest_route=\/wp\/v2\/users\/1"}],"replies":[{"embeddable":true,"href":"https:\/\/noticiasveraces.com\/index.php?rest_route=%2Fwp%2Fv2%2Fcomments&post=32424"}],"version-history":[{"count":0,"href":"https:\/\/noticiasveraces.com\/index.php?rest_route=\/wp\/v2\/posts\/32424\/revisions"}],"wp:featuredmedia":[{"embeddable":true,"href":"https:\/\/noticiasveraces.com\/index.php?rest_route=\/wp\/v2\/media\/32425"}],"wp:attachment":[{"href":"https:\/\/noticiasveraces.com\/index.php?rest_route=%2Fwp%2Fv2%2Fmedia&parent=32424"}],"wp:term":[{"taxonomy":"category","embeddable":true,"href":"https:\/\/noticiasveraces.com\/index.php?rest_route=%2Fwp%2Fv2%2Fcategories&post=32424"},{"taxonomy":"post_tag","embeddable":true,"href":"https:\/\/noticiasveraces.com\/index.php?rest_route=%2Fwp%2Fv2%2Ftags&post=32424"}],"curies":[{"name":"wp","href":"https:\/\/api.w.org\/{rel}","templated":true}]}}