{"id":32385,"date":"2025-06-19T17:53:15","date_gmt":"2025-06-19T21:53:15","guid":{"rendered":"https:\/\/noticiasveraces.com\/?p=32385"},"modified":"2025-06-19T17:53:15","modified_gmt":"2025-06-19T21:53:15","slug":"el-ex-rehen-de-hamas-edan-alexander-regresa-a-nueva-jersey-despues-de-585-dias","status":"publish","type":"post","link":"https:\/\/noticiasveraces.com\/?p=32385","title":{"rendered":"El ex reh\u00e9n de Hamas, Edan Alexander, regresa a Nueva Jersey despu\u00e9s de 585 d\u00edas"},"content":{"rendered":"<p> \n<\/p>\n<div>\n<div id=\"beyondwords-wrapper\" class=\"beyondwords-wrapper\">\n<p><span class=\"label-bg\">NUEVO<\/span>\u00a1Ahora puedes escuchar art\u00edculos de Fox News!\n  <\/p>\n<\/div>\n<p class=\"speakable\">Casi 600 d\u00edas despu\u00e9s de que Hamas lo secuestre durante la masacre del 7 de octubre, Edan Alexander regres\u00f3 a casa a Nueva Jersey el jueves a un regreso a casa profundamente emocional. Cientos de residentes se alinearon en las calles empapadas de lluvia de su ciudad natal de Tenafly, agitando banderas estadounidenses e israel\u00edes y sosteniendo letreros hechos a mano, ansiosos por darle la bienvenida.<\/p>\n<p class=\"speakable\">Alexander, de 21 a\u00f1os, fue visto sonriendo y ondeando desde el asiento del pasajero de un SUV negro mientras rodaba lentamente a trav\u00e9s de la ciudad de 50,000 residentes, flanqueada por una caravana policial y seguidores de v\u00edtores.<\/p>\n<div class=\"image-ct inline\">\n<div class=\"m\"><picture><source media=\"(max-width: 767px)\" srcset=\"https:\/\/a57.foxnews.com\/static.foxnews.com\/foxnews.com\/content\/uploads\/2025\/05\/343\/192\/05585e3c-edan-alexander.jpg?ve=1&amp;tl=1, https:\/\/a57.foxnews.com\/static.foxnews.com\/foxnews.com\/content\/uploads\/2025\/05\/686\/384\/05585e3c-edan-alexander.jpg?ve=1&amp;tl=1 2x\" height=\"192\" width=\"343\"><source media=\"(min-width: 768px) and (max-width: 1023px)\" srcset=\"https:\/\/a57.foxnews.com\/static.foxnews.com\/foxnews.com\/content\/uploads\/2025\/05\/672\/378\/05585e3c-edan-alexander.jpg?ve=1&amp;tl=1, https:\/\/a57.foxnews.com\/static.foxnews.com\/foxnews.com\/content\/uploads\/2025\/05\/1344\/756\/05585e3c-edan-alexander.jpg?ve=1&amp;tl=1 2x\" height=\"378\" width=\"672\"><source media=\"(min-width: 1024px) and (max-width: 1279px)\" srcset=\"https:\/\/a57.foxnews.com\/static.foxnews.com\/foxnews.com\/content\/uploads\/2025\/05\/931\/523\/05585e3c-edan-alexander.jpg?ve=1&amp;tl=1, https:\/\/a57.foxnews.com\/static.foxnews.com\/foxnews.com\/content\/uploads\/2025\/05\/1862\/1046\/05585e3c-edan-alexander.jpg?ve=1&amp;tl=1 2x\" height=\"523\" width=\"931\"><source media=\"(min-width: 1280px)\" srcset=\"https:\/\/a57.foxnews.com\/static.foxnews.com\/foxnews.com\/content\/uploads\/2025\/05\/720\/405\/05585e3c-edan-alexander.jpg?ve=1&amp;tl=1, https:\/\/a57.foxnews.com\/static.foxnews.com\/foxnews.com\/content\/uploads\/2025\/05\/1440\/810\/05585e3c-edan-alexander.jpg?ve=1&amp;tl=1 2x\" height=\"405\" width=\"720\"><img loading=\"lazy\" decoding=\"async\" src=\"https:\/\/a57.foxnews.com\/static.foxnews.com\/foxnews.com\/content\/uploads\/2025\/05\/1200\/675\/05585e3c-edan-alexander.jpg?ve=1&amp;tl=1\" alt=\"Edan Alexander tom\u00f3 como reh\u00e9n\" width=\"1200\" height=\"675\"\/><\/source><\/source><\/source><\/source><\/picture><\/div>\n<div class=\"info\">\n<div class=\"caption\">\n<p><span>Esta foto sin fecha publicada por los rehenes y el foro de familias desaparecidas muestra al soldado israel\u00ed estadounidense Edan Alexander, quien fue secuestrado y tra\u00eddo a Gaza el 7 de octubre de 2023. <\/span> <span>(Foro de rehenes y familias faltantes a trav\u00e9s de AP)<\/span><\/p>\n<\/div>\n<\/div>\n<\/div>\n<p>\u00abNuestra comunidad ha estado rezando por \u00e9l, 585 d\u00edas\u00bb, dijo el rabino Mordechai Shain, el rabino de la familia desde hace mucho tiempo. Hab\u00eda una marcha cada semana para que volviera a casa. Era como si lo vivi\u00e9ramos \u00ab.<\/p>\n<p><strong>&#8216;Me salv\u00f3 la vida:&#8217; El reh\u00e9n liberado Edan Alexander agradece a Trump en una llamada telef\u00f3nica emocional<\/strong><\/p>\n<p>Criado en Tenafly, Nueva Jersey, Alexander se mud\u00f3 a Israel a los 18 a\u00f1os para ser voluntario para el servicio militar en la Brigada Golani de las FDI. Viv\u00eda con sus abuelos en Tel Aviv y en Kibbutz Hazor, donde era parte de un grupo de soldados solitarios.<\/p>\n<p>Alexander estaba sirviendo en las Fuerzas de Defensa de Israel cuando fue secuestrado por terroristas de Hamas durante su asalto mortal al sur de Israel cuando ten\u00eda 19 a\u00f1os. <\/p>\n<p>En mayo, fue liberado despu\u00e9s de m\u00e1s de 19 meses en cautiverio, en lo que se describi\u00f3 como un gesto de buena voluntad despu\u00e9s de tranquilas negociaciones entre funcionarios estadounidenses y Hamas. El enviado del Medio Oriente Steve Witkoff y el enviado especial de rehenes Adam Boehler, jugaron un papel clave en la obtenci\u00f3n de su liberaci\u00f3n.<\/p>\n<p>El rabino Shain, quien conoce a Alexander desde que ten\u00eda dos a\u00f1os, dijo que Edan era conocido por su tranquila amabilidad. \u00abIncluso cuando era un ni\u00f1o peque\u00f1o, fue quien ayud\u00f3 sin que nadie supiera\u00bb, record\u00f3 el rabino, se\u00f1alando que Edan hab\u00eda tomado el turno de un amigo el 7 de octubre, para que el otro soldado pudiera irse a casa, un acto que llev\u00f3 a su captura.<\/p>\n<p><strong>El reh\u00e9n estadounidense Edan Alexander lanzado por Hamas despu\u00e9s de m\u00e1s de 580 d\u00edas en cautiverio<\/strong><\/p>\n<p>\u00abComo persona y familia, solo quiere volver a la vida y seguir adelante\u00bb, dijo el rabino. \u00abEste es un proceso. Tomar\u00e1 tiempo para sanar porque ni siquiera sabemos cu\u00e1nta tortura pas\u00f3. No nos ha dicho\u00bb.<\/p>\n<p>Durante su tiempo en cautiverio, la comunidad jud\u00eda de Tenafly realiz\u00f3 oraciones semanales, marchas e incluso celebr\u00f3 el cumplea\u00f1os de Edan en su ausencia. \u00abM\u00e1s de 800 personas llegaron a su celebraci\u00f3n de cumplea\u00f1os de Hanukkah\u00bb, dijo el rabino. \u00abQuer\u00edamos que supiera que no hab\u00edamos olvidado\u00bb.<\/p>\n<p>Se espera que Alexander permanezca en Nueva Jersey por ahora mientras se enfoca en su recuperaci\u00f3n. Seg\u00fan los informes, pes\u00f3 solo 121 libras en su liberaci\u00f3n y sufri\u00f3 heridas en las manos.<\/p>\n<p><strong>Haga clic aqu\u00ed para obtener la aplicaci\u00f3n Fox News<\/strong><\/p>\n<p> <!----> <\/p>\n<div class=\"article-meta\">\n<div class=\"author-bio\">\n<p>Efrat Lachter es un reportero de investigaci\u00f3n y corresponsal de guerra. Su trabajo la ha llevado a 40 pa\u00edses, incluidos Ucrania, Rusia, Irak, Siria, Sud\u00e1n y Afganist\u00e1n. Recibi\u00f3 la Comunidad para el Periodismo 2024 Knight-Wallace para periodismo. Lachter se puede seguir en x @efratlachter.<\/p>\n<\/div>\n<\/div>\n<\/div>\n\n","protected":false},"excerpt":{"rendered":"<p>NUEVO\u00a1Ahora puedes escuchar art\u00edculos de Fox News! Casi 600 d\u00edas despu\u00e9s de que Hamas lo secuestre durante la masacre del 7 de octubre, Edan Alexander regres\u00f3 a casa a Nueva Jersey el jueves a un regreso a casa profundamente emocional. Cientos de residentes se alinearon en las calles empapadas de lluvia de su ciudad natal &hellip;<\/p>\n","protected":false},"author":1,"featured_media":32387,"comment_status":"open","ping_status":"open","sticky":false,"template":"","format":"standard","meta":{"fifu_image_url":"https:\/\/static.foxnews.com\/foxnews.com\/content\/uploads\/2025\/06\/edan-alexander-returns.jpg","fifu_image_alt":"","footnotes":""},"categories":[13],"tags":[],"class_list":["post-32385","post","type-post","status-publish","format-standard","has-post-thumbnail","","category-mundo"],"_links":{"self":[{"href":"https:\/\/noticiasveraces.com\/index.php?rest_route=\/wp\/v2\/posts\/32385","targetHints":{"allow":["GET"]}}],"collection":[{"href":"https:\/\/noticiasveraces.com\/index.php?rest_route=\/wp\/v2\/posts"}],"about":[{"href":"https:\/\/noticiasveraces.com\/index.php?rest_route=\/wp\/v2\/types\/post"}],"author":[{"embeddable":true,"href":"https:\/\/noticiasveraces.com\/index.php?rest_route=\/wp\/v2\/users\/1"}],"replies":[{"embeddable":true,"href":"https:\/\/noticiasveraces.com\/index.php?rest_route=%2Fwp%2Fv2%2Fcomments&post=32385"}],"version-history":[{"count":0,"href":"https:\/\/noticiasveraces.com\/index.php?rest_route=\/wp\/v2\/posts\/32385\/revisions"}],"wp:featuredmedia":[{"embeddable":true,"href":"https:\/\/noticiasveraces.com\/index.php?rest_route=\/wp\/v2\/media\/32387"}],"wp:attachment":[{"href":"https:\/\/noticiasveraces.com\/index.php?rest_route=%2Fwp%2Fv2%2Fmedia&parent=32385"}],"wp:term":[{"taxonomy":"category","embeddable":true,"href":"https:\/\/noticiasveraces.com\/index.php?rest_route=%2Fwp%2Fv2%2Fcategories&post=32385"},{"taxonomy":"post_tag","embeddable":true,"href":"https:\/\/noticiasveraces.com\/index.php?rest_route=%2Fwp%2Fv2%2Ftags&post=32385"}],"curies":[{"name":"wp","href":"https:\/\/api.w.org\/{rel}","templated":true}]}}