{"id":32359,"date":"2025-06-19T12:45:43","date_gmt":"2025-06-19T16:45:43","guid":{"rendered":"https:\/\/noticiasveraces.com\/?p=32359"},"modified":"2025-06-19T12:45:43","modified_gmt":"2025-06-19T16:45:43","slug":"espana-no-subira-su-gasto-en-defensa-al-5-por-ciento-dw-19-06-2025","status":"publish","type":"post","link":"https:\/\/noticiasveraces.com\/?p=32359","title":{"rendered":"Espa\u00f1a no subir\u00e1 su gasto en defensa al 5 por ciento \u2013 DW \u2013 19\/06\/2025"},"content":{"rendered":"<p> \n<\/p>\n<div>\n<p>El presidente del Gobierno espa\u00f1ol, Pedro S\u00e1nchez, afirm\u00f3 este jueves (19.06.2025) que para su pa\u00eds es \u00abirracional\u00bb el objetivo de aumentar al 5 por ciento del PIB el gasto en defensa, como plantea la OTAN, en una carta enviada al secretario general de la alianza, el neerland\u00e9s Mark Rutte. En cambio, propone una f\u00f3rmula m\u00e1s flexible donde cada estado miembro de la alianza decida si quiere o no llegar a esa cifra.<\/p>\n<p>\u00abPara Espa\u00f1a, comprometerse con un objetivo del 5 por ciento no solo ser\u00eda irracional, sino tambi\u00e9n contraproducente\u00bb, indic\u00f3 el dirigente socialista en la misiva, a pocos d\u00edas de la cumbre de la OTAN el 24 y 25 de junio en La Haya para concretar un aumento en el gasto de seguridad de sus miembros. Madrid se ha comprometido, en cambio, a cumplir a partir de ahora la meta del 2 por ciento.<\/p>\n<p>\u00abQuiero asegurarle que Espa\u00f1a continuar\u00e1 cumpliendo con su deber en los a\u00f1os y d\u00e9cadas venideros y seguir\u00e1 contribuyendo activamente a la arquitectura de seguridad europea. No obstante, Espa\u00f1a no puede comprometerse con un objetivo espec\u00edfico de gasto en t\u00e9rminos de PIB en esta cumbre\u00bb, subray\u00f3 S\u00e1nchez, quien asegur\u00f3 que los gastos comprometidos por su gobierno en defensa son suficientes.<\/p>\n<h2>Rusia, \u00abamenaza existencial\u201d<\/h2>\n<p>S\u00e1nchez tambi\u00e9n justific\u00f3 que un incremento violento en los gastos de defensa podr\u00eda empujar a Espa\u00f1a a realizar compras aceleradas a proveedores de fuera de la UE e impedir\u00eda un desarrollo industrial propio. Asimismo, podr\u00eda incrementarse el riesgo de frenar el crecimiento econ\u00f3mico al aumentar la deuda y las presiones inflacionistas y desviar inversiones en actividades que tienen un efecto multiplicador mayor que la industria de defensa.<\/p>\n<p>\u00abPara Espa\u00f1a, como para otros pa\u00edses de la OTAN, llegar al 5 por ciento en gasto en defensa es imposible sin elevar los impuestos a las clases medias, recortar servicios p\u00fablicos y beneficios sociales para sus ciudadanos o reducir su compromiso con la transici\u00f3n verde y la cooperaci\u00f3n internacional para el desarrollo\u00bb, agreg\u00f3. Su apuesta, dijo, es equilibrar gasto en defensa con la debida atenci\u00f3n a retos sociales, econ\u00f3micos y medioambientales.<\/p>\n<p>\u00abEs el derecho leg\u00edtimo de todo gobierno decidir si est\u00e1 dispuesto o no a hacer esos sacrificios\u00bb, continu\u00f3 S\u00e1nchez, quien de todas formas reconoci\u00f3 que Rusia es una amenaza existencial que no pude ser ignorada.<\/p>\n<p>DZC (EFE, AFP)<\/p>\n<\/div>\n\n","protected":false},"excerpt":{"rendered":"<p>El presidente del Gobierno espa\u00f1ol, Pedro S\u00e1nchez, afirm\u00f3 este jueves (19.06.2025) que para su pa\u00eds es \u00abirracional\u00bb el objetivo de aumentar al 5 por ciento del PIB el gasto en defensa, como plantea la OTAN, en una carta enviada al secretario general de la alianza, el neerland\u00e9s Mark Rutte. En cambio, propone una f\u00f3rmula m\u00e1s &hellip;<\/p>\n","protected":false},"author":1,"featured_media":32360,"comment_status":"open","ping_status":"open","sticky":false,"template":"","format":"standard","meta":{"fifu_image_url":"https:\/\/static.dw.com\/image\/62320189_6.jpg","fifu_image_alt":"","footnotes":""},"categories":[13],"tags":[],"class_list":["post-32359","post","type-post","status-publish","format-standard","has-post-thumbnail","","category-mundo"],"_links":{"self":[{"href":"https:\/\/noticiasveraces.com\/index.php?rest_route=\/wp\/v2\/posts\/32359","targetHints":{"allow":["GET"]}}],"collection":[{"href":"https:\/\/noticiasveraces.com\/index.php?rest_route=\/wp\/v2\/posts"}],"about":[{"href":"https:\/\/noticiasveraces.com\/index.php?rest_route=\/wp\/v2\/types\/post"}],"author":[{"embeddable":true,"href":"https:\/\/noticiasveraces.com\/index.php?rest_route=\/wp\/v2\/users\/1"}],"replies":[{"embeddable":true,"href":"https:\/\/noticiasveraces.com\/index.php?rest_route=%2Fwp%2Fv2%2Fcomments&post=32359"}],"version-history":[{"count":0,"href":"https:\/\/noticiasveraces.com\/index.php?rest_route=\/wp\/v2\/posts\/32359\/revisions"}],"wp:featuredmedia":[{"embeddable":true,"href":"https:\/\/noticiasveraces.com\/index.php?rest_route=\/wp\/v2\/media\/32360"}],"wp:attachment":[{"href":"https:\/\/noticiasveraces.com\/index.php?rest_route=%2Fwp%2Fv2%2Fmedia&parent=32359"}],"wp:term":[{"taxonomy":"category","embeddable":true,"href":"https:\/\/noticiasveraces.com\/index.php?rest_route=%2Fwp%2Fv2%2Fcategories&post=32359"},{"taxonomy":"post_tag","embeddable":true,"href":"https:\/\/noticiasveraces.com\/index.php?rest_route=%2Fwp%2Fv2%2Ftags&post=32359"}],"curies":[{"name":"wp","href":"https:\/\/api.w.org\/{rel}","templated":true}]}}