{"id":32347,"date":"2025-06-19T11:44:32","date_gmt":"2025-06-19T15:44:32","guid":{"rendered":"https:\/\/noticiasveraces.com\/?p=32347"},"modified":"2025-06-19T11:44:32","modified_gmt":"2025-06-19T15:44:32","slug":"que-es-la-otan-y-por-que-se-creo-dw-19-06-2025","status":"publish","type":"post","link":"https:\/\/noticiasveraces.com\/?p=32347","title":{"rendered":"\u00bfQu\u00e9 es la OTAN y por qu\u00e9 se cre\u00f3? \u2013 DW \u2013 19\/06\/2025"},"content":{"rendered":"<p> \n<\/p>\n<div>\n<p>La Organizaci\u00f3n del Tratado del Atl\u00e1ntico Norte (OTAN) se form\u00f3 en 1949 con el objetivo principal de disuadir la amenaza de la expansi\u00f3n sovi\u00e9tica en Europa tras la Segunda Guerra Mundial. Adem\u00e1s, Estados Unidos la consider\u00f3 una herramienta para prevenir el resurgimiento de las tendencias nacionalistas en Europa y fomentar la integraci\u00f3n pol\u00edtica en el continente.<\/p>\n<p>Sin embargo, sus or\u00edgenes se remontan a 1947, cuando Reino Unido y Francia firmaron el Tratado de Dunkerque como alianza para contrarrestar la eventualidad de un ataque alem\u00e1n tras la guerra.<\/p>\n<p>Los 12 miembros fundadores originales de la alianza pol\u00edtica y militar son Estados Unidos, Reino Unido, B\u00e9lgica, Canad\u00e1, Dinamarca, Francia, Islandia, Italia, Luxemburgo, Pa\u00edses Bajos, Noruega y Portugal.<\/p>\n<h2>El papel de la OTAN como colectivo de seguridad<\/h2>\n<p>En esencia, la organizaci\u00f3n, que actualmente cuenta con 31 miembros, act\u00faa como una alianza de seguridad colectiva. Su objetivo es proporcionar defensa mutua por medios militares y pol\u00edticos si un Estado miembro se ve amenazado por un pa\u00eds externo.<\/p>\n<p>Este principio fundamental se establece en el art\u00edculo 5 de su carta, la cl\u00e1usula de defensa colectiva:<\/p>\n<p>\u00abLas partes acuerdan que un ataque armado contra una o m\u00e1s de ellas en Europa o Am\u00e9rica del Norte se considerar\u00e1 un ataque contra todas ellas, y en consecuencia acuerdan que si se produce dicho ataque armado, cada una de ellas, en ejercicio del derecho de leg\u00edtima defensa individual o colectiva reconocido por el art\u00edculo 51 de la carta de la ONU, asistir\u00e1 a la parte o partes atacadas adoptando de inmediato, individualmente y en concierto con las dem\u00e1s partes las medidas que considere necesarias, incluido el uso de la fuerza armada, para restablecer y mantener la seguridad de la zona del Atl\u00e1ntico norte\u00bb.<\/p>\n<p>El art\u00edculo 5 ha sido invocado una sola vez, por Estados Unidos tras los atentados terroristas del 11 de septiembre de 2001.<\/p>\n<p><span data-slot-id=\"Article_InContent-1\" class=\"rich-text-ad\"\/><\/p>\n<h2>Un baluarte contra la Rusia sovi\u00e9tica<\/h2>\n<p>En 1955, la Uni\u00f3n Sovi\u00e9tica respondi\u00f3 a la OTAN creando una alianza militar con otros siete estados comunistas de Europa del Este, conocida como el Pacto de Varsovia.<\/p>\n<p>Pero la ca\u00edda del Muro de Berl\u00edn y el consiguiente colapso de la Uni\u00f3n Sovi\u00e9tica en 1991 allanaron el camino para un nuevo orden de seguridad en Europa tras la Guerra Fr\u00eda.<\/p>\n<p>Liberados de sus ataduras sovi\u00e9ticas, varios antiguos pa\u00edses del Pacto de Varsovia se convirtieron en miembros de la OTAN. Hungr\u00eda, Polonia y Rep\u00fablica Checa, miembros del Grupo de Visegrado, se unieron en 1999.<\/p>\n<p>Cinco a\u00f1os despu\u00e9s, en 2004, la OTAN admiti\u00f3 al llamado Grupo de Vilna, integrado por Bulgaria, Estonia, Letonia, Lituania, Rumania, Eslovaquia y Eslovenia. Albania y Croacia se adhirieron en 2009, mientras que Montenegro y Macedonia del Norte lo hicieron en 2020.<\/p>\n<p>Suecia se convirti\u00f3 en el miembro m\u00e1s reciente, en marzo de 2024, tras su vecino n\u00f3rdico Finlandia, que se uni\u00f3 en abril de 2023.<\/p>\n<p>Actualmente, tres pa\u00edses se clasifican como \u00abmiembros aspirantes\u00bb: Bosnia-Herzegovina, Georgia y Ucrania.<\/p>\n<h2>Pol\u00edtica de puertas abiertas<\/h2>\n<p>En el contexto de la guerra en curso entre Rusia y Ucrania, la ambici\u00f3n de este \u00faltimo pa\u00eds de unirse a la alianza cobr\u00f3 impulso.<\/p>\n<p>Para Rusia, la idea de que Ucrania, su antiguo sat\u00e9lite sovi\u00e9tico, se una a la OTAN es una l\u00ednea roja. La llamada pol\u00edtica de puertas abiertas de la OTAN, tal como se describe en el art\u00edculo 10 del tratado, permite la adhesi\u00f3n de cualquier pa\u00eds europeo que pueda mejorar y contribuir a la seguridad del Atl\u00e1ntico norte.<\/p>\n<p>\u00abLos pa\u00edses que aspiran a la membres\u00eda en la OTAN tambi\u00e9n deben cumplir ciertos objetivos pol\u00edticos, econ\u00f3micos y militares para garantizar que se conviertan en contribuyentes a la seguridad de la alianza, as\u00ed como en beneficiarios de ella\u00bb, se indica en el sitio web de la OTAN.<\/p>\n<p>(R\/DZC)<\/p>\n<\/div>\n\n","protected":false},"excerpt":{"rendered":"<p>La Organizaci\u00f3n del Tratado del Atl\u00e1ntico Norte (OTAN) se form\u00f3 en 1949 con el objetivo principal de disuadir la amenaza de la expansi\u00f3n sovi\u00e9tica en Europa tras la Segunda Guerra Mundial. Adem\u00e1s, Estados Unidos la consider\u00f3 una herramienta para prevenir el resurgimiento de las tendencias nacionalistas en Europa y fomentar la integraci\u00f3n pol\u00edtica en el &hellip;<\/p>\n","protected":false},"author":1,"featured_media":32348,"comment_status":"open","ping_status":"open","sticky":false,"template":"","format":"standard","meta":{"fifu_image_url":"https:\/\/static.dw.com\/image\/71448985_6.jpg","fifu_image_alt":"","footnotes":""},"categories":[13],"tags":[],"class_list":["post-32347","post","type-post","status-publish","format-standard","has-post-thumbnail","","category-mundo"],"_links":{"self":[{"href":"https:\/\/noticiasveraces.com\/index.php?rest_route=\/wp\/v2\/posts\/32347","targetHints":{"allow":["GET"]}}],"collection":[{"href":"https:\/\/noticiasveraces.com\/index.php?rest_route=\/wp\/v2\/posts"}],"about":[{"href":"https:\/\/noticiasveraces.com\/index.php?rest_route=\/wp\/v2\/types\/post"}],"author":[{"embeddable":true,"href":"https:\/\/noticiasveraces.com\/index.php?rest_route=\/wp\/v2\/users\/1"}],"replies":[{"embeddable":true,"href":"https:\/\/noticiasveraces.com\/index.php?rest_route=%2Fwp%2Fv2%2Fcomments&post=32347"}],"version-history":[{"count":0,"href":"https:\/\/noticiasveraces.com\/index.php?rest_route=\/wp\/v2\/posts\/32347\/revisions"}],"wp:featuredmedia":[{"embeddable":true,"href":"https:\/\/noticiasveraces.com\/index.php?rest_route=\/wp\/v2\/media\/32348"}],"wp:attachment":[{"href":"https:\/\/noticiasveraces.com\/index.php?rest_route=%2Fwp%2Fv2%2Fmedia&parent=32347"}],"wp:term":[{"taxonomy":"category","embeddable":true,"href":"https:\/\/noticiasveraces.com\/index.php?rest_route=%2Fwp%2Fv2%2Fcategories&post=32347"},{"taxonomy":"post_tag","embeddable":true,"href":"https:\/\/noticiasveraces.com\/index.php?rest_route=%2Fwp%2Fv2%2Ftags&post=32347"}],"curies":[{"name":"wp","href":"https:\/\/api.w.org\/{rel}","templated":true}]}}