{"id":32311,"date":"2025-06-19T04:34:47","date_gmt":"2025-06-19T08:34:47","guid":{"rendered":"https:\/\/noticiasveraces.com\/?p=32311"},"modified":"2025-06-19T04:34:47","modified_gmt":"2025-06-19T08:34:47","slug":"fc-barcelona-ficha-a-joan-garcia-y-pone-en-duda-a-ter-stegen-dw-18-06-2025","status":"publish","type":"post","link":"https:\/\/noticiasveraces.com\/?p=32311","title":{"rendered":"FC Barcelona ficha a Joan Garc\u00eda y pone en duda a ter Stegen \u2013 DW \u2013 18\/06\/2025"},"content":{"rendered":"<p> \n<\/p>\n<div>\n<p>El aterrizaje del cancerbero Joan Garcia en el Bar\u00e7a, proveniente del Espanyol, ha puesto patas arriba la porter\u00eda azulgrana, al contar ahora con cuatro porteros en n\u00f3mina, aunque el club espera que el alem\u00e1n Marc-Andr\u00e9 ter Stegen acepte una salida.<\/p>\n<p>Garcia se convierte en el portero m\u00e1s caro en la historia del Barcelona, que pag\u00f3 al gran rival de la capital catalana la cl\u00e1usula de rescisi\u00f3n del futbolista, 26,34 millones de euros (unos 31 millones de d\u00f3lares).<\/p>\n<p>Formado en el Sallent y el Manresa antes de pasar por la Damm, el arquero de 24 a\u00f1os se uni\u00f3 al Espanyol en 2016, debutando en la m\u00e1xima categor\u00eda del f\u00fatbol espa\u00f1ol en enero de 2022 contra el Elche.<\/p>\n<p>El portero perico fue una de las sensaciones de LaLiga la temporada pasada, que acab\u00f3 como el arquero que m\u00e1s atajadas realiz\u00f3 (146 en 38 encuentros) en un equipo que pele\u00f3 hasta el final por no descender.<\/p>\n<p>El fichaje supone un gran salto en la carrera de Garcia, que no ha sido internacional con Espa\u00f1a, pese a que parte de la prensa deportiva as\u00ed lo reclama.<\/p>\n<p>Pasa de luchar por no descender a un equipo que pelea por todas las competiciones y tambi\u00e9n saldr\u00e1 ganando a nivel econ\u00f3mico: seg\u00fan la prensa espa\u00f1ola, su sueldo este curso fue de 400.000 euros netos (462.000 d\u00f3lares) y pasar\u00e1 a cobrar tres millones de euros netos (3,4 millones de d\u00f3lares).<\/p>\n<h2><strong>Ter Stegen no se inmuta<\/strong><\/h2>\n<p>Pero la llegada al Bar\u00e7a de Joan Garcia deja en una enrevesada situaci\u00f3n la porter\u00eda del club, con cuatro ocupantes: ter Stegen, Wojciech Szczesny, I\u00f1aki Pe\u00f1a y el propio Garcia.<\/p>\n<p>Todas las miradas est\u00e1n puestas en ter Stegen, de 33 a\u00f1os y con contrato hasta 2028, adem\u00e1s con uno de los mayores salarios de la plantilla.<\/p>\n<figure class=\"placeholder-image master_landscape big\"><img data-format=\"MASTER_LANDSCAPE\" data-id=\"70534510\" data-url=\"https:\/\/static.dw.com\/image\/70534510_${formatId}.jpg\" data-aspect-ratio=\"16\/9\" alt=\"Ter Stegen sufri\u00f3 recientemente una grave lesi\u00f3n que lo mantuvo alejado de las canchas durante meses.\" style=\"padding-bottom: 56.25%; height: 0; max-height: 0;\"\/><figcaption class=\"img-caption\">Ter Stegen sufri\u00f3 recientemente una grave lesi\u00f3n que lo mantuvo alejado de las canchas durante meses.<small class=\"copyright\">Imagen: Revierfoto\/dpa\/picture alliance<\/small><\/figcaption><\/figure>\n<p>Due\u00f1o del arco desde hace una d\u00e9cada y uno de los capitanes del equipo, en el club piensan que el alem\u00e1n buscar\u00e1 la salida en el caso de verse suplente, sobre todo ante la perspectiva del pr\u00f3ximo Mundial en 2026, donde en teor\u00eda ocupar\u00eda el arco de la Mannschaft por primera vez en un gran torneo tras vivir una d\u00e9cada a la sombra de Manuel Neuer.<\/p>\n<p>Pero el arquero alem\u00e1n no parece por ahora dispuesto a marcharse. Preguntado durante la concentraci\u00f3n de la selecci\u00f3n alemana para la fase final de la Liga de Naciones, al comienzo de junio sobre una posible llegada de Garcia, ter Stegen fue tajante: \u00abNadie me ha dicho nada sobre esto, pero no me preocupa. S\u00e9 que voy a estar en Barcelona el a\u00f1o que viene\u00bb.<\/p>\n<p>(AFP, Efe\/El)<\/p>\n<\/div>\n\n","protected":false},"excerpt":{"rendered":"<p>El aterrizaje del cancerbero Joan Garcia en el Bar\u00e7a, proveniente del Espanyol, ha puesto patas arriba la porter\u00eda azulgrana, al contar ahora con cuatro porteros en n\u00f3mina, aunque el club espera que el alem\u00e1n Marc-Andr\u00e9 ter Stegen acepte una salida. Garcia se convierte en el portero m\u00e1s caro en la historia del Barcelona, que pag\u00f3 &hellip;<\/p>\n","protected":false},"author":1,"featured_media":32312,"comment_status":"open","ping_status":"open","sticky":false,"template":"","format":"standard","meta":{"fifu_image_url":"https:\/\/static.dw.com\/image\/72837088_6.jpg","fifu_image_alt":"","footnotes":""},"categories":[13],"tags":[],"class_list":["post-32311","post","type-post","status-publish","format-standard","has-post-thumbnail","","category-mundo"],"_links":{"self":[{"href":"https:\/\/noticiasveraces.com\/index.php?rest_route=\/wp\/v2\/posts\/32311","targetHints":{"allow":["GET"]}}],"collection":[{"href":"https:\/\/noticiasveraces.com\/index.php?rest_route=\/wp\/v2\/posts"}],"about":[{"href":"https:\/\/noticiasveraces.com\/index.php?rest_route=\/wp\/v2\/types\/post"}],"author":[{"embeddable":true,"href":"https:\/\/noticiasveraces.com\/index.php?rest_route=\/wp\/v2\/users\/1"}],"replies":[{"embeddable":true,"href":"https:\/\/noticiasveraces.com\/index.php?rest_route=%2Fwp%2Fv2%2Fcomments&post=32311"}],"version-history":[{"count":0,"href":"https:\/\/noticiasveraces.com\/index.php?rest_route=\/wp\/v2\/posts\/32311\/revisions"}],"wp:featuredmedia":[{"embeddable":true,"href":"https:\/\/noticiasveraces.com\/index.php?rest_route=\/wp\/v2\/media\/32312"}],"wp:attachment":[{"href":"https:\/\/noticiasveraces.com\/index.php?rest_route=%2Fwp%2Fv2%2Fmedia&parent=32311"}],"wp:term":[{"taxonomy":"category","embeddable":true,"href":"https:\/\/noticiasveraces.com\/index.php?rest_route=%2Fwp%2Fv2%2Fcategories&post=32311"},{"taxonomy":"post_tag","embeddable":true,"href":"https:\/\/noticiasveraces.com\/index.php?rest_route=%2Fwp%2Fv2%2Ftags&post=32311"}],"curies":[{"name":"wp","href":"https:\/\/api.w.org\/{rel}","templated":true}]}}