{"id":32211,"date":"2025-06-18T12:10:38","date_gmt":"2025-06-18T16:10:38","guid":{"rendered":"https:\/\/noticiasveraces.com\/?p=32211"},"modified":"2025-06-18T12:10:38","modified_gmt":"2025-06-18T16:10:38","slug":"g7-termina-sin-acuerdos-importantes-despues-de-la-salida-temprana-de-trump-ap-dice","status":"publish","type":"post","link":"https:\/\/noticiasveraces.com\/?p=32211","title":{"rendered":"G7 termina sin acuerdos importantes despu\u00e9s de la salida temprana de Trump, AP dice"},"content":{"rendered":"<p> \n<\/p>\n<div>\n<div id=\"beyondwords-wrapper\" class=\"beyondwords-wrapper\">\n<p><span class=\"label-bg\">NUEVO<\/span>\u00a1Ahora puedes escuchar art\u00edculos de Fox News!\n  <\/p>\n<\/div>\n<p class=\"speakable\">La Cumbre del G7 de los l\u00edderes mundiales en Canad\u00e1, que el presidente de los Estados Unidos, Donald Trump, parti\u00f3 temprano, no arroj\u00f3 acuerdos importantes sobre asuntos como la Guerra de Rusia-Ukraine y la Guerra de Israel-Ir\u00e1n, afirm\u00f3 Associated Press.<\/p>\n<p class=\"speakable\">El G7, que involucra a las naciones de Francia, los Estados Unidos, el Reino Unido, Alemania, Jap\u00f3n, Italia, Canad\u00e1, m\u00e1s la Uni\u00f3n Europea, emiti\u00f3 una declaraci\u00f3n sobre el conflicto de Israel-Ir\u00e1n.<\/p>\n<p>En la declaraci\u00f3n del lunes, los l\u00edderes del G7 reconocieron el derecho de Israel a la defensa propia, llamada Ir\u00e1n \u00abla principal fuente de inestabilidad y terror regional\u00bb, y afirmaron que el pa\u00eds \u00abnunca puede tener un arma nuclear\u00bb.<\/p>\n<p><strong>ISRAEL Hammers Sitio de producci\u00f3n de centr\u00edfuga iran\u00ed, dice el r\u00e9gimen \u00abcruz\u00f3 cada l\u00ednea roja\u00bb<\/strong><\/p>\n<div class=\"image-ct inline\">\n<div class=\"m\"><picture><source media=\"(max-width: 767px)\" srcset=\"https:\/\/a57.foxnews.com\/static.foxnews.com\/foxnews.com\/content\/uploads\/2025\/06\/343\/192\/g7.jpg?ve=1&amp;tl=1, https:\/\/a57.foxnews.com\/static.foxnews.com\/foxnews.com\/content\/uploads\/2025\/06\/686\/384\/g7.jpg?ve=1&amp;tl=1 2x\" height=\"192\" width=\"343\"><source media=\"(min-width: 768px) and (max-width: 1023px)\" srcset=\"https:\/\/a57.foxnews.com\/static.foxnews.com\/foxnews.com\/content\/uploads\/2025\/06\/672\/378\/g7.jpg?ve=1&amp;tl=1, https:\/\/a57.foxnews.com\/static.foxnews.com\/foxnews.com\/content\/uploads\/2025\/06\/1344\/756\/g7.jpg?ve=1&amp;tl=1 2x\" height=\"378\" width=\"672\"><source media=\"(min-width: 1024px) and (max-width: 1279px)\" srcset=\"https:\/\/a57.foxnews.com\/static.foxnews.com\/foxnews.com\/content\/uploads\/2025\/06\/931\/523\/g7.jpg?ve=1&amp;tl=1, https:\/\/a57.foxnews.com\/static.foxnews.com\/foxnews.com\/content\/uploads\/2025\/06\/1862\/1046\/g7.jpg?ve=1&amp;tl=1 2x\" height=\"523\" width=\"931\"><source media=\"(min-width: 1280px)\" srcset=\"https:\/\/a57.foxnews.com\/static.foxnews.com\/foxnews.com\/content\/uploads\/2025\/06\/720\/405\/g7.jpg?ve=1&amp;tl=1, https:\/\/a57.foxnews.com\/static.foxnews.com\/foxnews.com\/content\/uploads\/2025\/06\/1440\/810\/g7.jpg?ve=1&amp;tl=1 2x\" height=\"405\" width=\"720\"><img loading=\"lazy\" decoding=\"async\" src=\"https:\/\/a57.foxnews.com\/static.foxnews.com\/foxnews.com\/content\/uploads\/2025\/06\/1200\/675\/g7.jpg?ve=1&amp;tl=1\" alt=\"L\u00edderes de G7 en una l\u00ednea\" width=\"1200\" height=\"675\"\/><\/source><\/source><\/source><\/source><\/picture><\/div>\n<div class=\"info\">\n<div class=\"caption\">\n<p><span>(L\/R) Presidente del Consejo Europeo Ant\u00f3nio Costa, el primer ministro japon\u00e9s Shigeru Ishiba, el primer ministro italiano Giorgia Meloni, el presidente franc\u00e9s Emmanuel Macron, el presidente canadiense Mark Carney, el presidente de los Estados Unidos, Donald Trump, el primer ministro brit\u00e1nico Keir Starmer, el canciller alem\u00e1n Friedrich Merz y el presidente de la Uni\u00f3n Europea Ursula von Leyen<\/span> <span>(Gobierno de Canad\u00e1 \/ Pool \/ Anadolu a trav\u00e9s de Getty Images)<\/span><\/p>\n<\/div>\n<\/div>\n<\/div>\n<p>\u00abInstamos a que la resoluci\u00f3n de la crisis iran\u00ed conduzca a una reducci\u00f3n m\u00e1s amplia de las hostilidades en el Medio Oriente, incluido un alto el fuego en Gaza\u00bb, se\u00f1ala el comunicado. \u00abPermaneceremos atentos a las implicaciones para los mercados internacionales de energ\u00eda y estaremos listos para coordinar, incluso con socios de ideas afines, para salvaguardar la estabilidad del mercado\u00bb.<\/p>\n<p>La secretaria de prensa de la Casa Blanca, Karoline Leavitt, se\u00f1al\u00f3 en un tweet el lunes por la noche que \u00abel presidente Trump tuvo un gran d\u00eda en el G7, incluso firmando un importante acuerdo comercial con el Reino Unido y el primer ministro Keir Starmer. Mucho se logr\u00f3, pero debido a lo que est\u00e1 sucediendo en el Medio Oriente, el presidente Trump dejar\u00e1 esta noche despu\u00e9s de la cena con los jefes de estado\u00bb.<\/p>\n<p><strong>Trump convoca la reuni\u00f3n de la sala de situaciones de Israel-Ir\u00e1n en la Casa Blanca para sopesar la respuesta de los Estados Unidos<\/strong><\/p>\n<div class=\"image-ct inline\">\n<div class=\"m\"><picture><source media=\"(max-width: 767px)\" srcset=\"https:\/\/a57.foxnews.com\/static.foxnews.com\/foxnews.com\/content\/uploads\/2025\/06\/343\/192\/g7-zelenskyy.jpg?ve=1&amp;tl=1, https:\/\/a57.foxnews.com\/static.foxnews.com\/foxnews.com\/content\/uploads\/2025\/06\/686\/384\/g7-zelenskyy.jpg?ve=1&amp;tl=1 2x\" height=\"192\" width=\"343\"><source media=\"(min-width: 768px) and (max-width: 1023px)\" srcset=\"https:\/\/a57.foxnews.com\/static.foxnews.com\/foxnews.com\/content\/uploads\/2025\/06\/672\/378\/g7-zelenskyy.jpg?ve=1&amp;tl=1, https:\/\/a57.foxnews.com\/static.foxnews.com\/foxnews.com\/content\/uploads\/2025\/06\/1344\/756\/g7-zelenskyy.jpg?ve=1&amp;tl=1 2x\" height=\"378\" width=\"672\"><source media=\"(min-width: 1024px) and (max-width: 1279px)\" srcset=\"https:\/\/a57.foxnews.com\/static.foxnews.com\/foxnews.com\/content\/uploads\/2025\/06\/931\/523\/g7-zelenskyy.jpg?ve=1&amp;tl=1, https:\/\/a57.foxnews.com\/static.foxnews.com\/foxnews.com\/content\/uploads\/2025\/06\/1862\/1046\/g7-zelenskyy.jpg?ve=1&amp;tl=1 2x\" height=\"523\" width=\"931\"><source media=\"(min-width: 1280px)\" srcset=\"https:\/\/a57.foxnews.com\/static.foxnews.com\/foxnews.com\/content\/uploads\/2025\/06\/720\/405\/g7-zelenskyy.jpg?ve=1&amp;tl=1, https:\/\/a57.foxnews.com\/static.foxnews.com\/foxnews.com\/content\/uploads\/2025\/06\/1440\/810\/g7-zelenskyy.jpg?ve=1&amp;tl=1 2x\" height=\"405\" width=\"720\"><img loading=\"lazy\" decoding=\"async\" src=\"https:\/\/a57.foxnews.com\/static.foxnews.com\/foxnews.com\/content\/uploads\/2025\/06\/1200\/675\/g7-zelenskyy.jpg?ve=1&amp;tl=1\" alt=\"French President Emmanuel Macron, European Commission President Ursula Von der Leyen, NATO Secretary General Mark Rutte, Japanese Prime Minister Shigeru Ishiba, German Chancellor Friedrich Merz, US Secretary of Treasury Scott Bessent, Canadian Prime Minister Mark Carney, Ukrainian President Volodymyr Zelenskyy, British Prime Minister Keir Starmer, and Italian Prime Minister Giorgia Meloni meet during the Group of Seven (G7) Cumbre\" width=\"1200\" height=\"675\"\/><\/source><\/source><\/source><\/source><\/picture><\/div>\n<div class=\"info\">\n<div class=\"caption\">\n<p><span>(L\/R, clockwise) French President Emmanuel Macron, European Commission President Ursula Von der Leyen, NATO Secretary General Mark Rutte, Japanese Prime Minister Shigeru Ishiba, German Chancellor Friedrich Merz, US Secretary of Treasury Scott Bessent, Canadian Prime Minister Mark Carney, Ukrainian President Volodymyr Zelenskyy, British Prime Minister Keir Starmer, and Italian Prime Minister Giorgia Meloni se re\u00fane durante el grupo de siete (G7) cumbre en el Pomeroy Kananaskis Mountain Lodge en Kananaskis, Alberta, Canad\u00e1<\/span> <span>(Ludovic Marin\/AFP a trav\u00e9s de Getty Images)<\/span><\/p>\n<\/div>\n<\/div>\n<\/div>\n<p>Las figuras mundiales se reunieron con el presidente ucraniano Volodymyr Zelenskyy el martes. El Secretario del Tesoro de los Estados Unidos, Scott Bessent, estaba en la mezcla de fotos.<\/p>\n<p>\u00abAl dirigirse a la cumbre del G7, enfatic\u00e9 que Rusia est\u00e1 ignorando cada oferta diplom\u00e1tica hecha por la comunidad internacional. La diplomacia est\u00e1 en crisis. Hay una raz\u00f3n clara: Putin ha rechazado abiertamente todas las iniciativas de paz\u00bb, dijo Zelenskyy en un puesto de martes en X, iniciando un hilo largo.<\/p>\n<p>El presidente de la acumulada naci\u00f3n de Europa del Este presion\u00f3 a los pa\u00edses para seguir instando a Trump a ejercer su influencia para \u00abforzar\u00bb al presidente ruso Vladimir Putin a poner fin a la guerra.<\/p>\n<p><strong>\u00bfPor qu\u00e9 Trump dej\u00f3 el G7 temprano? &#8216;Mucho m\u00e1s grande&#8217; que el cese de fuego de Ir\u00e1n, dice<\/strong><\/p>\n<p><strong><u>Haga clic aqu\u00ed para obtener la aplicaci\u00f3n Fox News<\/u><\/strong><\/p>\n<p>\u00abEs crucial tener $ 40 mil millones anuales en apoyo presupuestario para Ucrania, para garantizar nuestra resistencia y la capacidad de nuestro pa\u00eds para continuar. Esta deber\u00eda ser una decisi\u00f3n conjunta de los l\u00edderes del G7, incluidos los Estados Unidos\u00bb, dijo Zelenskyy en otro puesto en el hilo.<\/p>\n<p>\u00abJuntos, debemos continuar instando al presidente Trump a usar la influencia que realmente tiene: obligar a Putin a poner fin a esta guerra. Fueron los Estados Unidos y el presidente Trump quienes propusieron un alto el fuego, la reanudaci\u00f3n de la diplomacia, las reuniones inmediatas y las negociaciones. Pero Rusia ha bloqueado todos los esfuerzos\u00bb, declar\u00f3 en otro puesto.<\/p>\n<p>En una declaraci\u00f3n a Fox News Digital el mi\u00e9rcoles, la subsecretaria de prensa de la Casa Blanca, Anna Kelly, se\u00f1al\u00f3: \u00abComo el presidente Trump ha demostrado una y otra vez, est\u00e1 dispuesto a trabajar con cualquier persona para avanzar en los intereses estadounidenses y hacer que nuestro mundo sea m\u00e1s seguro. Los pa\u00edses de todo el mundo finalmente buscan el presidente Trump por liderazgo\u00bb.<\/p>\n<p> <!----> <\/p>\n<div class=\"article-meta\">\n<div class=\"author-bio\">\n<p>Alex Nitzberg es escritor de Fox News Digital.<\/p>\n<\/div>\n<\/div>\n<\/div>\n\n","protected":false},"excerpt":{"rendered":"<p>NUEVO\u00a1Ahora puedes escuchar art\u00edculos de Fox News! La Cumbre del G7 de los l\u00edderes mundiales en Canad\u00e1, que el presidente de los Estados Unidos, Donald Trump, parti\u00f3 temprano, no arroj\u00f3 acuerdos importantes sobre asuntos como la Guerra de Rusia-Ukraine y la Guerra de Israel-Ir\u00e1n, afirm\u00f3 Associated Press. El G7, que involucra a las naciones de &hellip;<\/p>\n","protected":false},"author":1,"featured_media":32213,"comment_status":"open","ping_status":"open","sticky":false,"template":"","format":"standard","meta":{"fifu_image_url":"https:\/\/static.foxnews.com\/foxnews.com\/content\/uploads\/2025\/06\/g7.jpg","fifu_image_alt":"","footnotes":""},"categories":[13],"tags":[],"class_list":["post-32211","post","type-post","status-publish","format-standard","has-post-thumbnail","","category-mundo"],"_links":{"self":[{"href":"https:\/\/noticiasveraces.com\/index.php?rest_route=\/wp\/v2\/posts\/32211","targetHints":{"allow":["GET"]}}],"collection":[{"href":"https:\/\/noticiasveraces.com\/index.php?rest_route=\/wp\/v2\/posts"}],"about":[{"href":"https:\/\/noticiasveraces.com\/index.php?rest_route=\/wp\/v2\/types\/post"}],"author":[{"embeddable":true,"href":"https:\/\/noticiasveraces.com\/index.php?rest_route=\/wp\/v2\/users\/1"}],"replies":[{"embeddable":true,"href":"https:\/\/noticiasveraces.com\/index.php?rest_route=%2Fwp%2Fv2%2Fcomments&post=32211"}],"version-history":[{"count":0,"href":"https:\/\/noticiasveraces.com\/index.php?rest_route=\/wp\/v2\/posts\/32211\/revisions"}],"wp:featuredmedia":[{"embeddable":true,"href":"https:\/\/noticiasveraces.com\/index.php?rest_route=\/wp\/v2\/media\/32213"}],"wp:attachment":[{"href":"https:\/\/noticiasveraces.com\/index.php?rest_route=%2Fwp%2Fv2%2Fmedia&parent=32211"}],"wp:term":[{"taxonomy":"category","embeddable":true,"href":"https:\/\/noticiasveraces.com\/index.php?rest_route=%2Fwp%2Fv2%2Fcategories&post=32211"},{"taxonomy":"post_tag","embeddable":true,"href":"https:\/\/noticiasveraces.com\/index.php?rest_route=%2Fwp%2Fv2%2Ftags&post=32211"}],"curies":[{"name":"wp","href":"https:\/\/api.w.org\/{rel}","templated":true}]}}