{"id":32181,"date":"2025-06-18T06:43:25","date_gmt":"2025-06-18T10:43:25","guid":{"rendered":"https:\/\/noticiasveraces.com\/?p=32181"},"modified":"2025-06-18T06:43:25","modified_gmt":"2025-06-18T10:43:25","slug":"igualdad-anuncia-que-presentara-en-septiembre-un-anteproyecto-de-ley-para-abolir-la-prostitucion-sociedad","status":"publish","type":"post","link":"https:\/\/noticiasveraces.com\/?p=32181","title":{"rendered":"Igualdad anuncia que presentar\u00e1 en septiembre un anteproyecto de ley para abolir la prostituci\u00f3n | Sociedad"},"content":{"rendered":"<p> \n<br \/><img decoding=\"async\" src=\"https:\/\/imagenes.elpais.com\/resizer\/v2\/FMY7HKKHTI22AHWK4BMN27MPSY.jpg?auth=2e21d5de3f581bd28ee472ff98f6edd9d34fb0c8b3eb024af229fb506d3aca0a\" \/><\/p>\n<div data-dtm-region=\"articulo_cuerpo\">\n<p class=\"\">La ministra de Igualdad, Ana Redondo, ha anunciado este mi\u00e9rcoles en rueda de prensa que su ministerio llevar\u00e1 a Consejo de Ministros el pr\u00f3ximo septiembre una serie de medidas contra el machismo que incorporar\u00e1 un anteproyecto de ley para la abolici\u00f3n de la prostituci\u00f3n. Pero el compromiso no es nuevo ni el anuncio es repentino. El PSOE ya sent\u00f3 en su \u00faltimo Congreso Federal una futura Ley Abolicionista Integral de la prostituci\u00f3n, y los audios desvelados en la \u00faltima semana entre el ya exvicesecretario de organizaci\u00f3n Jos\u00e9 Luis \u00c1balos y su mano derecha, Koldo Garc\u00eda \u2015hablando de c\u00f3mo organizarse para acudir a varias mujeres en situaci\u00f3n de prostituci\u00f3n\u2015, han acelerado esa promesa que este mi\u00e9rcoles ha verbalizado Redondo. <\/p>\n<p class=\"\">La ministra ha apuntado que esas medidas permitir\u00e1n \u201cavanzar con paso firme hacia la abolici\u00f3n de la prostituci\u00f3n y hacia una mayor calidad democr\u00e1tica y feminista\u201d. Algo que, de otra forma, expres\u00f3 tambi\u00e9n hace unos meses, en una entrevista en este diario por el 8-M. \u201cMe gustar\u00eda terminar esta legislatura con una ley abolicionista\u201d, dijo. Y dijo tambi\u00e9n, preguntada por si eso era realmente posible, que s\u00ed, que exist\u00eda \u201cuna posibilidad\u201d. Y lo que ha ocurrido desde el pasado viernes, cuando se conocieron los audios entre \u00c1balos y Koldo, ha sido un aceler\u00f3n a ese compromiso. La reacci\u00f3n del PSOE a esas conversaciones se materializ\u00f3 el lunes en una serie de declaraciones que dejaron patente el profundo enfado que hab\u00eda en las filas socialistas, sobre todo, entre las feministas. <\/p>\n<p class=\"\">La propia ministra afirm\u00f3 que \u201centre los pol\u00edticos no puede haber incoherencia entre la parte p\u00fablica y la privada. O se es \u00edntegro, decente y honesto siempre, o fuera\u201d. \u201cSe me agotan las palabras para calificar las conductas oprobiosas que hemos conocido. Tenemos que dar ejemplo y tolerancia cero contra estas actitudes, que no se pueden consentir\u201d, a\u00f1adi\u00f3. Y explicit\u00f3 que iba \u201ca seguir\u201d con su agenda: \u201cEs p\u00fablica mi intenci\u00f3n de seguir trabajando para llegar a abolir la prostituci\u00f3n\u201d. <\/p>\n<\/div>\n\n","protected":false},"excerpt":{"rendered":"<p>La ministra de Igualdad, Ana Redondo, ha anunciado este mi\u00e9rcoles en rueda de prensa que su ministerio llevar\u00e1 a Consejo de Ministros el pr\u00f3ximo septiembre una serie de medidas contra el machismo que incorporar\u00e1 un anteproyecto de ley para la abolici\u00f3n de la prostituci\u00f3n. Pero el compromiso no es nuevo ni el anuncio es repentino. &hellip;<\/p>\n","protected":false},"author":1,"featured_media":32183,"comment_status":"open","ping_status":"open","sticky":false,"template":"","format":"standard","meta":{"fifu_image_url":"https:\/\/imagenes.elpais.com\/resizer\/v2\/FMY7HKKHTI22AHWK4BMN27MPSY.jpg?auth=2e21d5de3f581bd28ee472ff98f6edd9d34fb0c8b3eb024af229fb506d3aca0a&width=1200","fifu_image_alt":"","footnotes":""},"categories":[11],"tags":[],"class_list":["post-32181","post","type-post","status-publish","format-standard","has-post-thumbnail","","category-viaje"],"_links":{"self":[{"href":"https:\/\/noticiasveraces.com\/index.php?rest_route=\/wp\/v2\/posts\/32181","targetHints":{"allow":["GET"]}}],"collection":[{"href":"https:\/\/noticiasveraces.com\/index.php?rest_route=\/wp\/v2\/posts"}],"about":[{"href":"https:\/\/noticiasveraces.com\/index.php?rest_route=\/wp\/v2\/types\/post"}],"author":[{"embeddable":true,"href":"https:\/\/noticiasveraces.com\/index.php?rest_route=\/wp\/v2\/users\/1"}],"replies":[{"embeddable":true,"href":"https:\/\/noticiasveraces.com\/index.php?rest_route=%2Fwp%2Fv2%2Fcomments&post=32181"}],"version-history":[{"count":0,"href":"https:\/\/noticiasveraces.com\/index.php?rest_route=\/wp\/v2\/posts\/32181\/revisions"}],"wp:featuredmedia":[{"embeddable":true,"href":"https:\/\/noticiasveraces.com\/index.php?rest_route=\/wp\/v2\/media\/32183"}],"wp:attachment":[{"href":"https:\/\/noticiasveraces.com\/index.php?rest_route=%2Fwp%2Fv2%2Fmedia&parent=32181"}],"wp:term":[{"taxonomy":"category","embeddable":true,"href":"https:\/\/noticiasveraces.com\/index.php?rest_route=%2Fwp%2Fv2%2Fcategories&post=32181"},{"taxonomy":"post_tag","embeddable":true,"href":"https:\/\/noticiasveraces.com\/index.php?rest_route=%2Fwp%2Fv2%2Ftags&post=32181"}],"curies":[{"name":"wp","href":"https:\/\/api.w.org\/{rel}","templated":true}]}}