{"id":32165,"date":"2025-06-18T04:02:26","date_gmt":"2025-06-18T08:02:26","guid":{"rendered":"https:\/\/noticiasveraces.com\/?p=32165"},"modified":"2025-06-18T04:02:26","modified_gmt":"2025-06-18T08:02:26","slug":"variante-nimbus-covid-que-se-extiende-en-nosotros-con-sintomas-dolorosos-de-garganta-de-cuchilla-de-afeitar","status":"publish","type":"post","link":"https:\/\/noticiasveraces.com\/?p=32165","title":{"rendered":"Variante Nimbus Covid que se extiende en nosotros con s\u00edntomas dolorosos de garganta de &#8216;cuchilla de afeitar&#8217;"},"content":{"rendered":"<p> \n<\/p>\n<div>\n<div id=\"beyondwords-wrapper\" class=\"beyondwords-wrapper\">\n<p><span class=\"label-bg\">NUEVO<\/span>\u00a1Ahora puedes escuchar art\u00edculos de Fox News!\n  <\/p>\n<\/div>\n<p class=\"speakable\">Una nueva variante Covid-19 llamada NB.1.8.1 podr\u00eda representar hasta un tercio de los casos, seg\u00fan funcionarios de salud. <\/p>\n<p class=\"speakable\">Un sello distintivo de esta \u00faltima cepa es un s\u00edntoma que algunas personas llaman \u00abgarganta de cuchilla de afeitar\u00bb.<\/p>\n<p>La variante, conocida informalmente como \u00abNimbus\u00bb, represent\u00f3 aproximadamente el 37% de los casos en los EE. UU. Durante un per\u00edodo de dos semanas que finaliza el 7 de junio, seg\u00fan lo establecido por los Centros para el Control y la Prevenci\u00f3n de Enfermedades (CDC).<\/p>\n<p><strong>Estados Unidos ve casos de nueva variante Covid-19 vinculada al aumento en China: Informe<\/strong><\/p>\n<p>Nimbus parece ser m\u00e1s f\u00e1cilmente transmisible, pero no m\u00e1s virulento.  <\/p>\n<p>Generalmente no hace que las personas sean m\u00e1s enfermas que otras variantes, dijo el analista m\u00e9dico senior de Fox News, el Dr. Marc Siegel, a Fox News Digital.<\/p>\n<div class=\"image-ct inline\">\n<div class=\"m\"><picture><source media=\"(max-width: 767px)\" srcset=\"https:\/\/a57.foxnews.com\/static.foxnews.com\/foxnews.com\/content\/uploads\/2025\/06\/343\/192\/gettyimages-1822141782.jpg?ve=1&amp;tl=1, https:\/\/a57.foxnews.com\/static.foxnews.com\/foxnews.com\/content\/uploads\/2025\/06\/686\/384\/gettyimages-1822141782.jpg?ve=1&amp;tl=1 2x\" height=\"192\" width=\"343\"><source media=\"(min-width: 768px) and (max-width: 1023px)\" srcset=\"https:\/\/a57.foxnews.com\/static.foxnews.com\/foxnews.com\/content\/uploads\/2025\/06\/672\/378\/gettyimages-1822141782.jpg?ve=1&amp;tl=1, https:\/\/a57.foxnews.com\/static.foxnews.com\/foxnews.com\/content\/uploads\/2025\/06\/1344\/756\/gettyimages-1822141782.jpg?ve=1&amp;tl=1 2x\" height=\"378\" width=\"672\"><source media=\"(min-width: 1024px) and (max-width: 1279px)\" srcset=\"https:\/\/a57.foxnews.com\/static.foxnews.com\/foxnews.com\/content\/uploads\/2025\/06\/931\/523\/gettyimages-1822141782.jpg?ve=1&amp;tl=1, https:\/\/a57.foxnews.com\/static.foxnews.com\/foxnews.com\/content\/uploads\/2025\/06\/1862\/1046\/gettyimages-1822141782.jpg?ve=1&amp;tl=1 2x\" height=\"523\" width=\"931\"><source media=\"(min-width: 1280px)\" srcset=\"https:\/\/a57.foxnews.com\/static.foxnews.com\/foxnews.com\/content\/uploads\/2025\/06\/720\/405\/gettyimages-1822141782.jpg?ve=1&amp;tl=1, https:\/\/a57.foxnews.com\/static.foxnews.com\/foxnews.com\/content\/uploads\/2025\/06\/1440\/810\/gettyimages-1822141782.jpg?ve=1&amp;tl=1 2x\" height=\"405\" width=\"720\"><img loading=\"lazy\" decoding=\"async\" src=\"https:\/\/a57.foxnews.com\/static.foxnews.com\/foxnews.com\/content\/uploads\/2025\/06\/1200\/675\/gettyimages-1822141782.jpg?ve=1&amp;tl=1\" alt=\"El m\u00e9dico siente la garganta del paciente.\" width=\"1200\" height=\"675\"\/><\/source><\/source><\/source><\/source><\/picture><\/div>\n<div class=\"info\">\n<div class=\"caption\">\n<p><span>Un sello distintivo de la \u00faltima cepa Covid es un s\u00edntoma que algunas personas llaman \u00abgarganta de cuchilla de afeitar\u00bb.<\/span> <span>(Istock)<\/span><\/p>\n<\/div>\n<\/div>\n<\/div>\n<h2><strong>\u00bfQu\u00e9 es la garganta de la cuchilla de afeitar?<\/strong><\/h2>\n<p>\u00abMuchos de los subvariantes Covid tienen un rasgo caracter\u00edstico\u00bb, dijo Siegel, y se\u00f1al\u00f3 que se sabe que Nimbus causa un dolor de garganta \u00abafilado\u00bb.<\/p>\n<p>Los pacientes han estado informando dolor de garganta extremadamente doloroso, y algunos comparan la sensaci\u00f3n con las cuchillas o el vidrio de afeitar.<\/p>\n<p><strong><u>\u00bfNo puedes dejar de limpiar tu garganta? Un m\u00e9dico explica por qu\u00e9 y c\u00f3mo solucionarlo<\/u><\/strong><\/p>\n<p>Kenneth Perry, MD, m\u00e9dico de ER en Carolina del Sur, estuvo de acuerdo en que los s\u00edntomas predominantes de cada cepa covid han cambiado y transformado. <\/p>\n<p>\u00abCon algunas variantes, la fiebre y los dolores corporales eran m\u00e1s prominentes, donde otras cepas casi no ten\u00edan ning\u00fan s\u00edntoma\u00bb, dijo a Fox News Digital. \u00abCon la nueva variante, parece que el dolor de garganta es una vez m\u00e1s un s\u00edntoma prominente\u00bb.<\/p>\n<blockquote class=\"pull-quote\">\n<p class=\"quote-text\">\u00abNada ayud\u00f3. Fue absolutamente insoportable\u00bb.<\/p>\n<p> <!----><\/p><\/blockquote>\n<p>El dolor de garganta es causado por la infecci\u00f3n directa de las c\u00e9lulas de la garganta, causando irritaci\u00f3n, seg\u00fan Perry.<\/p>\n<p>Ha habido un aumento reciente en las b\u00fasquedas de \u00abCovid de garganta de afeitar\u00bb y otras frases similares, seg\u00fan las tendencias de Google.<\/p>\n<div class=\"image-ct inline\">\n<div class=\"m\"><picture><source media=\"(max-width: 767px)\" srcset=\"https:\/\/a57.foxnews.com\/static.foxnews.com\/foxnews.com\/content\/uploads\/2025\/06\/343\/192\/gettyimages-1884990499.jpg?ve=1&amp;tl=1, https:\/\/a57.foxnews.com\/static.foxnews.com\/foxnews.com\/content\/uploads\/2025\/06\/686\/384\/gettyimages-1884990499.jpg?ve=1&amp;tl=1 2x\" height=\"192\" width=\"343\"><source media=\"(min-width: 768px) and (max-width: 1023px)\" srcset=\"https:\/\/a57.foxnews.com\/static.foxnews.com\/foxnews.com\/content\/uploads\/2025\/06\/672\/378\/gettyimages-1884990499.jpg?ve=1&amp;tl=1, https:\/\/a57.foxnews.com\/static.foxnews.com\/foxnews.com\/content\/uploads\/2025\/06\/1344\/756\/gettyimages-1884990499.jpg?ve=1&amp;tl=1 2x\" height=\"378\" width=\"672\"><source media=\"(min-width: 1024px) and (max-width: 1279px)\" srcset=\"https:\/\/a57.foxnews.com\/static.foxnews.com\/foxnews.com\/content\/uploads\/2025\/06\/931\/523\/gettyimages-1884990499.jpg?ve=1&amp;tl=1, https:\/\/a57.foxnews.com\/static.foxnews.com\/foxnews.com\/content\/uploads\/2025\/06\/1862\/1046\/gettyimages-1884990499.jpg?ve=1&amp;tl=1 2x\" height=\"523\" width=\"931\"><source media=\"(min-width: 1280px)\" srcset=\"https:\/\/a57.foxnews.com\/static.foxnews.com\/foxnews.com\/content\/uploads\/2025\/06\/720\/405\/gettyimages-1884990499.jpg?ve=1&amp;tl=1, https:\/\/a57.foxnews.com\/static.foxnews.com\/foxnews.com\/content\/uploads\/2025\/06\/1440\/810\/gettyimages-1884990499.jpg?ve=1&amp;tl=1 2x\" height=\"405\" width=\"720\"><img loading=\"lazy\" decoding=\"async\" src=\"https:\/\/a57.foxnews.com\/static.foxnews.com\/foxnews.com\/content\/uploads\/2025\/06\/1200\/675\/gettyimages-1884990499.jpg?ve=1&amp;tl=1\" alt=\"Mujer coloca la mano sobre la garganta.\" width=\"1200\" height=\"675\"\/><\/source><\/source><\/source><\/source><\/picture><\/div>\n<div class=\"info\">\n<div class=\"caption\">\n<p><span>Los pacientes informan un dolor de garganta extremadamente doloroso, y algunos comparan la sensaci\u00f3n con las cuchillas de afeitar o vidrio.<\/span> <span>(Istock)<\/span><\/p>\n<\/div>\n<\/div>\n<\/div>\n<p>Un usuario en Reddit declar\u00f3 que la \u00abgarganta de la cuchilla de afeitar\u00bb es una descripci\u00f3n precisa de sus s\u00edntomas.<\/p>\n<p>\u00abLo sab\u00eda, as\u00ed es exactamente como [I] lo describi\u00f3 a la gente. Como tragar cuchillas de afeitar o fragmentos de vidrio \u00ab, escribi\u00f3 el usuario.<\/p>\n<p><strong><u>Haga clic aqu\u00ed para obtener la aplicaci\u00f3n Fox News<\/u><\/strong><\/p>\n<p>\u00abNada ayud\u00f3. Fue absolutamente insoportable\u00bb.<\/p>\n<p>Otro usuario de Reddit escribi\u00f3 que ten\u00eda covid cuatro veces, y cada vez, la persona experiment\u00f3 irritaci\u00f3n de garganta aguda y dolorosa.<\/p>\n<h2><strong>Otras causas<\/strong><\/h2>\n<p>Un dolor de garganta intenso no significa necesariamente que Covid sea culpable, ni es un s\u00edntoma completamente nuevo. <\/p>\n<p>La faringitis, el t\u00e9rmino m\u00e9dico para el dolor de garganta, puede tener una variedad de causas. Las infecciones bacterianas, las alergias y el reflujo \u00e1cido pueden contribuir al dolor de la garganta, dicen los expertos.<\/p>\n<p>\u00abLa faringitis, o dolor de garganta, es un hallazgo com\u00fan con muchas infecciones virales\u00bb, dijo Perry a Fox News Digital. \u00abAunque aproximadamente el 20% del dolor de garganta son causados \u200b\u200bpor ciertas bacterias, la mayor\u00eda son causadas por virus como Covid\u00bb.<\/p>\n<p><strong><u>Haga clic aqu\u00ed para registrarse en nuestro bolet\u00edn de salud<\/u><\/strong><\/p>\n<p>El tratamiento del dolor en la garganta depender\u00e1 de la causa, por lo que es importante consultar a un profesional de la salud para un diagn\u00f3stico m\u00e9dico, los m\u00e9dicos de acuerdo.<\/p>\n<p>El tratamiento para la faringitis es t\u00edpicamente una mezcla de remedios y medicamentos cl\u00e1sicos, seg\u00fan Perry.<\/p>\n<p>\u00abLa miel es el tratamiento de elecci\u00f3n para dolor de garganta y tos\u00bb, dijo a Fox News Digital. \u00abLos medicamentos antiinflamatorios como el ibuprofeno o el naproxeno tambi\u00e9n son \u00fatiles para mejorar los s\u00edntomas\u00bb.<\/p>\n<div class=\"image-ct inline\">\n<div class=\"m\"><picture><source media=\"(max-width: 767px)\" srcset=\"https:\/\/a57.foxnews.com\/static.foxnews.com\/foxnews.com\/content\/uploads\/2025\/06\/343\/192\/gettyimages-1385531673.jpg?ve=1&amp;tl=1, https:\/\/a57.foxnews.com\/static.foxnews.com\/foxnews.com\/content\/uploads\/2025\/06\/686\/384\/gettyimages-1385531673.jpg?ve=1&amp;tl=1 2x\" height=\"192\" width=\"343\"><source media=\"(min-width: 768px) and (max-width: 1023px)\" srcset=\"https:\/\/a57.foxnews.com\/static.foxnews.com\/foxnews.com\/content\/uploads\/2025\/06\/672\/378\/gettyimages-1385531673.jpg?ve=1&amp;tl=1, https:\/\/a57.foxnews.com\/static.foxnews.com\/foxnews.com\/content\/uploads\/2025\/06\/1344\/756\/gettyimages-1385531673.jpg?ve=1&amp;tl=1 2x\" height=\"378\" width=\"672\"><source media=\"(min-width: 1024px) and (max-width: 1279px)\" srcset=\"https:\/\/a57.foxnews.com\/static.foxnews.com\/foxnews.com\/content\/uploads\/2025\/06\/931\/523\/gettyimages-1385531673.jpg?ve=1&amp;tl=1, https:\/\/a57.foxnews.com\/static.foxnews.com\/foxnews.com\/content\/uploads\/2025\/06\/1862\/1046\/gettyimages-1385531673.jpg?ve=1&amp;tl=1 2x\" height=\"523\" width=\"931\"><source media=\"(min-width: 1280px)\" srcset=\"https:\/\/a57.foxnews.com\/static.foxnews.com\/foxnews.com\/content\/uploads\/2025\/06\/720\/405\/gettyimages-1385531673.jpg?ve=1&amp;tl=1, https:\/\/a57.foxnews.com\/static.foxnews.com\/foxnews.com\/content\/uploads\/2025\/06\/1440\/810\/gettyimages-1385531673.jpg?ve=1&amp;tl=1 2x\" height=\"405\" width=\"720\"><img loading=\"lazy\" decoding=\"async\" src=\"https:\/\/a57.foxnews.com\/static.foxnews.com\/foxnews.com\/content\/uploads\/2025\/06\/1200\/675\/gettyimages-1385531673.jpg?ve=1&amp;tl=1\" alt=\"Hombre sosteniendo la taza de t\u00e9, tiro cerrado\" width=\"1200\" height=\"675\"\/><\/source><\/source><\/source><\/source><\/picture><\/div>\n<div class=\"info\">\n<div class=\"caption\">\n<p><span>Beber l\u00edquidos calmantes como el t\u00e9 con lim\u00f3n y miel puede ayudar a secar y agrupar gargantas, aconsejan los expertos.<\/span> <span>(Istock)<\/span><\/p>\n<\/div>\n<\/div>\n<\/div>\n<p>Las infecciones bacterianas pueden requerir antibi\u00f3ticos, mientras que el tratamiento para el reflujo \u00e1cido podr\u00eda ser tan simple como un anti\u00e1cido de venta libre.<\/p>\n<p>\u00abLos pacientes pueden tener dificultades para mantenerse al d\u00eda con la hidrataci\u00f3n o incluso problemas para tomar medicamentos para ayudar a sus s\u00edntomas debido al dolor en la garganta, lo que puede hacer que se deshidraten\u00bb, advirti\u00f3 Perry.<\/p>\n<p><i><strong><u>Para m\u00e1s art\u00edculos de salud, visite <\/u><\/strong><\/i><i><strong><u>www.foxnews.com\/Health<\/u><\/strong><\/i><\/p>\n<p>\u00abGarga de una mezcla que es \u00bd cucharadita de sal por 1 taza de agua puede aliviar la inflamaci\u00f3n e irritaci\u00f3n en la garganta\u00bb, seg\u00fan la Cl\u00ednica de Cleveland.<\/p>\n<p>Siegel agreg\u00f3 que chupar las pastillas, la garga, permanecer hidratado y adormecer la garganta puede ayudar a calmar los s\u00edntomas.<\/p>\n<p> <!----> <\/p>\n<div class=\"article-meta\">\n<div class=\"author-bio\">\n<p>Khloe Quill es asistente de producci\u00f3n de estilo de vida con Fox News Digital. Ella y el equipo de estilo de vida cubren una variedad de temas de historias que incluyen comida y bebida, viajes y salud. <\/p>\n<\/div>\n<\/div>\n<\/div>\n\n","protected":false},"excerpt":{"rendered":"<p>NUEVO\u00a1Ahora puedes escuchar art\u00edculos de Fox News! Una nueva variante Covid-19 llamada NB.1.8.1 podr\u00eda representar hasta un tercio de los casos, seg\u00fan funcionarios de salud. Un sello distintivo de esta \u00faltima cepa es un s\u00edntoma que algunas personas llaman \u00abgarganta de cuchilla de afeitar\u00bb. La variante, conocida informalmente como \u00abNimbus\u00bb, represent\u00f3 aproximadamente el 37% de &hellip;<\/p>\n","protected":false},"author":1,"featured_media":32167,"comment_status":"open","ping_status":"open","sticky":false,"template":"","format":"standard","meta":{"fifu_image_url":"https:\/\/a57.foxnews.com\/static.foxnews.com\/foxnews.com\/content\/uploads\/2025\/06\/1200\/675\/gettyimages-1822141782.jpg?ve=1&tl=1","fifu_image_alt":"","footnotes":""},"categories":[8],"tags":[],"class_list":["post-32165","post","type-post","status-publish","format-standard","has-post-thumbnail","","category-salud"],"_links":{"self":[{"href":"https:\/\/noticiasveraces.com\/index.php?rest_route=\/wp\/v2\/posts\/32165","targetHints":{"allow":["GET"]}}],"collection":[{"href":"https:\/\/noticiasveraces.com\/index.php?rest_route=\/wp\/v2\/posts"}],"about":[{"href":"https:\/\/noticiasveraces.com\/index.php?rest_route=\/wp\/v2\/types\/post"}],"author":[{"embeddable":true,"href":"https:\/\/noticiasveraces.com\/index.php?rest_route=\/wp\/v2\/users\/1"}],"replies":[{"embeddable":true,"href":"https:\/\/noticiasveraces.com\/index.php?rest_route=%2Fwp%2Fv2%2Fcomments&post=32165"}],"version-history":[{"count":0,"href":"https:\/\/noticiasveraces.com\/index.php?rest_route=\/wp\/v2\/posts\/32165\/revisions"}],"wp:featuredmedia":[{"embeddable":true,"href":"https:\/\/noticiasveraces.com\/index.php?rest_route=\/wp\/v2\/media\/32167"}],"wp:attachment":[{"href":"https:\/\/noticiasveraces.com\/index.php?rest_route=%2Fwp%2Fv2%2Fmedia&parent=32165"}],"wp:term":[{"taxonomy":"category","embeddable":true,"href":"https:\/\/noticiasveraces.com\/index.php?rest_route=%2Fwp%2Fv2%2Fcategories&post=32165"},{"taxonomy":"post_tag","embeddable":true,"href":"https:\/\/noticiasveraces.com\/index.php?rest_route=%2Fwp%2Fv2%2Ftags&post=32165"}],"curies":[{"name":"wp","href":"https:\/\/api.w.org\/{rel}","templated":true}]}}