{"id":32143,"date":"2025-06-17T23:55:29","date_gmt":"2025-06-18T03:55:29","guid":{"rendered":"https:\/\/noticiasveraces.com\/?p=32143"},"modified":"2025-06-17T23:55:29","modified_gmt":"2025-06-18T03:55:29","slug":"perpetua-a-torturador-sirio-del-regimen-de-al-asad-dw-16-06-2025","status":"publish","type":"post","link":"https:\/\/noticiasveraces.com\/?p=32143","title":{"rendered":"perpetua a torturador sirio del r\u00e9gimen de Al Asad \u2013 DW \u2013 16\/06\/2025"},"content":{"rendered":"<p> \n<\/p>\n<div>\n<p>La Audiencia Territorial de Fr\u00e1ncfort, conden\u00f3 este lunes (16.06.2025) a una pena de cadena perpetua al sirio identificado como Alaa M., torturador del r\u00e9gimen en Siria del depuesto Bachar al Asad, por cr\u00edmenes contra la humanidad y de guerra que incluyeron muertes y casos de graves torturas. \u00abMat\u00f3 a dos personas e hiri\u00f3 gravemente a otras nueve\u00bb, dijo el juez Christoph Koller al dictar su veredicto, subrayando que estos actos \u00abformaban parte de la reacci\u00f3n brutal del r\u00e9gimen dictatorial e injusto de Al Asad\u00bb ante las protestas de los opositores.<\/p>\n<p>Despu\u00e9s de un proceso penal que se prolong\u00f3 durante algo m\u00e1s de tres a\u00f1os, los magistrados condenaron al acusado, que permanec\u00eda en prisi\u00f3n preventiva desde 2020, a\u00f1o en que fue detenido en Alemania tras haber sido reconocido por una de sus v\u00edctimas tras su aparici\u00f3n en un programa de televisi\u00f3n, seg\u00fan recoge la edici\u00f3n digital de la revista &#8216;Focus&#8217;.<\/p>\n<p>En sus labores represivas para el r\u00e9gimen sirio, Alaa M., de 40 a\u00f1os y que llevaba una d\u00e9cada viviendo en Alemania, hab\u00eda trabajado para varias cl\u00ednicas como ortopeda y ejerci\u00f3 como \u00abm\u00e9dico torturador\u00bb. Las torturas por las que fue condenado tuvieron lugar entre los a\u00f1os 2011 y 2012 en la ciudad siria de Homs. El juez denunci\u00f3 \u00abuna violaci\u00f3n masiva de los derechos humanos\u00bb y destac\u00f3 que el veredicto tambi\u00e9n es una forma de mostrar \u00abque el sufrimiento de las v\u00edctimas no se olvida\u00bb.<\/p>\n<p>El acusado siempre neg\u00f3 todas las acusaciones, incluidas las de haber prendido fuego a los genitales de un adolescente y de haber administrado una inyecci\u00f3n letal a un recluso que se hab\u00eda resistido a las palizas. Los hechos fueron juzgados en Alemania en aplicaci\u00f3n del principio de jurisdicci\u00f3n universal del derecho penal internacional, que permite perseguir cr\u00edmenes de guerra y contra la humanidad cometidos en otros pa\u00edses.<\/p>\n<p>LGC (EFE, AFP)<\/p>\n<\/div>\n\n","protected":false},"excerpt":{"rendered":"<p>La Audiencia Territorial de Fr\u00e1ncfort, conden\u00f3 este lunes (16.06.2025) a una pena de cadena perpetua al sirio identificado como Alaa M., torturador del r\u00e9gimen en Siria del depuesto Bachar al Asad, por cr\u00edmenes contra la humanidad y de guerra que incluyeron muertes y casos de graves torturas. \u00abMat\u00f3 a dos personas e hiri\u00f3 gravemente a &hellip;<\/p>\n","protected":false},"author":1,"featured_media":32144,"comment_status":"open","ping_status":"open","sticky":false,"template":"","format":"standard","meta":{"fifu_image_url":"https:\/\/static.dw.com\/image\/72928049_6.jpg","fifu_image_alt":"","footnotes":""},"categories":[13],"tags":[],"class_list":["post-32143","post","type-post","status-publish","format-standard","has-post-thumbnail","","category-mundo"],"_links":{"self":[{"href":"https:\/\/noticiasveraces.com\/index.php?rest_route=\/wp\/v2\/posts\/32143","targetHints":{"allow":["GET"]}}],"collection":[{"href":"https:\/\/noticiasveraces.com\/index.php?rest_route=\/wp\/v2\/posts"}],"about":[{"href":"https:\/\/noticiasveraces.com\/index.php?rest_route=\/wp\/v2\/types\/post"}],"author":[{"embeddable":true,"href":"https:\/\/noticiasveraces.com\/index.php?rest_route=\/wp\/v2\/users\/1"}],"replies":[{"embeddable":true,"href":"https:\/\/noticiasveraces.com\/index.php?rest_route=%2Fwp%2Fv2%2Fcomments&post=32143"}],"version-history":[{"count":0,"href":"https:\/\/noticiasveraces.com\/index.php?rest_route=\/wp\/v2\/posts\/32143\/revisions"}],"wp:featuredmedia":[{"embeddable":true,"href":"https:\/\/noticiasveraces.com\/index.php?rest_route=\/wp\/v2\/media\/32144"}],"wp:attachment":[{"href":"https:\/\/noticiasveraces.com\/index.php?rest_route=%2Fwp%2Fv2%2Fmedia&parent=32143"}],"wp:term":[{"taxonomy":"category","embeddable":true,"href":"https:\/\/noticiasveraces.com\/index.php?rest_route=%2Fwp%2Fv2%2Fcategories&post=32143"},{"taxonomy":"post_tag","embeddable":true,"href":"https:\/\/noticiasveraces.com\/index.php?rest_route=%2Fwp%2Fv2%2Ftags&post=32143"}],"curies":[{"name":"wp","href":"https:\/\/api.w.org\/{rel}","templated":true}]}}