{"id":32141,"date":"2025-06-17T22:54:36","date_gmt":"2025-06-18T02:54:36","guid":{"rendered":"https:\/\/noticiasveraces.com\/?p=32141"},"modified":"2025-06-17T22:54:36","modified_gmt":"2025-06-18T02:54:36","slug":"el-gobierno-de-belgica-planea-suprimir-el-senado-dw-17-06-2025","status":"publish","type":"post","link":"https:\/\/noticiasveraces.com\/?p=32141","title":{"rendered":"El Gobierno de B\u00e9lgica planea suprimir el Senado \u2013 DW \u2013 17\/06\/2025"},"content":{"rendered":"<p> \n<\/p>\n<div>\n<p>El Gobierno de coalici\u00f3n de B\u00e9lgica, liderado por el nacionalista flamenco Bart de Wever ha logrado recabar los apoyos que necesita para suprimir el Senado, que considera que retrasa las decisiones legislativas y a\u00f1ade costes de gesti\u00f3n, seg\u00fan informaron hoy medios locales como la radiotelevisi\u00f3n p\u00fablica RTBF o el diario Le Soir.<\/p>\n<p>La medida requiere una reforma de la Constituci\u00f3n respaldada por dos tercios en la c\u00e1mara baja, por lo que la coalici\u00f3n de nacionalistas, liberales, humanistas, socialistas y democristianos que gobierna B\u00e9lgica necesita recabar tambi\u00e9n votos de la oposici\u00f3n. Seg\u00fan traslad\u00f3 el Ejecutivo a los medios este martes (17.06.2025), la coalici\u00f3n ha logrado cosechar esos apoyos.<\/p>\n<p>La supresi\u00f3n del Senado forma parte del acuerdo de Gobierno en un pa\u00eds con un sistema de monarqu\u00eda parlamentaria con C\u00e1mara de Representantes y Senado, donde el Gobierno es el \u00f3rgano ejecutivo y las c\u00e1maras de diputados y senadores act\u00faan como legisladores. El Senado belga cuenta con 60 esca\u00f1os elegidos por los parlamentos regionales y se encarga de examinar y controlar las leyes adoptadas en la C\u00e1mara de Representantes, proponiendo enmiendas o incluso rechazando las leyes, aunque la c\u00e1mara baja siempre tiene la \u00faltima palabra.<\/p>\n<p>Los cr\u00edticos consideran que el Senado, en su forma actual, ralentiza la aprobaci\u00f3n de las leyes y encarece el proceso. Por su representaci\u00f3n territorial, en la que todas las comunidades tienen representante, algunas no est\u00e1n de acuerdo con la supresi\u00f3n del Senado. La comunidad germanoparlante, por ejemplo, como recoge Le Soir, ya ha\u00a0expresado claramente su temor a la desaparici\u00f3n de esta c\u00e1mara de resonancia de sus posturas pol\u00edticas, por ser el \u00fanico lugar en este nivel de poder donde tienen un esca\u00f1o reservado.<\/p>\n<p>LGC (Efe, Lesoir)<\/p>\n<\/div>\n\n","protected":false},"excerpt":{"rendered":"<p>El Gobierno de coalici\u00f3n de B\u00e9lgica, liderado por el nacionalista flamenco Bart de Wever ha logrado recabar los apoyos que necesita para suprimir el Senado, que considera que retrasa las decisiones legislativas y a\u00f1ade costes de gesti\u00f3n, seg\u00fan informaron hoy medios locales como la radiotelevisi\u00f3n p\u00fablica RTBF o el diario Le Soir. La medida requiere &hellip;<\/p>\n","protected":false},"author":1,"featured_media":32142,"comment_status":"open","ping_status":"open","sticky":false,"template":"","format":"standard","meta":{"fifu_image_url":"https:\/\/static.dw.com\/image\/69318051_6.jpg","fifu_image_alt":"","footnotes":""},"categories":[13],"tags":[],"class_list":["post-32141","post","type-post","status-publish","format-standard","has-post-thumbnail","","category-mundo"],"_links":{"self":[{"href":"https:\/\/noticiasveraces.com\/index.php?rest_route=\/wp\/v2\/posts\/32141","targetHints":{"allow":["GET"]}}],"collection":[{"href":"https:\/\/noticiasveraces.com\/index.php?rest_route=\/wp\/v2\/posts"}],"about":[{"href":"https:\/\/noticiasveraces.com\/index.php?rest_route=\/wp\/v2\/types\/post"}],"author":[{"embeddable":true,"href":"https:\/\/noticiasveraces.com\/index.php?rest_route=\/wp\/v2\/users\/1"}],"replies":[{"embeddable":true,"href":"https:\/\/noticiasveraces.com\/index.php?rest_route=%2Fwp%2Fv2%2Fcomments&post=32141"}],"version-history":[{"count":0,"href":"https:\/\/noticiasveraces.com\/index.php?rest_route=\/wp\/v2\/posts\/32141\/revisions"}],"wp:featuredmedia":[{"embeddable":true,"href":"https:\/\/noticiasveraces.com\/index.php?rest_route=\/wp\/v2\/media\/32142"}],"wp:attachment":[{"href":"https:\/\/noticiasveraces.com\/index.php?rest_route=%2Fwp%2Fv2%2Fmedia&parent=32141"}],"wp:term":[{"taxonomy":"category","embeddable":true,"href":"https:\/\/noticiasveraces.com\/index.php?rest_route=%2Fwp%2Fv2%2Fcategories&post=32141"},{"taxonomy":"post_tag","embeddable":true,"href":"https:\/\/noticiasveraces.com\/index.php?rest_route=%2Fwp%2Fv2%2Ftags&post=32141"}],"curies":[{"name":"wp","href":"https:\/\/api.w.org\/{rel}","templated":true}]}}