{"id":32115,"date":"2025-06-17T19:48:51","date_gmt":"2025-06-17T23:48:51","guid":{"rendered":"https:\/\/noticiasveraces.com\/?p=32115"},"modified":"2025-06-17T19:48:51","modified_gmt":"2025-06-17T23:48:51","slug":"trump-fortalece-la-defensa-del-artico-con-el-cambio-estrategico-de-comando-de-groenlandia","status":"publish","type":"post","link":"https:\/\/noticiasveraces.com\/?p=32115","title":{"rendered":"Trump fortalece la defensa del \u00c1rtico con el cambio estrat\u00e9gico de comando de Groenlandia"},"content":{"rendered":"<p> \n<\/p>\n<div>\n<div id=\"beyondwords-wrapper\" class=\"beyondwords-wrapper\">\n<p><span class=\"label-bg\">NUEVO<\/span>\u00a1Ahora puedes escuchar art\u00edculos de Fox News!\n  <\/p>\n<\/div>\n<p class=\"speakable\">En un movimiento estrat\u00e9gico, el presidente Donald Trump orden\u00f3 que Groenlandia sea transferido del Comando Europeo de los Estados Unidos al Comando del Norte de los Estados Unidos, apretando el control de Estados Unidos sobre la defensa del \u00c1rtico en un momento de creciente conflicto global.<\/p>\n<p class=\"speakable\">El Pent\u00e1gono confirm\u00f3 el turno el martes, diciendo que trae la base espacial Pituffik, la instalaci\u00f3n militar estadounidense m\u00e1s septentrional, bajo la jurisdicci\u00f3n del Comando del Norte. <\/p>\n<p>La base, ubicada al norte del C\u00edrculo \u00c1rtico, es fundamental para la advertencia de misiles de EE. UU. Y la OTAN y las operaciones de vigilancia espacial.<\/p>\n<p>\u00abEl Presidente recientemente orden\u00f3 un cambio en el plan de comando unificado. Este cambio cambia de Groenlandia del \u00e1rea de responsabilidad del Comando Europeo de EE. UU. Al \u00c1rea de Responsabilidad del Comando Norte de los Estados Unidos\u00bb, escribi\u00f3 el portavoz del Jefe del Pent\u00e1gono Sean Parnell en un comunicado el martes.<\/p>\n<p><strong>Battle Over Space Command La ubicaci\u00f3n HQ se calienta cuando los legisladores presionan el nuevo Secretario de la Fuerza A\u00e9rea<\/strong><\/p>\n<div class=\"image-ct inline\">\n<div class=\"m\"><picture><source media=\"(max-width: 767px)\" srcset=\"https:\/\/a57.foxnews.com\/static.foxnews.com\/foxnews.com\/content\/uploads\/2025\/06\/343\/192\/pituffik-space-base.jpg?ve=1&amp;tl=1, https:\/\/a57.foxnews.com\/static.foxnews.com\/foxnews.com\/content\/uploads\/2025\/06\/686\/384\/pituffik-space-base.jpg?ve=1&amp;tl=1 2x\" height=\"192\" width=\"343\"><source media=\"(min-width: 768px) and (max-width: 1023px)\" srcset=\"https:\/\/a57.foxnews.com\/static.foxnews.com\/foxnews.com\/content\/uploads\/2025\/06\/672\/378\/pituffik-space-base.jpg?ve=1&amp;tl=1, https:\/\/a57.foxnews.com\/static.foxnews.com\/foxnews.com\/content\/uploads\/2025\/06\/1344\/756\/pituffik-space-base.jpg?ve=1&amp;tl=1 2x\" height=\"378\" width=\"672\"><source media=\"(min-width: 1024px) and (max-width: 1279px)\" srcset=\"https:\/\/a57.foxnews.com\/static.foxnews.com\/foxnews.com\/content\/uploads\/2025\/06\/931\/523\/pituffik-space-base.jpg?ve=1&amp;tl=1, https:\/\/a57.foxnews.com\/static.foxnews.com\/foxnews.com\/content\/uploads\/2025\/06\/1862\/1046\/pituffik-space-base.jpg?ve=1&amp;tl=1 2x\" height=\"523\" width=\"931\"><source media=\"(min-width: 1280px)\" srcset=\"https:\/\/a57.foxnews.com\/static.foxnews.com\/foxnews.com\/content\/uploads\/2025\/06\/720\/405\/pituffik-space-base.jpg?ve=1&amp;tl=1, https:\/\/a57.foxnews.com\/static.foxnews.com\/foxnews.com\/content\/uploads\/2025\/06\/1440\/810\/pituffik-space-base.jpg?ve=1&amp;tl=1 2x\" height=\"405\" width=\"720\"><img loading=\"lazy\" decoding=\"async\" src=\"https:\/\/a57.foxnews.com\/static.foxnews.com\/foxnews.com\/content\/uploads\/2025\/06\/1200\/675\/pituffik-space-base.jpg?ve=1&amp;tl=1\" alt=\"Base espacial Pituffik\" width=\"1200\" height=\"675\"\/><\/source><\/source><\/source><\/source><\/picture><\/div>\n<div class=\"info\">\n<div class=\"caption\">\n<p><span>La Base Espacial Pituffik en Groenlandia ahora est\u00e1 bajo el Comando del Norte de los Estados Unidos, citando un lanzamiento del Pent\u00e1gono el martes.<\/span> <span>(Foto de la Fuerza Espacial de EE. UU. Por el aviador principal Kaitlin Castillo)<\/span><\/p>\n<\/div>\n<\/div>\n<\/div>\n<p>\u00abDe acuerdo con la intenci\u00f3n del presidente y la gu\u00eda estrat\u00e9gica de defensa nacional interina, este cambio fortalecer\u00e1 la capacidad de la fuerza conjunta para defender la patria estadounidense, contribuyendo a una defensa m\u00e1s s\u00f3lida del hemisferio occidental y profundizando las relaciones con los aliados y socios del \u00c1rtico\u00bb. <\/p>\n<p>El cambio se produce en medio de hostilidades continuas entre Israel e Ir\u00e1n y subraya el enfoque de la administraci\u00f3n Trump en reforzar la infraestructura de defensa nacional y responder a las amenazas emergentes en la regi\u00f3n del \u00c1rtico, donde tanto Rusia como China han demostrado un creciente inter\u00e9s.<\/p>\n<p>La base espacial Pituffik, anteriormente Thule Air Base, ha sido durante mucho tiempo una ubicaci\u00f3n estrat\u00e9gica para los sistemas de detecci\u00f3n y seguimiento de misiles. Es operado por la Fuerza Espacial de EE. UU. Y desempe\u00f1a un papel fundamental en la misi\u00f3n del Comando de Defensa Aeroespacial de Am\u00e9rica del Norte (NORAD).<\/p>\n<p><strong>Hegseth ordena la revisi\u00f3n del ej\u00e9rcito y la consolidaci\u00f3n destinada a contrarrestar las capacidades de China y Golden Dome<\/strong><\/p>\n<div class=\"image-ct inline\">\n<div class=\"m\"><picture><source media=\"(max-width: 767px)\" srcset=\"https:\/\/a57.foxnews.com\/static.foxnews.com\/foxnews.com\/content\/uploads\/2025\/06\/343\/192\/donald-trump-air-force-one-reporters2.jpg?ve=1&amp;tl=1, https:\/\/a57.foxnews.com\/static.foxnews.com\/foxnews.com\/content\/uploads\/2025\/06\/686\/384\/donald-trump-air-force-one-reporters2.jpg?ve=1&amp;tl=1 2x\" height=\"192\" width=\"343\"><source media=\"(min-width: 768px) and (max-width: 1023px)\" srcset=\"https:\/\/a57.foxnews.com\/static.foxnews.com\/foxnews.com\/content\/uploads\/2025\/06\/672\/378\/donald-trump-air-force-one-reporters2.jpg?ve=1&amp;tl=1, https:\/\/a57.foxnews.com\/static.foxnews.com\/foxnews.com\/content\/uploads\/2025\/06\/1344\/756\/donald-trump-air-force-one-reporters2.jpg?ve=1&amp;tl=1 2x\" height=\"378\" width=\"672\"><source media=\"(min-width: 1024px) and (max-width: 1279px)\" srcset=\"https:\/\/a57.foxnews.com\/static.foxnews.com\/foxnews.com\/content\/uploads\/2025\/06\/931\/523\/donald-trump-air-force-one-reporters2.jpg?ve=1&amp;tl=1, https:\/\/a57.foxnews.com\/static.foxnews.com\/foxnews.com\/content\/uploads\/2025\/06\/1862\/1046\/donald-trump-air-force-one-reporters2.jpg?ve=1&amp;tl=1 2x\" height=\"523\" width=\"931\"><source media=\"(min-width: 1280px)\" srcset=\"https:\/\/a57.foxnews.com\/static.foxnews.com\/foxnews.com\/content\/uploads\/2025\/06\/720\/405\/donald-trump-air-force-one-reporters2.jpg?ve=1&amp;tl=1, https:\/\/a57.foxnews.com\/static.foxnews.com\/foxnews.com\/content\/uploads\/2025\/06\/1440\/810\/donald-trump-air-force-one-reporters2.jpg?ve=1&amp;tl=1 2x\" height=\"405\" width=\"720\"><img loading=\"lazy\" decoding=\"async\" src=\"https:\/\/a57.foxnews.com\/static.foxnews.com\/foxnews.com\/content\/uploads\/2025\/06\/1200\/675\/donald-trump-air-force-one-reporters2.jpg?ve=1&amp;tl=1\" alt=\"Donald Trump en Blue Tie Hablando con los periodistas a bordo de Air Force One\" width=\"1200\" height=\"675\"\/><\/source><\/source><\/source><\/source><\/picture><\/div>\n<div class=\"info\">\n<div class=\"caption\">\n<p><span>El presidente Trump cambi\u00f3 el mando de la base de Groenlandia en un movimiento estrat\u00e9gico a medida que Rusia y China se interesan m\u00e1s en la regi\u00f3n del \u00c1rtico.<\/span> <span>(AP Photo\/Mark Schiefelbein)<\/span><\/p>\n<\/div>\n<\/div>\n<\/div>\n<p>Aunque el cambio marca un cambio claro en la supervisi\u00f3n estrat\u00e9gica, las indicaciones iniciales sugieren que el impacto ser\u00e1 principalmente administrativo. No se esperan interrupciones operativas importantes, seg\u00fan un funcionario de defensa estadounidense familiarizado con la transici\u00f3n.<\/p>\n<p>Seg\u00fan el Plan de Comando Unificado (UCP), que revisa el Departamento de Defensa cada dos a\u00f1os o seg\u00fan sea necesario, los comandos combatientes se reeval\u00faan para garantizar que los recursos y la estructura correctos est\u00e9n en su lugar para defender los intereses estadounidenses en todo el mundo.<\/p>\n<p><strong>Haga clic aqu\u00ed para obtener la aplicaci\u00f3n Fox News<\/strong><\/p>\n<p>\u00abA medida que el Instalaci\u00f3n del Departamento de Defensa m\u00e1s septentrional, la Base Espacial de Pituffik contin\u00faa proporcionando advertencia clave de misiles, defensa de los misiles y misiones de vigilancia espacial que apoyan la defensa de la patria y la superioridad espacial\u00bb, escribi\u00f3 un portavoz de la Fuerza Espacial de los Estados Unidos a Fox News Digital.<\/p>\n<p> <!----> <\/p>\n<div class=\"article-meta\">\n<div class=\"author-bio\">\n<p>Jasmine es escritor de Fox News Digital y un c\u00f3nyuge militar con sede en Nueva Orleans. Las historias se pueden enviar a jasmine.baehr@fox.com<\/p>\n<\/div>\n<\/div>\n<\/div>\n\n","protected":false},"excerpt":{"rendered":"<p>NUEVO\u00a1Ahora puedes escuchar art\u00edculos de Fox News! En un movimiento estrat\u00e9gico, el presidente Donald Trump orden\u00f3 que Groenlandia sea transferido del Comando Europeo de los Estados Unidos al Comando del Norte de los Estados Unidos, apretando el control de Estados Unidos sobre la defensa del \u00c1rtico en un momento de creciente conflicto global. El Pent\u00e1gono &hellip;<\/p>\n","protected":false},"author":1,"featured_media":32117,"comment_status":"open","ping_status":"open","sticky":false,"template":"","format":"standard","meta":{"fifu_image_url":"https:\/\/static.foxnews.com\/foxnews.com\/content\/uploads\/2025\/06\/pituffik-space-base.jpg","fifu_image_alt":"","footnotes":""},"categories":[13],"tags":[],"class_list":["post-32115","post","type-post","status-publish","format-standard","has-post-thumbnail","","category-mundo"],"_links":{"self":[{"href":"https:\/\/noticiasveraces.com\/index.php?rest_route=\/wp\/v2\/posts\/32115","targetHints":{"allow":["GET"]}}],"collection":[{"href":"https:\/\/noticiasveraces.com\/index.php?rest_route=\/wp\/v2\/posts"}],"about":[{"href":"https:\/\/noticiasveraces.com\/index.php?rest_route=\/wp\/v2\/types\/post"}],"author":[{"embeddable":true,"href":"https:\/\/noticiasveraces.com\/index.php?rest_route=\/wp\/v2\/users\/1"}],"replies":[{"embeddable":true,"href":"https:\/\/noticiasveraces.com\/index.php?rest_route=%2Fwp%2Fv2%2Fcomments&post=32115"}],"version-history":[{"count":0,"href":"https:\/\/noticiasveraces.com\/index.php?rest_route=\/wp\/v2\/posts\/32115\/revisions"}],"wp:featuredmedia":[{"embeddable":true,"href":"https:\/\/noticiasveraces.com\/index.php?rest_route=\/wp\/v2\/media\/32117"}],"wp:attachment":[{"href":"https:\/\/noticiasveraces.com\/index.php?rest_route=%2Fwp%2Fv2%2Fmedia&parent=32115"}],"wp:term":[{"taxonomy":"category","embeddable":true,"href":"https:\/\/noticiasveraces.com\/index.php?rest_route=%2Fwp%2Fv2%2Fcategories&post=32115"},{"taxonomy":"post_tag","embeddable":true,"href":"https:\/\/noticiasveraces.com\/index.php?rest_route=%2Fwp%2Fv2%2Ftags&post=32115"}],"curies":[{"name":"wp","href":"https:\/\/api.w.org\/{rel}","templated":true}]}}