{"id":32107,"date":"2025-06-17T18:45:15","date_gmt":"2025-06-17T22:45:15","guid":{"rendered":"https:\/\/noticiasveraces.com\/?p=32107"},"modified":"2025-06-17T18:45:15","modified_gmt":"2025-06-17T22:45:15","slug":"los-iranies-describen-el-miedo-y-la-confusion-cuando-los-ataques-aereos-israelies-llegaron-a-teheran","status":"publish","type":"post","link":"https:\/\/noticiasveraces.com\/?p=32107","title":{"rendered":"Los iran\u00edes describen el miedo y la confusi\u00f3n cuando los ataques a\u00e9reos israel\u00edes llegaron a Teher\u00e1n"},"content":{"rendered":"<p> \n<\/p>\n<div>\n<div id=\"beyondwords-wrapper\" class=\"beyondwords-wrapper\">\n<p><span class=\"label-bg\">NUEVO<\/span>\u00a1Ahora puedes escuchar art\u00edculos de Fox News!\n  <\/p>\n<\/div>\n<p class=\"speakable\">Mientras los ataques a\u00e9reos israel\u00edes golpearon a Teher\u00e1n esta semana, incluido un \u00e9xito directo en la sede de televisi\u00f3n estatal de Ir\u00e1n, los residentes de la capital describieron una ciudad atrapada por el miedo y la confusi\u00f3n.<\/p>\n<p class=\"speakable\">En comentarios exclusivos de Fox News Digital, un periodista independiente con sede en Teher\u00e1n, que retuvo su nombre por temor a represalias, dijo: \u00abOdio la Rep\u00fablica Isl\u00e1mica, pero mi pa\u00eds est\u00e1 bajo ataque. Nuestra casa estaba temblando de las explosiones y misiles hace una hora mientras estaba en el sal\u00f3n cubriendo la noticia. Estamos en una zona de guerra\u00bb.<\/p>\n<p>Seg\u00fan el periodista, el ataque israel\u00ed sobre el compuesto de transmisi\u00f3n de la Rep\u00fablica Isl\u00e1mica de Ir\u00e1n (IRIB) golpe\u00f3 duro, f\u00edsica y simb\u00f3licamente.<\/p>\n<p><strong>La Guerra de Israel-Ir\u00e1n le pide a Trump a abandonar el G7 Summit temprano<\/strong><\/p>\n<div class=\"image-ct inline\">\n<div class=\"m\"><picture><source media=\"(max-width: 767px)\" srcset=\"https:\/\/a57.foxnews.com\/static.foxnews.com\/foxnews.com\/content\/uploads\/2021\/03\/343\/192\/Tehran.jpg?ve=1&amp;tl=1, https:\/\/a57.foxnews.com\/static.foxnews.com\/foxnews.com\/content\/uploads\/2021\/03\/686\/384\/Tehran.jpg?ve=1&amp;tl=1 2x\" height=\"192\" width=\"343\"><source media=\"(min-width: 768px) and (max-width: 1023px)\" srcset=\"https:\/\/a57.foxnews.com\/static.foxnews.com\/foxnews.com\/content\/uploads\/2021\/03\/672\/378\/Tehran.jpg?ve=1&amp;tl=1, https:\/\/a57.foxnews.com\/static.foxnews.com\/foxnews.com\/content\/uploads\/2021\/03\/1344\/756\/Tehran.jpg?ve=1&amp;tl=1 2x\" height=\"378\" width=\"672\"><source media=\"(min-width: 1024px) and (max-width: 1279px)\" srcset=\"https:\/\/a57.foxnews.com\/static.foxnews.com\/foxnews.com\/content\/uploads\/2021\/03\/931\/523\/Tehran.jpg?ve=1&amp;tl=1, https:\/\/a57.foxnews.com\/static.foxnews.com\/foxnews.com\/content\/uploads\/2021\/03\/1862\/1046\/Tehran.jpg?ve=1&amp;tl=1 2x\" height=\"523\" width=\"931\"><source media=\"(min-width: 1280px)\" srcset=\"https:\/\/a57.foxnews.com\/static.foxnews.com\/foxnews.com\/content\/uploads\/2021\/03\/720\/405\/Tehran.jpg?ve=1&amp;tl=1, https:\/\/a57.foxnews.com\/static.foxnews.com\/foxnews.com\/content\/uploads\/2021\/03\/1440\/810\/Tehran.jpg?ve=1&amp;tl=1 2x\" height=\"405\" width=\"720\"><img loading=\"lazy\" decoding=\"async\" src=\"https:\/\/a57.foxnews.com\/static.foxnews.com\/foxnews.com\/content\/uploads\/2021\/03\/1200\/675\/Tehran.jpg?ve=1&amp;tl=1\" alt=\"Ir\u00e1n Teher\u00e1n Siamak Oraci\u00f3n\" width=\"1200\" height=\"675\"\/><\/source><\/source><\/source><\/source><\/picture><\/div>\n<div class=\"info\">\n<div class=\"caption\">\n<p><span>Agitando la bandera de Ir\u00e1n sobre el horizonte de Teher\u00e1n al atardecer. <\/span> <span>(Istock)<\/span><\/p>\n<\/div>\n<\/div>\n<\/div>\n<p>\u00abEl estudio que fue bombardeado ayer es parte de la emisora \u200b\u200bestatal del r\u00e9gimen, una boquilla de propaganda que nunca ha representado a la gente. Durante a\u00f1os, imaginamos la ca\u00edda de Irib como el cap\u00edtulo final en el colapso de la Rep\u00fablica Isl\u00e1mica. Pero ayer, durante unos minutos, todos estuvimos en shock\u00bb, dijeron. \u00abLa gente com\u00fan no mira la televisi\u00f3n del r\u00e9gimen, pero el ataque contra TI se sinti\u00f3 extra\u00f1amente simb\u00f3lico, como el mundo estaba cambiando\u00bb.<\/p>\n<p>Otro periodista iran\u00ed independiente agreg\u00f3 ir\u00f3nicamente: \u00abHe visto el video de la estaci\u00f3n de televisi\u00f3n que se bombardeaba mientras estaba en el aire una y otra vez, y no pude dejar de re\u00edr\u00bb.<\/p>\n<div class=\"image-ct inline\">\n<div class=\"m\"><picture><source media=\"(max-width: 767px)\" srcset=\"https:\/\/a57.foxnews.com\/static.foxnews.com\/foxnews.com\/content\/uploads\/2025\/06\/343\/192\/iran-state-tv-hit-by-reported-israeli-airstrike.jpg?ve=1&amp;tl=1, https:\/\/a57.foxnews.com\/static.foxnews.com\/foxnews.com\/content\/uploads\/2025\/06\/686\/384\/iran-state-tv-hit-by-reported-israeli-airstrike.jpg?ve=1&amp;tl=1 2x\" height=\"192\" width=\"343\"><source media=\"(min-width: 768px) and (max-width: 1023px)\" srcset=\"https:\/\/a57.foxnews.com\/static.foxnews.com\/foxnews.com\/content\/uploads\/2025\/06\/672\/378\/iran-state-tv-hit-by-reported-israeli-airstrike.jpg?ve=1&amp;tl=1, https:\/\/a57.foxnews.com\/static.foxnews.com\/foxnews.com\/content\/uploads\/2025\/06\/1344\/756\/iran-state-tv-hit-by-reported-israeli-airstrike.jpg?ve=1&amp;tl=1 2x\" height=\"378\" width=\"672\"><source media=\"(min-width: 1024px) and (max-width: 1279px)\" srcset=\"https:\/\/a57.foxnews.com\/static.foxnews.com\/foxnews.com\/content\/uploads\/2025\/06\/931\/523\/iran-state-tv-hit-by-reported-israeli-airstrike.jpg?ve=1&amp;tl=1, https:\/\/a57.foxnews.com\/static.foxnews.com\/foxnews.com\/content\/uploads\/2025\/06\/1862\/1046\/iran-state-tv-hit-by-reported-israeli-airstrike.jpg?ve=1&amp;tl=1 2x\" height=\"523\" width=\"931\"><source media=\"(min-width: 1280px)\" srcset=\"https:\/\/a57.foxnews.com\/static.foxnews.com\/foxnews.com\/content\/uploads\/2025\/06\/720\/405\/iran-state-tv-hit-by-reported-israeli-airstrike.jpg?ve=1&amp;tl=1, https:\/\/a57.foxnews.com\/static.foxnews.com\/foxnews.com\/content\/uploads\/2025\/06\/1440\/810\/iran-state-tv-hit-by-reported-israeli-airstrike.jpg?ve=1&amp;tl=1 2x\" height=\"405\" width=\"720\"><img loading=\"lazy\" decoding=\"async\" src=\"https:\/\/a57.foxnews.com\/static.foxnews.com\/foxnews.com\/content\/uploads\/2025\/06\/1200\/675\/iran-state-tv-hit-by-reported-israeli-airstrike.jpg?ve=1&amp;tl=1\" alt=\"El edificio que alberga la televisi\u00f3n estatal de Ir\u00e1n en Teher\u00e1n fue golpeado por un ataque a\u00e9reo israel\u00ed el lunes, inform\u00f3 la agencia de noticias estatal de Ir\u00e1n.\" width=\"1200\" height=\"675\"\/><\/source><\/source><\/source><\/source><\/picture><\/div>\n<div class=\"info\">\n<div class=\"caption\">\n<p><span>Un misil golpe\u00f3 la Red de Noticias de la Rep\u00fablica Isl\u00e1mica de Ir\u00e1n (IRINN) durante una transmisi\u00f3n en vivo que muestra la destrucci\u00f3n del estudio y el reportero que escap\u00f3 a un lugar seguro.<\/span> <span>(Jaap Arriens\/Nurphoto a trav\u00e9s de Getty Images)<\/span><\/p>\n<\/div>\n<\/div>\n<\/div>\n<p>A pesar del caos, periodistas como ellos todav\u00eda est\u00e1n tratando de informar. \u00abNo sabemos el n\u00famero exacto de v\u00edctimas, e incluso los n\u00fameros del gobierno no son confiables. No podemos acceder a los sitios de ataque: las fuerzas de seguridad nos alejan. Y la represi\u00f3n contra los reporteros solo ha empeorado\u00bb.<\/p>\n<p>El acceso a Internet se ha cortado en gran medida. \u00abLa mayor\u00eda de las veces, Internet no funciona en absoluto\u00bb, agregaron. \u00abPero tratamos de seguir adelante\u00bb.<\/p>\n<p>Otro residente de Teher\u00e1n le dijo a Fox News Digital que solo se enteraron de la escala de los ataques despu\u00e9s de recuperar brevemente el acceso a Internet. \u00abMe estaba escondiendo durante el bombardeo. No ten\u00eda idea de lo que estaba sucediendo. \u00bfHa intervenido Estados Unidos? \u00bfEsto va a continuar?\u00bb Preguntaron.<\/p>\n<p><strong>Dentro de la guerra secreta de Israel en Ir\u00e1n: comandos del Mossad, drones ocultos y la huelga que sorprendi\u00f3 a Teher\u00e1n<\/strong><\/p>\n<div class=\"image-ct inline\">\n<div class=\"m\"><picture><source media=\"(max-width: 767px)\" srcset=\"https:\/\/a57.foxnews.com\/static.foxnews.com\/foxnews.com\/content\/uploads\/2025\/06\/343\/192\/tehran-strike-3.jpg?ve=1&amp;tl=1, https:\/\/a57.foxnews.com\/static.foxnews.com\/foxnews.com\/content\/uploads\/2025\/06\/686\/384\/tehran-strike-3.jpg?ve=1&amp;tl=1 2x\" height=\"192\" width=\"343\"><source media=\"(min-width: 768px) and (max-width: 1023px)\" srcset=\"https:\/\/a57.foxnews.com\/static.foxnews.com\/foxnews.com\/content\/uploads\/2025\/06\/672\/378\/tehran-strike-3.jpg?ve=1&amp;tl=1, https:\/\/a57.foxnews.com\/static.foxnews.com\/foxnews.com\/content\/uploads\/2025\/06\/1344\/756\/tehran-strike-3.jpg?ve=1&amp;tl=1 2x\" height=\"378\" width=\"672\"><source media=\"(min-width: 1024px) and (max-width: 1279px)\" srcset=\"https:\/\/a57.foxnews.com\/static.foxnews.com\/foxnews.com\/content\/uploads\/2025\/06\/931\/523\/tehran-strike-3.jpg?ve=1&amp;tl=1, https:\/\/a57.foxnews.com\/static.foxnews.com\/foxnews.com\/content\/uploads\/2025\/06\/1862\/1046\/tehran-strike-3.jpg?ve=1&amp;tl=1 2x\" height=\"523\" width=\"931\"><source media=\"(min-width: 1280px)\" srcset=\"https:\/\/a57.foxnews.com\/static.foxnews.com\/foxnews.com\/content\/uploads\/2025\/06\/720\/405\/tehran-strike-3.jpg?ve=1&amp;tl=1, https:\/\/a57.foxnews.com\/static.foxnews.com\/foxnews.com\/content\/uploads\/2025\/06\/1440\/810\/tehran-strike-3.jpg?ve=1&amp;tl=1 2x\" height=\"405\" width=\"720\"><img loading=\"lazy\" decoding=\"async\" src=\"https:\/\/a57.foxnews.com\/static.foxnews.com\/foxnews.com\/content\/uploads\/2025\/06\/1200\/675\/tehran-strike-3.jpg?ve=1&amp;tl=1\" alt=\"Israel golpea en Teher\u00e1n\" width=\"1200\" height=\"675\"\/><\/source><\/source><\/source><\/source><\/picture><\/div>\n<div class=\"info\">\n<div class=\"caption\">\n<p><span>La gente se re\u00fane en la calle despu\u00e9s de las huelgas israel\u00edes, en Teher\u00e1n, Ir\u00e1n, 13 de junio de 2025. <\/span> <span>(Agencia de noticias de Asia Occidental a trav\u00e9s de Reuters)<\/span><\/p>\n<\/div>\n<\/div>\n<\/div>\n<p>La confusi\u00f3n se produce cuando Washington debate si se une al conflicto militarmente o persigue una resoluci\u00f3n diplom\u00e1tica con Teher\u00e1n. Seg\u00fan los informes, algunos en la administraci\u00f3n Trump favorecen un acuerdo para evitar una mayor escalada, mientras que otros abogan por una postura m\u00e1s contundente.<\/p>\n<p>Mientras tanto, el mensaje del presidente Trump aparentemente fue visto por los iran\u00edes cuando inst\u00f3 a los civiles a evacuar a Teher\u00e1n. En Truth Social ayer, \u00ab\u00a1Ir\u00e1n no puede tener un arma nuclear. \u00a1Lo dije una y otra vez! \u00a1Todos deber\u00edan evacuar de inmediato a Teher\u00e1n!\u00bb<\/p>\n<p>Seg\u00fan los informes, el resultado fue r\u00e1pido, lo que result\u00f3 en un \u00e9xodo de masa de la capital. \u00abLa gente est\u00e1 aterrorizada\u00bb, dijo un residente de Teher\u00e1n. \u00abEst\u00e1n bloqueando sus puertas y huyendo de la ciudad. Las carreteras est\u00e1n llenas. Pero para aquellos de nosotros que nos quedamos, tampoco es f\u00e1cil. Toda la noche, escuchamos misiles, bombardeos, explosiones\u00bb.<\/p>\n<p>\u00abNo quiero salir de mi casa. Pero s\u00ed, tengo miedo\u00bb, agregaron.<\/p>\n<div class=\"image-ct inline\">\n<div class=\"m\"><picture><source media=\"(max-width: 767px)\" srcset=\"https:\/\/a57.foxnews.com\/static.foxnews.com\/foxnews.com\/content\/uploads\/2022\/10\/343\/192\/6dce1422-AP22300525689723.jpg?ve=1&amp;tl=1, https:\/\/a57.foxnews.com\/static.foxnews.com\/foxnews.com\/content\/uploads\/2022\/10\/686\/384\/6dce1422-AP22300525689723.jpg?ve=1&amp;tl=1 2x\" height=\"192\" width=\"343\"><source media=\"(min-width: 768px) and (max-width: 1023px)\" srcset=\"https:\/\/a57.foxnews.com\/static.foxnews.com\/foxnews.com\/content\/uploads\/2022\/10\/672\/378\/6dce1422-AP22300525689723.jpg?ve=1&amp;tl=1, https:\/\/a57.foxnews.com\/static.foxnews.com\/foxnews.com\/content\/uploads\/2022\/10\/1344\/756\/6dce1422-AP22300525689723.jpg?ve=1&amp;tl=1 2x\" height=\"378\" width=\"672\"><source media=\"(min-width: 1024px) and (max-width: 1279px)\" srcset=\"https:\/\/a57.foxnews.com\/static.foxnews.com\/foxnews.com\/content\/uploads\/2022\/10\/931\/523\/6dce1422-AP22300525689723.jpg?ve=1&amp;tl=1, https:\/\/a57.foxnews.com\/static.foxnews.com\/foxnews.com\/content\/uploads\/2022\/10\/1862\/1046\/6dce1422-AP22300525689723.jpg?ve=1&amp;tl=1 2x\" height=\"523\" width=\"931\"><source media=\"(min-width: 1280px)\" srcset=\"https:\/\/a57.foxnews.com\/static.foxnews.com\/foxnews.com\/content\/uploads\/2022\/10\/720\/405\/6dce1422-AP22300525689723.jpg?ve=1&amp;tl=1, https:\/\/a57.foxnews.com\/static.foxnews.com\/foxnews.com\/content\/uploads\/2022\/10\/1440\/810\/6dce1422-AP22300525689723.jpg?ve=1&amp;tl=1 2x\" height=\"405\" width=\"720\"><img loading=\"lazy\" decoding=\"async\" src=\"https:\/\/a57.foxnews.com\/static.foxnews.com\/foxnews.com\/content\/uploads\/2022\/10\/1200\/675\/6dce1422-AP22300525689723.jpg?ve=1&amp;tl=1\" alt=\"Foto del levantamiento del campus en Ir\u00e1n\" width=\"1200\" height=\"675\"\/><\/source><\/source><\/source><\/source><\/picture><\/div>\n<div class=\"info\">\n<div class=\"caption\">\n<p><span>ARCHIVO. Los iran\u00edes se levantaron en 2022 contra el r\u00e9gimen. En esta foto tomada por un individuo no empleado por Associated Press y obtenido por el AP fuera de Ir\u00e1n muestra a los estudiantes de la Universidad Tecnol\u00f3gica de Sharif que asisten a una protesta provocada por la muerte de Mahsa Amini, de 22 a\u00f1os, bajo la custodia de la polic\u00eda de moralidad del pa\u00eds, en Teher\u00e1n, viernes 7 de octubre de 2022. <\/span> <span>(Foto AP)<\/span><\/p>\n<\/div>\n<\/div>\n<\/div>\n<p><strong>Haga clic aqu\u00ed para obtener la aplicaci\u00f3n Fox News<\/strong><\/p>\n<p>Tambi\u00e9n respondieron al primer ministro israel\u00ed Benjamin Netanyahu, quien el lunes inst\u00f3 al lunes a iran\u00edes a levantarse, diciendo: \u00abNadie pens\u00f3 que el r\u00e9gimen de Assad caer\u00eda, pero lo hizo\u00bb.<\/p>\n<p>\u00ab\u00bfEst\u00e1s bombardeando una ciudad de diez millones y diciendo a la gente que se levante?\u00bb Agrega: \u00abCuando las personas est\u00e1n bajo fuego, no comienzan una revoluci\u00f3n, se refugian o huyen\u00bb.<\/p>\n<p> <!----> <\/p>\n<div class=\"article-meta\">\n<div class=\"author-bio\">\n<p>Efrat Lachter es un reportero de investigaci\u00f3n y corresponsal de guerra. Su trabajo la ha llevado a 40 pa\u00edses, incluidos Ucrania, Rusia, Irak, Siria, Sud\u00e1n y Afganist\u00e1n. Recibi\u00f3 la Comunidad para el Periodismo 2024 Knight-Wallace para periodismo. Lachter se puede seguir en x @efratlachter.<\/p>\n<\/div>\n<\/div>\n<\/div>\n\n","protected":false},"excerpt":{"rendered":"<p>NUEVO\u00a1Ahora puedes escuchar art\u00edculos de Fox News! Mientras los ataques a\u00e9reos israel\u00edes golpearon a Teher\u00e1n esta semana, incluido un \u00e9xito directo en la sede de televisi\u00f3n estatal de Ir\u00e1n, los residentes de la capital describieron una ciudad atrapada por el miedo y la confusi\u00f3n. En comentarios exclusivos de Fox News Digital, un periodista independiente con &hellip;<\/p>\n","protected":false},"author":1,"featured_media":32109,"comment_status":"open","ping_status":"open","sticky":false,"template":"","format":"standard","meta":{"fifu_image_url":"https:\/\/static.foxnews.com\/foxnews.com\/content\/uploads\/2025\/06\/tehran-smoke-plume.jpg","fifu_image_alt":"","footnotes":""},"categories":[13],"tags":[],"class_list":["post-32107","post","type-post","status-publish","format-standard","has-post-thumbnail","","category-mundo"],"_links":{"self":[{"href":"https:\/\/noticiasveraces.com\/index.php?rest_route=\/wp\/v2\/posts\/32107","targetHints":{"allow":["GET"]}}],"collection":[{"href":"https:\/\/noticiasveraces.com\/index.php?rest_route=\/wp\/v2\/posts"}],"about":[{"href":"https:\/\/noticiasveraces.com\/index.php?rest_route=\/wp\/v2\/types\/post"}],"author":[{"embeddable":true,"href":"https:\/\/noticiasveraces.com\/index.php?rest_route=\/wp\/v2\/users\/1"}],"replies":[{"embeddable":true,"href":"https:\/\/noticiasveraces.com\/index.php?rest_route=%2Fwp%2Fv2%2Fcomments&post=32107"}],"version-history":[{"count":0,"href":"https:\/\/noticiasveraces.com\/index.php?rest_route=\/wp\/v2\/posts\/32107\/revisions"}],"wp:featuredmedia":[{"embeddable":true,"href":"https:\/\/noticiasveraces.com\/index.php?rest_route=\/wp\/v2\/media\/32109"}],"wp:attachment":[{"href":"https:\/\/noticiasveraces.com\/index.php?rest_route=%2Fwp%2Fv2%2Fmedia&parent=32107"}],"wp:term":[{"taxonomy":"category","embeddable":true,"href":"https:\/\/noticiasveraces.com\/index.php?rest_route=%2Fwp%2Fv2%2Fcategories&post=32107"},{"taxonomy":"post_tag","embeddable":true,"href":"https:\/\/noticiasveraces.com\/index.php?rest_route=%2Fwp%2Fv2%2Ftags&post=32107"}],"curies":[{"name":"wp","href":"https:\/\/api.w.org\/{rel}","templated":true}]}}