{"id":32095,"date":"2025-06-17T15:38:49","date_gmt":"2025-06-17T19:38:49","guid":{"rendered":"https:\/\/noticiasveraces.com\/?p=32095"},"modified":"2025-06-17T15:38:49","modified_gmt":"2025-06-17T19:38:49","slug":"apagon-de-abril-en-espana-tuvo-causas-multifactoriales-dw-17-06-2025","status":"publish","type":"post","link":"https:\/\/noticiasveraces.com\/?p=32095","title":{"rendered":"Apag\u00f3n de abril en Espa\u00f1a tuvo causas multifactoriales \u2013 DW \u2013 17\/06\/2025"},"content":{"rendered":"<p> \n<\/p>\n<div>\n<p>El apag\u00f3n que dej\u00f3 a oscuras a Espa\u00f1a y Portugal el pasado 28 de abril fue causado por \u00abun fen\u00f3meno de sobretensiones\u00bb en la red, que gener\u00f3 \u00abuna reacci\u00f3n en cadena\u00bb imparable, seg\u00fan un informe del Gobierno espa\u00f1ol hecho p\u00fablico este martes (17.06.2025). \u00abEl apag\u00f3n tuvo un origen multifactorial\u201d, explic\u00f3 la ministra de Transici\u00f3n Ecol\u00f3gica, Sara Aagesen, en conferencia de prensa.<\/p>\n<p>La ministra detall\u00f3 que hubo varios factores que desembocaron en esa situaci\u00f3n, una de ellas, que los grupos de generaci\u00f3n cuya conexi\u00f3n hab\u00eda ordenado el operador el\u00e9ctrico espa\u00f1ol para dar m\u00e1s seguridad al sistema no controlaron de forma adecuada la tensi\u00f3n que se gener\u00f3 antes del incidente. \u00abEl sistema no dispon\u00eda de suficiente capacidad de control de tensi\u00f3n din\u00e1mica\u00bb y algunas empresas desconectaron sus centrales \u00abde manera indebida (&#8230;) para proteger a sus instalaciones\u00bb.<\/p>\n<p>Esa incapacidad de regular la tensi\u00f3n pudo producirse por \u00abvarios motivos, bien por una mala planificaci\u00f3n, pero tambi\u00e9n bien porque distintos operadores no la estuviesen regulando conforme a norma\u00bb, a\u00f1adi\u00f3 la ministra, insistiendo en el hecho de que Espa\u00f1a dispone en teor\u00eda de una red lo suficientemente s\u00f3lida para afrontar este tipo de situaciones.<\/p>\n<h2>M\u00e1s investigaciones<\/h2>\n<p>En su intervenci\u00f3n, en la que expuso las conclusiones del informe elaborado por el comit\u00e9 creado por el Gobierno, Aagesen insisti\u00f3 que si bien el apag\u00f3n tuvo causas multifactoriales, ninguna estuvo vinculada con alg\u00fan tipo de ciberataque. \u00abS\u00ed se han identificado vulnerabilidades, carencias o malas configuraciones de medidas de seguridad que s\u00ed pueden exponer las redes o los sistemas a potenciales riesgos futuros\u00bb, apunt\u00f3.<\/p>\n<p>Aagesen a\u00f1adi\u00f3 que el informe \u00abno es ning\u00fan juicio\u00bb y que har\u00e1n falta m\u00e1s investigaciones para identificar las \u00abresponsabilidades\u00bb de cada qui\u00e9n. El gran apag\u00f3n sumi\u00f3 en la oscuridad a ciudades de Espa\u00f1a y Portugal, adem\u00e1s de afectar brevemente al suroeste de Francia, y cort\u00f3 las conexiones a internet y telef\u00f3nicas, dejando a los ciudadanos dependiendo totalmente de la radio para saber qu\u00e9 ocurr\u00eda.<\/p>\n<p>DZC (EFE, AFP)<\/p>\n<\/div>\n\n","protected":false},"excerpt":{"rendered":"<p>El apag\u00f3n que dej\u00f3 a oscuras a Espa\u00f1a y Portugal el pasado 28 de abril fue causado por \u00abun fen\u00f3meno de sobretensiones\u00bb en la red, que gener\u00f3 \u00abuna reacci\u00f3n en cadena\u00bb imparable, seg\u00fan un informe del Gobierno espa\u00f1ol hecho p\u00fablico este martes (17.06.2025). \u00abEl apag\u00f3n tuvo un origen multifactorial\u201d, explic\u00f3 la ministra de Transici\u00f3n Ecol\u00f3gica, &hellip;<\/p>\n","protected":false},"author":1,"featured_media":32096,"comment_status":"open","ping_status":"open","sticky":false,"template":"","format":"standard","meta":{"fifu_image_url":"https:\/\/static.dw.com\/image\/72384131_6.jpg","fifu_image_alt":"","footnotes":""},"categories":[13],"tags":[],"class_list":["post-32095","post","type-post","status-publish","format-standard","has-post-thumbnail","","category-mundo"],"_links":{"self":[{"href":"https:\/\/noticiasveraces.com\/index.php?rest_route=\/wp\/v2\/posts\/32095","targetHints":{"allow":["GET"]}}],"collection":[{"href":"https:\/\/noticiasveraces.com\/index.php?rest_route=\/wp\/v2\/posts"}],"about":[{"href":"https:\/\/noticiasveraces.com\/index.php?rest_route=\/wp\/v2\/types\/post"}],"author":[{"embeddable":true,"href":"https:\/\/noticiasveraces.com\/index.php?rest_route=\/wp\/v2\/users\/1"}],"replies":[{"embeddable":true,"href":"https:\/\/noticiasveraces.com\/index.php?rest_route=%2Fwp%2Fv2%2Fcomments&post=32095"}],"version-history":[{"count":0,"href":"https:\/\/noticiasveraces.com\/index.php?rest_route=\/wp\/v2\/posts\/32095\/revisions"}],"wp:featuredmedia":[{"embeddable":true,"href":"https:\/\/noticiasveraces.com\/index.php?rest_route=\/wp\/v2\/media\/32096"}],"wp:attachment":[{"href":"https:\/\/noticiasveraces.com\/index.php?rest_route=%2Fwp%2Fv2%2Fmedia&parent=32095"}],"wp:term":[{"taxonomy":"category","embeddable":true,"href":"https:\/\/noticiasveraces.com\/index.php?rest_route=%2Fwp%2Fv2%2Fcategories&post=32095"},{"taxonomy":"post_tag","embeddable":true,"href":"https:\/\/noticiasveraces.com\/index.php?rest_route=%2Fwp%2Fv2%2Ftags&post=32095"}],"curies":[{"name":"wp","href":"https:\/\/api.w.org\/{rel}","templated":true}]}}