{"id":32065,"date":"2025-06-17T11:33:26","date_gmt":"2025-06-17T15:33:26","guid":{"rendered":"https:\/\/noticiasveraces.com\/?p=32065"},"modified":"2025-06-17T11:33:26","modified_gmt":"2025-06-17T15:33:26","slug":"rebajan-la-condena-al-ex-primer-ministro-frances-fillon-dw-17-06-2025","status":"publish","type":"post","link":"https:\/\/noticiasveraces.com\/?p=32065","title":{"rendered":"Rebajan la condena al ex primer ministro franc\u00e9s Fillon \u2013 DW \u2013 17\/06\/2025"},"content":{"rendered":"<p> \n<\/p>\n<div>\n<p>La Justicia francesa rebaj\u00f3 este martes (17.06.2025) en apelaci\u00f3n la pena contra el ex primer ministro franc\u00e9s Fran\u00e7ois Fillon, retir\u00e1ndole un a\u00f1o de c\u00e1rcel en firme en el llamado caso de los empleos ficticios, por los que su esposa estuvo contratada como asistente parlamentaria sin ejercer ese puesto.<\/p>\n<p>Se trata de \u00abuna decisi\u00f3n que, despu\u00e9s de algunos a\u00f1os, pone las cosas en su lugar. No hay prisi\u00f3n en firme, ni brazalete electr\u00f3nico. Fran\u00e7ois Fillon es un hombre libre\u00bb, manifest\u00f3 tras la audiencia en Par\u00eds el abogado del pol\u00edtico, Antonin L\u00e9vy. El exdirigente conservador no acudi\u00f3 a la lectura de la sentencia.<\/p>\n<h2>Un caso que trunc\u00f3 sus aspiraciones presidenciales<\/h2>\n<p>La Corte de Apelaci\u00f3n de Par\u00eds conden\u00f3 al antiguo dirigente a cuatro a\u00f1os de c\u00e1rcel, pero exentos de cumplimiento. Rebaja as\u00ed la condena anterior a cinco a\u00f1os de prisi\u00f3n. La instancia judicial rebaj\u00f3 tambi\u00e9n los a\u00f1os de inhabilitaci\u00f3n, hasta cinco, pero mantuvo la multa de 375.000 euros por varios delitos, en particular por malversaci\u00f3n de fondos p\u00fablicos. En total, el antiguo jefe de Gobierno tendr\u00e1 que devolver 800.000 euros, seg\u00fan el tribunal.<\/p>\n<p>Fillon, primer ministro de Francia bajo el mandato de Nicolas Sarkozy (2007-2012), vio sus aspiraciones a ganar las presidenciales francesas de 2017 truncadas por el estallido del caso de los empleos ficticios cuatro meses antes de las elecciones de aquel a\u00f1o, en las que qued\u00f3 eliminado en la primera vuelta.<\/p>\n<p>Este juicio no analiz\u00f3 las condenas ya en firme a Pen\u00e9lope (dos a\u00f1os de prisi\u00f3n exentos de cumplimiento) y a Marc Joulaud (tres a\u00f1os exentos de cumplimiento), diputado al que Fillon cedi\u00f3 su circunscripci\u00f3n cuando se convirti\u00f3 en el ministro de Asuntos Sociales de Jacques Chirac y que tambi\u00e9n la contrat\u00f3 entre 2002 y 2007. M\u00e1s recientemente, Marine Le Pen ha sido tambi\u00e9n condenada por un caso similar, aunque con los puestos de asistente en el Parlamento Europeo.<\/p>\n<p>LGC (EFE, AFP)<\/p>\n<\/div>\n\n","protected":false},"excerpt":{"rendered":"<p>La Justicia francesa rebaj\u00f3 este martes (17.06.2025) en apelaci\u00f3n la pena contra el ex primer ministro franc\u00e9s Fran\u00e7ois Fillon, retir\u00e1ndole un a\u00f1o de c\u00e1rcel en firme en el llamado caso de los empleos ficticios, por los que su esposa estuvo contratada como asistente parlamentaria sin ejercer ese puesto. Se trata de \u00abuna decisi\u00f3n que, despu\u00e9s &hellip;<\/p>\n","protected":false},"author":1,"featured_media":32066,"comment_status":"open","ping_status":"open","sticky":false,"template":"","format":"standard","meta":{"fifu_image_url":"https:\/\/static.dw.com\/image\/52729154_6.jpg","fifu_image_alt":"","footnotes":""},"categories":[13],"tags":[],"class_list":["post-32065","post","type-post","status-publish","format-standard","has-post-thumbnail","","category-mundo"],"_links":{"self":[{"href":"https:\/\/noticiasveraces.com\/index.php?rest_route=\/wp\/v2\/posts\/32065","targetHints":{"allow":["GET"]}}],"collection":[{"href":"https:\/\/noticiasveraces.com\/index.php?rest_route=\/wp\/v2\/posts"}],"about":[{"href":"https:\/\/noticiasveraces.com\/index.php?rest_route=\/wp\/v2\/types\/post"}],"author":[{"embeddable":true,"href":"https:\/\/noticiasveraces.com\/index.php?rest_route=\/wp\/v2\/users\/1"}],"replies":[{"embeddable":true,"href":"https:\/\/noticiasveraces.com\/index.php?rest_route=%2Fwp%2Fv2%2Fcomments&post=32065"}],"version-history":[{"count":0,"href":"https:\/\/noticiasveraces.com\/index.php?rest_route=\/wp\/v2\/posts\/32065\/revisions"}],"wp:featuredmedia":[{"embeddable":true,"href":"https:\/\/noticiasveraces.com\/index.php?rest_route=\/wp\/v2\/media\/32066"}],"wp:attachment":[{"href":"https:\/\/noticiasveraces.com\/index.php?rest_route=%2Fwp%2Fv2%2Fmedia&parent=32065"}],"wp:term":[{"taxonomy":"category","embeddable":true,"href":"https:\/\/noticiasveraces.com\/index.php?rest_route=%2Fwp%2Fv2%2Fcategories&post=32065"},{"taxonomy":"post_tag","embeddable":true,"href":"https:\/\/noticiasveraces.com\/index.php?rest_route=%2Fwp%2Fv2%2Ftags&post=32065"}],"curies":[{"name":"wp","href":"https:\/\/api.w.org\/{rel}","templated":true}]}}