{"id":32042,"date":"2025-06-17T06:40:43","date_gmt":"2025-06-17T10:40:43","guid":{"rendered":"https:\/\/noticiasveraces.com\/?p=32042"},"modified":"2025-06-17T06:40:43","modified_gmt":"2025-06-17T10:40:43","slug":"la-primera-leche-enriquecida-con-colageno-para-la-movilidad-y-la-salud-articular-sociedad","status":"publish","type":"post","link":"https:\/\/noticiasveraces.com\/?p=32042","title":{"rendered":"La primera leche enriquecida con col\u00e1geno para la movilidad y la salud articular | Sociedad"},"content":{"rendered":"<p> \n<\/p>\n<div data-dtm-region=\"articulo_cuerpo\">\n<p class=\"\">Los complementos alimenticios han ganado popularidad en el mercado de la salud y el bienestar. En Espa\u00f1a su consumo ha crecido significativamente, con un incremento anual cercano al 9%, seg\u00fan un informe de 2024 de la consultora farmac\u00e9utica IQVIA. Pero no solo est\u00e1n presentes en farmacias y dentro de c\u00e1psulas: ahora tambi\u00e9n pueden encontrarse en un producto de consumo diario como es la leche. De hecho, Puleva Vita Calcio integra en un solo envase varios nutrientes que ayudan a la salud humana.<\/p>\n<p class=\"\">Este producto ofrece una respuesta innovadora, pr\u00e1ctica y natural a esta demanda. En su f\u00f3rmula incluye vitamina C, calcio, prote\u00edna y magnesio, que contribuyen a nutrir los huesos y los m\u00fasculos, y vitamina B12, que ayuda a reducir la fatiga y el cansancio. Adem\u00e1s, a\u00f1ade col\u00e1geno, que juega un papel importante en la salud articular.<\/p>\n<blockquote class=\"a_q\">\n<p>El consumo de complementos alimenticios en Espa\u00f1a ha crecido cerca de un 9% anual, seg\u00fan un informe de 2024 de la consultora IQVIA<\/p>\n<\/blockquote>\n<p class=\"\">El col\u00e1geno, crucial para el organismo, representa entre el 30% y el 35% de su contenido prote\u00ednico, seg\u00fan la Real Academia Nacional de Medicina de Espa\u00f1a. Con la edad aumenta la degradaci\u00f3n del col\u00e1geno de nuestras articulaciones, por lo que un<b> <\/b>consumo extra puede ayudar a mantener una buena salud articular. Ante una poblaci\u00f3n de cada vez m\u00e1s avanzada edad, aumenta tambi\u00e9n la preocupaci\u00f3n general por integrar en la dieta esta prote\u00edna que forma parte de nuestras articulaciones. De hecho, un estudio de la ONG MDP Foundation en colaboraci\u00f3n con Nielsen y Sanofi Pasteur MSD, extrajo que el 68% de las personas mayores de 50 a\u00f1os teme sufrir problemas de movilidad en el futuro. <\/p>\n<figure class=\"a_m a_m-h \"><span class=\"_db a_m_w _pr lb_btn\"><img alt=\"Puleva Vita Calcio integra en un solo envase varios nutrientes que ayudan a la salud humana.\" decoding=\"auto\" class=\"_re lazyload a_m-h\" height=\"257\" srcset=\"https:\/\/imagenes.elpais.com\/resizer\/v2\/UXNPNPG34FGJTGE4CSI36CNACA.png?auth=4df1e5c5f6e7c6888fe134bc7c9b4caec2981afe68de2c1acd06c1ddb2ef820d&amp;width=414 414w,https:\/\/imagenes.elpais.com\/resizer\/v2\/UXNPNPG34FGJTGE4CSI36CNACA.png?auth=4df1e5c5f6e7c6888fe134bc7c9b4caec2981afe68de2c1acd06c1ddb2ef820d&amp;width=828 640w,https:\/\/imagenes.elpais.com\/resizer\/v2\/UXNPNPG34FGJTGE4CSI36CNACA.png?auth=4df1e5c5f6e7c6888fe134bc7c9b4caec2981afe68de2c1acd06c1ddb2ef820d&amp;width=980 1000w,https:\/\/imagenes.elpais.com\/resizer\/v2\/UXNPNPG34FGJTGE4CSI36CNACA.png?auth=4df1e5c5f6e7c6888fe134bc7c9b4caec2981afe68de2c1acd06c1ddb2ef820d&amp;width=1960 1960w\" width=\"414\" sizes=\"auto, (min-width:1199px) 1155px,(min-width:1001px) calc(100vw - 44px),(min-width:768px) 767px, 100vw\" src=\"https:\/\/imagenes.elpais.com\/resizer\/v2\/UXNPNPG34FGJTGE4CSI36CNACA.png?auth=4df1e5c5f6e7c6888fe134bc7c9b4caec2981afe68de2c1acd06c1ddb2ef820d&amp;width=414\" loading=\"lazy\"\/><svg aria-hidden=\"true\" class=\"icon_multimedia_ampliar | _pa a_m_i a_m_i-a _dn\" viewbox=\"0 0 40 40\"><use xlink:href=\"#svg-ampliar\"\/><\/svg><\/span><figcaption class=\"a_m_p\" aria-hidden=\"true\"><span>Puleva Vita Calcio integra en un solo envase varios nutrientes que ayudan a la salud humana.<\/span><\/figcaption><\/figure>\n<p class=\"\">Opciones tan al alcance del consumidor como Puleva Vita Calcio, disponibles en la compra diaria de cualquier persona, ayudan a integrar estos componentes imprescindibles para la salud de los mayores. En general, la leche ha sido reconocida como b\u00e1sica en la dieta humana, y aporta nutrientes esenciales como prote\u00ednas de alto valor biol\u00f3gico, calcio, magnesio y vitaminas A y D.<\/p>\n<blockquote class=\"a_q\">\n<p>Puleva Vita Calcio integra en un solo envase vitamina C, calcio, prote\u00edna, magnesio, vitamina B12 y col\u00e1geno<\/p>\n<\/blockquote>\n<p class=\"\">Adem\u00e1s, por sus caracter\u00edsticas fisicoqu\u00edmicas y por su alta penetraci\u00f3n en hogares y en la restauraci\u00f3n colectiva y comercial, esta bebida permite aumentar la ingesta de determinados elementos que no est\u00e1n presentes en la dieta espa\u00f1ola en las cantidades recomendadas. Esto ha dado lugar al desarrollo de leches adaptadas a las necesidades nutricionales de cada grupo de poblaci\u00f3n, seg\u00fan se concluye en el informe<i> Leche: veh\u00edculo de salud,<\/i> realizado por la Fundaci\u00f3n Espa\u00f1ola de la Nutrici\u00f3n y la Fundaci\u00f3n Iberoamericana de Nutrici\u00f3n.<\/p>\n<h2 class=\"\"><b>Innovaci\u00f3n desde hace m\u00e1s de 30 a\u00f1os<\/b><\/h2>\n<p class=\"\">Puleva ya dio sus primeros pasos hacia productos que integren componentes para la salud en 1992, cuando revolucion\u00f3 el mercado con el lanzamiento de su leche enriquecida con calcio. Desde entonces, la compa\u00f1\u00eda ha apostado continuamente por la innovaci\u00f3n en l\u00edneas l\u00e1cteas funcionales. En 2023, la gama Puleva Vita Calcio reforz\u00f3 su compromiso con la salud \u00f3sea y muscular con una nueva f\u00f3rmula mejorada y un posicionamiento centrado en el movimiento. Actualmente, la categor\u00eda calcio sigue siendo uno de los segmentos de leches enriquecidas de mayor tama\u00f1o en Espa\u00f1a, con una creciente demanda impulsada por personas consumidoras preocupadas por la salud \u00f3sea y articular. <\/p>\n<p class=\"\">La fama de Puleva, marca granadina con m\u00e1s de 65 a\u00f1os, se debe a esa mirada atenta a las necesidades de sus clientes y a su \u00e1rea de alta especializaci\u00f3n en I+D+i. Incluso se ha posicionado como una de las 12 firmas m\u00e1s elegidas en Espa\u00f1a, seg\u00fan el estudio Kantar Brand Footprint. <\/p>\n<h2 class=\"\"><b>Confianza que llega a millones de hogares<\/b><\/h2>\n<p class=\"\">Puleva forma parte de Lactalis Espa\u00f1a, l\u00edder del sector l\u00e1cteo en el pa\u00eds y presente en m\u00e1s de 12 millones de hogares a trav\u00e9s de marcas l\u00edderes en diferentes categor\u00edas como leche, batidos, quesos, yogures y postres l\u00e1cteos, natas o mantequillas, entre otras. En el caso de Puleva, ha sido reconocida como la 9\u00aa marca m\u00e1s elegida en gran consumo, seg\u00fan el informe Kantar Brand Footprint, gracias a su capacidad para ofrecer soluciones alineadas con las necesidades reales de los consumidores. Con el lanzamiento de Puleva Vita Calcio con Col\u00e1geno, la marca reafirma su vocaci\u00f3n de seguir innovando para contribuir a una mejor salud a trav\u00e9s de la alimentaci\u00f3n.<\/p>\n<\/div>\n\n","protected":false},"excerpt":{"rendered":"<p>Los complementos alimenticios han ganado popularidad en el mercado de la salud y el bienestar. En Espa\u00f1a su consumo ha crecido significativamente, con un incremento anual cercano al 9%, seg\u00fan un informe de 2024 de la consultora farmac\u00e9utica IQVIA. Pero no solo est\u00e1n presentes en farmacias y dentro de c\u00e1psulas: ahora tambi\u00e9n pueden encontrarse en &hellip;<\/p>\n","protected":false},"author":1,"featured_media":32043,"comment_status":"open","ping_status":"open","sticky":false,"template":"","format":"standard","meta":{"fifu_image_url":"https:\/\/imagenes.elpais.com\/resizer\/v2\/MGDRGLVMGRANPLF6EFAOVJHJBQ.jpg?auth=829cfd3a58d49ec8cd45161f780c44157c0142b89408f27fb928d66f93208b8c&width=1200","fifu_image_alt":"","footnotes":""},"categories":[11],"tags":[],"class_list":["post-32042","post","type-post","status-publish","format-standard","has-post-thumbnail","","category-viaje"],"_links":{"self":[{"href":"https:\/\/noticiasveraces.com\/index.php?rest_route=\/wp\/v2\/posts\/32042","targetHints":{"allow":["GET"]}}],"collection":[{"href":"https:\/\/noticiasveraces.com\/index.php?rest_route=\/wp\/v2\/posts"}],"about":[{"href":"https:\/\/noticiasveraces.com\/index.php?rest_route=\/wp\/v2\/types\/post"}],"author":[{"embeddable":true,"href":"https:\/\/noticiasveraces.com\/index.php?rest_route=\/wp\/v2\/users\/1"}],"replies":[{"embeddable":true,"href":"https:\/\/noticiasveraces.com\/index.php?rest_route=%2Fwp%2Fv2%2Fcomments&post=32042"}],"version-history":[{"count":0,"href":"https:\/\/noticiasveraces.com\/index.php?rest_route=\/wp\/v2\/posts\/32042\/revisions"}],"wp:featuredmedia":[{"embeddable":true,"href":"https:\/\/noticiasveraces.com\/index.php?rest_route=\/wp\/v2\/media\/32043"}],"wp:attachment":[{"href":"https:\/\/noticiasveraces.com\/index.php?rest_route=%2Fwp%2Fv2%2Fmedia&parent=32042"}],"wp:term":[{"taxonomy":"category","embeddable":true,"href":"https:\/\/noticiasveraces.com\/index.php?rest_route=%2Fwp%2Fv2%2Fcategories&post=32042"},{"taxonomy":"post_tag","embeddable":true,"href":"https:\/\/noticiasveraces.com\/index.php?rest_route=%2Fwp%2Fv2%2Ftags&post=32042"}],"curies":[{"name":"wp","href":"https:\/\/api.w.org\/{rel}","templated":true}]}}