{"id":31996,"date":"2025-06-16T21:10:17","date_gmt":"2025-06-17T01:10:17","guid":{"rendered":"https:\/\/noticiasveraces.com\/?p=31996"},"modified":"2025-06-16T21:10:17","modified_gmt":"2025-06-17T01:10:17","slug":"trump-y-carney-acuerdan-acelerar-negociaciones-comerciales-dw-17-06-2025","status":"publish","type":"post","link":"https:\/\/noticiasveraces.com\/?p=31996","title":{"rendered":"Trump y Carney acuerdan acelerar negociaciones comerciales \u2013 DW \u2013 17\/06\/2025"},"content":{"rendered":"<p> \n<\/p>\n<div>\n<p>El presidente de Estados Unidos, Donald Trump, y el primer ministro de Canad\u00e1, Mark Carney, acordaron llegar a un acuerdo comercial en un plazo de 30 d\u00edas, tras mantener una reuni\u00f3n bilateral el lunes (16.06.2025) en la Cumbre del G7 que se celebra en la localidad canadiense de Kananaskis.<\/p>\n<p>Seg\u00fan inform\u00f3 la Oficina del Primer Ministro canadiense, durante su reuni\u00f3n \u00ababordaron las presiones comerciales inmediatas y las prioridades para los trabajadores y las empresas de ambos pa\u00edses\u00bb.<\/p>\n<p>Trump y Carney tambi\u00e9n hablaron sobre las negociaciones que los dos pa\u00edses mantienen desde hace semanas para llegar a un nuevo acuerdo arancelario.<\/p>\n<p>\u00abEn este sentido, ambos l\u00edderes acordaron que haya negociaciones con el objetivo de alcanzar un acuerdo en los pr\u00f3ximos 30 d\u00edas\u00bb, afirm\u00f3 el texto.<\/p>\n<h2>Minerales, armas y drogas<\/h2>\n<p>Adem\u00e1s, durante el encuentro trataron los minerales cr\u00edticos, el tr\u00e1fico de armas y drogas, los estupefacientes ilegales y la seguridad fronteriza junto con posibles \u00e1reas de cooperaci\u00f3n en materia de defensa.<\/p>\n<p>Tras llegar al poder en abril de este a\u00f1o, Carney declar\u00f3 que la tradicional relaci\u00f3n econ\u00f3mica y de seguridad entre Canad\u00e1 y EE.UU. se hab\u00eda acabado a ra\u00edz de las declaraciones de Trump en las que este expresaba sus deseos de anexionar a Canad\u00e1.<\/p>\n<p>El v\u00ednculo tambi\u00e9n se ha visto perjudicado por los aranceles que EE.UU. ha impuesto a las importaciones canadienses.<\/p>\n<p>Desde entonces, el gobierno canadiense ha mantenido intensas conversaciones con Washington, as\u00ed como sus aliados europeos, para transformar sus relaciones comerciales y de defensa.<\/p>\n<p>GS (EFE, AFP)<\/p>\n<\/div>\n\n","protected":false},"excerpt":{"rendered":"<p>El presidente de Estados Unidos, Donald Trump, y el primer ministro de Canad\u00e1, Mark Carney, acordaron llegar a un acuerdo comercial en un plazo de 30 d\u00edas, tras mantener una reuni\u00f3n bilateral el lunes (16.06.2025) en la Cumbre del G7 que se celebra en la localidad canadiense de Kananaskis. Seg\u00fan inform\u00f3 la Oficina del Primer &hellip;<\/p>\n","protected":false},"author":1,"featured_media":31997,"comment_status":"open","ping_status":"open","sticky":false,"template":"","format":"standard","meta":{"fifu_image_url":"https:\/\/static.dw.com\/image\/72936787_6.jpg","fifu_image_alt":"","footnotes":""},"categories":[13],"tags":[],"class_list":["post-31996","post","type-post","status-publish","format-standard","has-post-thumbnail","","category-mundo"],"_links":{"self":[{"href":"https:\/\/noticiasveraces.com\/index.php?rest_route=\/wp\/v2\/posts\/31996","targetHints":{"allow":["GET"]}}],"collection":[{"href":"https:\/\/noticiasveraces.com\/index.php?rest_route=\/wp\/v2\/posts"}],"about":[{"href":"https:\/\/noticiasveraces.com\/index.php?rest_route=\/wp\/v2\/types\/post"}],"author":[{"embeddable":true,"href":"https:\/\/noticiasveraces.com\/index.php?rest_route=\/wp\/v2\/users\/1"}],"replies":[{"embeddable":true,"href":"https:\/\/noticiasveraces.com\/index.php?rest_route=%2Fwp%2Fv2%2Fcomments&post=31996"}],"version-history":[{"count":0,"href":"https:\/\/noticiasveraces.com\/index.php?rest_route=\/wp\/v2\/posts\/31996\/revisions"}],"wp:featuredmedia":[{"embeddable":true,"href":"https:\/\/noticiasveraces.com\/index.php?rest_route=\/wp\/v2\/media\/31997"}],"wp:attachment":[{"href":"https:\/\/noticiasveraces.com\/index.php?rest_route=%2Fwp%2Fv2%2Fmedia&parent=31996"}],"wp:term":[{"taxonomy":"category","embeddable":true,"href":"https:\/\/noticiasveraces.com\/index.php?rest_route=%2Fwp%2Fv2%2Fcategories&post=31996"},{"taxonomy":"post_tag","embeddable":true,"href":"https:\/\/noticiasveraces.com\/index.php?rest_route=%2Fwp%2Fv2%2Ftags&post=31996"}],"curies":[{"name":"wp","href":"https:\/\/api.w.org\/{rel}","templated":true}]}}